{"id":128850,"date":"2025-09-21T05:07:07","date_gmt":"2025-09-21T05:07:07","guid":{"rendered":"https:\/\/www.europesays.com\/es\/128850\/"},"modified":"2025-09-21T05:07:07","modified_gmt":"2025-09-21T05:07:07","slug":"previa-de-la-prueba-contrarreloj","status":"publish","type":"post","link":"https:\/\/www.europesays.com\/es\/128850\/","title":{"rendered":"Previa de la prueba contrarreloj"},"content":{"rendered":"<p>La gran fiesta del ciclismo de selecciones desembarca en \u00c1frica para deleite de la poblaci\u00f3n de Ruanda. Este domingo, 21 de septiembre, los gallos del ciclismo mundial se medir\u00e1n por primera vez en la prueba contrarreloj.<\/p>\n<p>El belga <strong>Remco Evenepoel llega como favorito absoluto<\/strong> despu\u00e9s de ganar el maillot arco\u00edris de la especialidad en las dos \u00faltimas ediciones, 2023 y 2024. El campeon\u00edsimo belga se apunt\u00f3 tambi\u00e9n la crono de los Juegos Ol\u00edmpicos en Par\u00eds 2024.<\/p>\n<p>Este a\u00f1o el recorrido no se ajusta tanto a las caracter\u00edsticas de un especialista puro como Remco, son 40,6 kil\u00f3metros con m\u00e1s de 600 metros de desnivel y eso ofrece opciones a corredores que asimilen mejor la monta\u00f1a.<\/p>\n<p>Ante esto, todas las miradas viran hacia Tadej Pogacar. El esloveno llega a Ruanda con el objetivo claro de revalidar su triunfo en la prueba en ruta que consiguiera el a\u00f1o pasado en Suiza. Por el camino, siete d\u00edas antes, afronta la prueba contrarreloj como <strong>\u00fanico representante de Eslovenia \u2014Roglic competir\u00e1 solo en la ruta\u2014<\/strong>.<\/p>\n<p>Jonas Vingegaard o Joao Almeida podr\u00edan ser tambi\u00e9n candidatos en un circuito con ese relieve, pero ambos ser\u00e1n ausentes en la cita de Kigali 2025. <\/p>\n<p>Un escal\u00f3n por debajo se sit\u00faan una serie de corredores capaces de dar la sorpresa en caso de un error de los dos grandes favoritos: Isaac del Toro, Jay Vine, Luke Plapp, Stefan Kung, Bruno Almirail, Thymen Arensman y el espa\u00f1ol <strong>Iv\u00e1n Romeo<\/strong>.<\/p>\n<p>El ciclista vallisoletano es el vigente campe\u00f3n del mundo sub-23 de la especialidad y llega motivado a la cita de Ruanda. Lleva varios d\u00edas aclimat\u00e1ndose a Kigali y aspira a subirse al podio: \u00abSi me sale la crono que tengo en mente, puedo estar muy adelante\u00bb.<\/p>\n<p>Junto a \u00e9l, defendiendo el maillot espa\u00f1ol, estar\u00e1 <strong>Ra\u00fal Garc\u00eda Pierna<\/strong>. El ciclista madrile\u00f1o, campe\u00f3n de Espa\u00f1a de la especialidad en 2022 y bronce en 2023 y 2024, llega justo de preparaci\u00f3n despu\u00e9s de abandonar la Vuelta a Espa\u00f1a por culpa de una ca\u00edda.<\/p>\n<p>Una de las atracciones ser\u00e1 ver el desempe\u00f1o del jovenc\u00edsimo franc\u00e9s Paul Seixas, una de las mayores promesas del ciclismo mundial.<\/p>\n<p>Recorrido de la prueba contrarreloj masculina de los Mundiales de ciclismo 2025. Domingo a las 14:35h. en Teledeporte y RTVE Play\u00a0RTVE.es<\/p>\n<p>Una crono con hasta cuatro ascensiones<\/p>\n<p>El trazado de la contrarreloj de Kigali no es de los habituales. Se trata de una prueba de <strong>casi 41 km (40,6) y casi 700 metros de desnivel positivo acumulado<\/strong>. <\/p>\n<p>Se suben la <strong>Cote de Nyanza<\/strong>, que aparece en dos variantes: 2,5 km al 5,8% y otra m\u00e1s larga de 6,6 km al 3,5%. En la parte final se suben la <strong>Cote de Peage<\/strong> (2 km al 6%) y la <strong>Cote de Kimihurura<\/strong> (1,3 km al 6,3%). <\/p>\n<p>El vencedor tendr\u00e1 que saber adaptarse a los cambios de ritmo y tendr\u00e1 mucho peso la forma de trazar las cerradas curvas del circuito ruand\u00e9s. <\/p>\n<p>31,2 kil\u00f3metros y tres ascensiones en la prueba femenina<\/p>\n<p>Chlo\u00e9 Dygert y Demi Vollering parten como las dos grandes favoritas para la prueba contrarreloj femenina. Mireia Benito ser\u00e1 la representante del ciclismo espa\u00f1ol.<\/p>\n<p>El trazado dise\u00f1ado en Kigali es similar al de los hombres, aunque con menos kil\u00f3metros y menos ascensiones: 31,2 kil\u00f3metros y unos 500 metros de desnivel positivo. <\/p>\n<p>Al no ser una prueba llana, influir\u00e1 en gran medida el estado de forma de las competidoras. La C\u00f4te de Nyanza, como en la masculina, se ascender\u00e1 dos veces por dos vertientes diferentes: 2,4 kil\u00f3metros al 6% y 6,6 kil\u00f3metros al 3,5%. <\/p>\n<p>Los \u00faltimos kil\u00f3metros ser\u00e1n decisivos. La ascensi\u00f3n a la C\u00f4te de Kimihurura, un muro adoquinado de 1,3 kil\u00f3metros al 5,9%, situado cerca de meta ser\u00e1 clave.<\/p>\n","protected":false},"excerpt":{"rendered":"La gran fiesta del ciclismo de selecciones desembarca en \u00c1frica para deleite de la poblaci\u00f3n de Ruanda. Este&hellip;\n","protected":false},"author":2,"featured_media":128851,"comment_status":"","ping_status":"","sticky":false,"template":"","format":"standard","meta":{"footnotes":""},"categories":[273],"tags":[313,312,168,25,24,23,167],"class_list":{"0":"post-128850","1":"post","2":"type-post","3":"status-publish","4":"format-standard","5":"has-post-thumbnail","7":"category-ciclismo","8":"tag-ciclismo","9":"tag-cycling","10":"tag-deportes","11":"tag-es","12":"tag-espana","13":"tag-spain","14":"tag-sports"},"share_on_mastodon":{"url":"","error":""},"_links":{"self":[{"href":"https:\/\/www.europesays.com\/es\/wp-json\/wp\/v2\/posts\/128850","targetHints":{"allow":["GET"]}}],"collection":[{"href":"https:\/\/www.europesays.com\/es\/wp-json\/wp\/v2\/posts"}],"about":[{"href":"https:\/\/www.europesays.com\/es\/wp-json\/wp\/v2\/types\/post"}],"author":[{"embeddable":true,"href":"https:\/\/www.europesays.com\/es\/wp-json\/wp\/v2\/users\/2"}],"replies":[{"embeddable":true,"href":"https:\/\/www.europesays.com\/es\/wp-json\/wp\/v2\/comments?post=128850"}],"version-history":[{"count":0,"href":"https:\/\/www.europesays.com\/es\/wp-json\/wp\/v2\/posts\/128850\/revisions"}],"wp:featuredmedia":[{"embeddable":true,"href":"https:\/\/www.europesays.com\/es\/wp-json\/wp\/v2\/media\/128851"}],"wp:attachment":[{"href":"https:\/\/www.europesays.com\/es\/wp-json\/wp\/v2\/media?parent=128850"}],"wp:term":[{"taxonomy":"category","embeddable":true,"href":"https:\/\/www.europesays.com\/es\/wp-json\/wp\/v2\/categories?post=128850"},{"taxonomy":"post_tag","embeddable":true,"href":"https:\/\/www.europesays.com\/es\/wp-json\/wp\/v2\/tags?post=128850"}],"curies":[{"name":"wp","href":"https:\/\/api.w.org\/{rel}","templated":true}]}}