{"id":128854,"date":"2025-09-21T05:10:07","date_gmt":"2025-09-21T05:10:07","guid":{"rendered":"https:\/\/www.europesays.com\/es\/128854\/"},"modified":"2025-09-21T05:10:07","modified_gmt":"2025-09-21T05:10:07","slug":"cronica-almeria-2-1-sporting-escandalo-arbitral-en-la-derrota-sportinguista-la-voz-de-asturias","status":"publish","type":"post","link":"https:\/\/www.europesays.com\/es\/128854\/","title":{"rendered":"Cr\u00f3nica Almer\u00eda 2-1 Sporting: Esc\u00e1ndalo arbitral en la derrota sportinguista &#8211; La Voz de Asturias"},"content":{"rendered":"<ol>\n<li><a href=\"https:\/\/news.google.com\/rss\/articles\/CBMi8AFBVV95cUxNcjZmY0VFSS12Y1lId3VCeGNiT0JTdzhfcUdXVXljYzY0cGZGaFNYeGlxNEhPSVRDOWNBcU14Ti14RDFkQ2R5NHBwR1FwVFZiZUYzRVdUY3hjNTlSLXlJcUxKU3dCUFVxN0xXNTktcUptNXJJTjNuUFozWGFFTmhDRXVCRmhhLV84VWstR2NDS2ZwcUNZUWw2d2pRcW5qUzd5SzBEZFZZMS1wcEJyMWV6TTZzTWpsc2pWSnJzYlJOTTJVZ3FRbk90dXFtWjdDTDJnaFctQ0ltTzRUTGxwRFFYR2FhVTl0akZXSDdFYURHQVHSAYwCQVVfeXFMTkFEdi1DUU45cUJfSjR2cDFUeG0xMDVuaU1jZTlLR21zT3ZaUlBVMmNlSlUxM0dVZElrdHpIVGtIVTZDVjREa052Tm0wOUpjdF9SblBnU1E1b1ZzZDVuZXdoLW95bFFFeC14WkNKVTEtbWdqRzhTbHBKdXJWNlpFTDFRUjZLWi1lZEo5bENIZnFqREl2TXpNaEZHVERMSjh2dHlUc2ktOUd2MEVnSzdVU3UzMDM5VF85MXZNUEdVZ1ZCdVdIUmRZME90Vy1mYlQ0enp3ZUFBd09oaEFjVElJQTJqZmtsLS1JSmlqOXY2TU5XMkhWZzVhT1Y5MTI3NGNYVW5pZ0VtVG41T3p2RA?oc=5\" target=\"_blank\" rel=\"nofollow noopener\">Cr\u00f3nica Almer\u00eda 2-1 Sporting: Esc\u00e1ndalo arbitral en la derrota sportinguista<\/a>&nbsp;&nbsp;La Voz de Asturias<\/li>\n<li><a href=\"https:\/\/news.google.com\/rss\/articles\/CBMiwgFBVV95cUxPNXZsVHhIMzhrQkd0Nk1udWJRd2ZIa3VhNXJmS3AzNWpzeVA2bnpvR1BLSlFpdEZSUmstX21lc0dGT09FX2tHaWdOZjhPVlFJNU5zVTAtS0FqM0xUQnBhdDVPY1hGUUNLcDVmenllemswdWcyQzhjZDFoVEl5WnBVSWZnbF95b1RVRWF3ckVFYWYxSnRZRThLNW5OZ29DblBYSUJWRDd6dHRSSi1RUnRFTXVDWXA0T3U2anZFb2NGUEdTUdIBwgFBVV95cUxQeTFaUktLbVB5eEFvNGtJQzlFZlJ4eVNwN0RrRHlYYkp0SjhBTUp6dWFpSk1wLVBiRVFUVTdHUlZZR2d2ZmVaNDdSV0Z1b1FsUjZ3cXo2aGdBQlBOcjBmWFBFaTFvMUJaazR6TGZwUzhVXzVaUXJqYjhHWVUtZ1Q3MlFvRUY2T3h4SG4wMndFREV2SkFwT2ZjR29XTVVJaGNmUS00OWNaTXhTYi1EeUFNWHlmR2dIdVpUNng0NjFFdlUtQQ?oc=5\" target=\"_blank\" rel=\"nofollow noopener\">Almer\u00eda &#8211; Sporting en directo<\/a>&nbsp;&nbsp;El Mundo<\/li>\n<li><a href=\"https:\/\/news.google.com\/rss\/articles\/CBMikAFBVV95cUxQQmg1LXdHUG9ObDR3bGYwenp4cU1DQnQwenlBMkFOM1M1X0VYRkVVTnMwelFMWVVJOW90YzBwTXp0OWdud0xpQVNyTkNRYk1zc25nbVNacTExRXU1Qi0tS2N1RUIyLXZ2c1ZyWEM4QVRtMGZqM0hvZEJEQnhVMU1RTG94UUtlTTl3S3pBVnBDZ0HSAaQBQVVfeXFMUEVBTjI5ZF9sTko4TmZEQTJhZWQ3am1zei13RnVTXzZBTTRLM192OUdHcExSRmxzV3dna0hEN0VVNVhhYnBwY0hZQWpwYTJEYWFTaUQ4ZURCb1BpZ2hkcnIzVHhEZFZlejhDRXlGR2stUzFLVld3Mkx5SVRfMGw3N25jUVd4YmVZSzM4LUkyRGR0SEdqSEx1cDhhY1ByVzZCUUQ2WlM?oc=5\" target=\"_blank\" rel=\"nofollow noopener\">Garitano: \u201cFastidiados por irnos sin puntos y por los expulsados\u201d<\/a>&nbsp;&nbsp;Diario AS<\/li>\n<li><a href=\"https:\/\/news.google.com\/rss\/articles\/CBMingFBVV95cUxPU1d5QWVWNHdZNFVta3V4Wkl0c2lqeFJNQXl5Tmpsb216ZGF5YmRQc1NPTkZhWmFESnNiUjd1OUM2VUFzMVdEV3M3MHdHMkplTzFGczBXSUhXamJvRldRNTJ0ckFWMURnbzJGYW55Z0NSMXllbTd4MVhnd0ZYVmxHUmJpczJNQVpHbm1xeS1NLU50cklQZkhiZF9tQWNqZ9IBsgFBVV95cUxOUE1qekZPaXZSa2F5X3VUME5NcE5lM1hsamtHUGZ3QmFNTi0xbi0tV2QybGZaWjFCZUFuVTB6QlVhZnJlV3BsVWI4S0tKd3VZS2JvcTRJeWcxZXprQkhBdFh6WlhEcVBySDFwS3ZHemREYXJTNmxzdklhRXlnd0wwbm9TQzVCQXBPeFY4Z1JpTTVlMjJ1MTBlSTQxeE5YMlZ5UWI3MFV1Z0JtVUxsWm1KaG5n?oc=5\" target=\"_blank\" rel=\"nofollow noopener\">Rubi: \u201cTodos nos quitamos un peso de encima\u201d<\/a>&nbsp;&nbsp;Cadena SER<\/li>\n<li><a href=\"https:\/\/news.google.com\/rss\/articles\/CBMigAFBVV95cUxNdG5BNDh5NmNTQzl2N3lUZnNHbGtFTEJ3S3E1U05sbGlldEswd2Q0eTY0d3JKa19ZQldsbnQyTFR4WXgwV3ZrVk82YjRzYndGWFVXc3c1bUNmMl8xd254QnptcF9nR0I4dHYzdmF2QUZpNnhjRmxxdHMtX1luZkRkeQ?oc=5\" target=\"_blank\" rel=\"nofollow noopener\">\u201cQue las derrotas nos hagan dudar cero\u201d<\/a>&nbsp;&nbsp;Real Sporting<\/li>\n<\/ol>\n","protected":false},"excerpt":{"rendered":"Cr\u00f3nica Almer\u00eda 2-1 Sporting: Esc\u00e1ndalo arbitral en la derrota sportinguista&nbsp;&nbsp;La Voz de Asturias Almer\u00eda &#8211; Sporting en directo&nbsp;&nbsp;El&hellip;\n","protected":false},"author":2,"featured_media":128855,"comment_status":"","ping_status":"","sticky":false,"template":"","format":"standard","meta":{"footnotes":""},"categories":[268],"tags":[168,25,24,280,282,281,23,4783,167],"class_list":{"0":"post-128854","1":"post","2":"type-post","3":"status-publish","4":"format-standard","5":"has-post-thumbnail","7":"category-futbol","8":"tag-deportes","9":"tag-es","10":"tag-espana","11":"tag-football","12":"tag-futbol","13":"tag-soccer","14":"tag-spain","15":"tag-sporting-de-gijon","16":"tag-sports"},"share_on_mastodon":{"url":"","error":""},"_links":{"self":[{"href":"https:\/\/www.europesays.com\/es\/wp-json\/wp\/v2\/posts\/128854","targetHints":{"allow":["GET"]}}],"collection":[{"href":"https:\/\/www.europesays.com\/es\/wp-json\/wp\/v2\/posts"}],"about":[{"href":"https:\/\/www.europesays.com\/es\/wp-json\/wp\/v2\/types\/post"}],"author":[{"embeddable":true,"href":"https:\/\/www.europesays.com\/es\/wp-json\/wp\/v2\/users\/2"}],"replies":[{"embeddable":true,"href":"https:\/\/www.europesays.com\/es\/wp-json\/wp\/v2\/comments?post=128854"}],"version-history":[{"count":0,"href":"https:\/\/www.europesays.com\/es\/wp-json\/wp\/v2\/posts\/128854\/revisions"}],"wp:featuredmedia":[{"embeddable":true,"href":"https:\/\/www.europesays.com\/es\/wp-json\/wp\/v2\/media\/128855"}],"wp:attachment":[{"href":"https:\/\/www.europesays.com\/es\/wp-json\/wp\/v2\/media?parent=128854"}],"wp:term":[{"taxonomy":"category","embeddable":true,"href":"https:\/\/www.europesays.com\/es\/wp-json\/wp\/v2\/categories?post=128854"},{"taxonomy":"post_tag","embeddable":true,"href":"https:\/\/www.europesays.com\/es\/wp-json\/wp\/v2\/tags?post=128854"}],"curies":[{"name":"wp","href":"https:\/\/api.w.org\/{rel}","templated":true}]}}