{"id":128856,"date":"2025-09-21T05:11:13","date_gmt":"2025-09-21T05:11:13","guid":{"rendered":"https:\/\/www.europesays.com\/es\/128856\/"},"modified":"2025-09-21T05:11:13","modified_gmt":"2025-09-21T05:11:13","slug":"silvia-abril-y-toni-acosta-ponen-el-festival-de-san-sebastian-en-pie-con-su-alegato-por-gaza-nuestro-apoyo-por-palestina","status":"publish","type":"post","link":"https:\/\/www.europesays.com\/es\/128856\/","title":{"rendered":"Silvia Abril y Toni Acosta ponen el Festival de San Sebasti\u00e1n en pie con su alegato por Gaza: \u00abNuestro apoyo por Palestina\u00bb"},"content":{"rendered":"<p><img loading=\"lazy\" decoding=\"async\" src=\"https:\/\/www.europesays.com\/es\/wp-content\/uploads\/2025\/08\/100x100_informalia-logo.jpg\" itemtype=\"\/\/schema.org\/ImageObject\" itemprop=\"url\" alt=\"Informalia\" width=\"64\" height=\"64\" pinger-seen=\"true\"\/><\/p>\n<p>El <b>Festival de San Sebasti\u00e1n <\/b>levant\u00f3 este viernes el tel\u00f3n con una gala inaugural cargada de emoci\u00f3n y tambi\u00e9n de reivindicaci\u00f3n. La noche arranc\u00f3 con un sentido homenaje a <b>Marisa Paredes<\/b>, fallecida el pasado 17 de diciembre, pero pronto el foco se traslad\u00f3 a la guerra en Oriente Medio. Numerosas voces del cine alzaron la suya contra lo que definieron como el \u00abgenocidio en Gaza\u00bb. Sin embargo, el momento m\u00e1s comentado de la noche lleg\u00f3 de la mano de <b>Toni Acosta<\/b> y <b>Silvia Abril<\/b>. Las actrices convirtieron su papel de presentadoras en <b>un alegato rotundo en favor del pueblo palestino<\/b>, provocando una ovaci\u00f3n inmediata en el Palacio de Congresos vasco.<\/p>\n<p><b>\u00abMostrar nuestro apoyo al Estado de Palestina y denunciar el genocidio que se est\u00e1 cometiendo en Gaza\u00bb<\/b>, reivindicaron ante un p\u00fablico totalmente entregado que respondi\u00f3 con un efusivo aplauso.<\/p>\n<p>M\u00e1s tarde, Eduard Fern\u00e1ndez, galardonado con el Premio Nacional de Cinematograf\u00eda, tambi\u00e9n alz\u00f3 la voz en esa misma l\u00ednea y fue tajante: <a href=\"https:\/\/www.eleconomista.es\/informalia\/famosos\/noticias\/13555129\/09\/25\/eduard-fernandez-recoge-en-san-sebastian-el-premio-nacional-de-cine-no-podemos-dejar-de-denunciar-el-genocidio.html\" rel=\"nofollow noopener\" target=\"_blank\">\u00abNo podemos dejar de denunciar el genocidio\u00bb,<\/a> proclam\u00f3. En esa misma l\u00ednea, el protagonista del 47 protagoniz\u00f3 adem\u00e1s uno de los gestos m\u00e1s simb\u00f3licos de la noche: <b>se coloc\u00f3 un pa\u00f1uelo palestino y ley\u00f3 en voz alta los nombres de varios ni\u00f1os asesinados en Gaza<\/b>, lo que provoc\u00f3 un aplauso prolongado del p\u00fablico.<\/p>\n<p>                            <img decoding=\"async\" src=\"https:\/\/www.europesays.com\/es\/wp-content\/uploads\/2025\/09\/eduard-fernandez-san-sebastian.jpg\" loading=\"lazy\"\/><\/p>\n<p>                            Eduard Fern\u00e1ndez en el Festival de San Sebasti\u00e1n<\/p>\n<p><b>\u00abAlgunos dir\u00e1n: &#8216;qu\u00e9 pesados sois con este tema&#8217;.<\/b> Pero no podemos dejar de repetirlo, <b>porque ellos no se van a cansar de matar<\/b>. Nosotros, al menos, debemos conservar la dignidad como personas\u00bb, sentenci\u00f3. Y fue a\u00fan m\u00e1s duro:<b> \u00abLa barbaridad de dejar morir a los ni\u00f1os de hambre es exactamente igual<\/b>, lo llames genocidio o como lo llames. Quien no se conmocione frente a las atrocidades que vemos por televisi\u00f3n tiene un profundo problema con su humanidad\u00bb.<\/p>\n<p>WhatsApp<a href=\"https:\/\/api.whatsapp.com\/send?text=https:\/\/www.eleconomista.es\/informalia\/television\/noticias\/13555445\/09\/25\/silvia-abril-y-toni-acosta-ponen-el-festival-de-san-sebastian-en-pie-con-su-alegato-por-gaza-nuestro-apoyo-por-palestina.html?utm_source%3Dwhatsapp%26utm_medium%3Dshare_button&amp;id=1648118629957_whatsapp\" target=\"_blank\" data-action=\"share\/whatsapp\/share\" aria-label=\"Compartir en Whatsapp\" rel=\"nofollow noopener\"><\/a>Facebook<a id=\"fb-share\" href=\"#\" target=\"_blank\" rel=\"noopener noreferrer\" aria-label=\"Compartir en Facebook\"><\/a>Twitter<a href=\"https:\/\/twitter.com\/share?text=Silvia+Abril+y+Toni+Acosta+ponen+el+Festival+de+San+Sebasti%C3%A1n+en+pie+con+su+alegato+por+Gaza%3A+%22Nuestro+apoyo+por+Palestina%22&amp;url=https:\/\/www.eleconomista.es\/informalia\/television\/noticias\/13555445\/09\/25\/silvia-abril-y-toni-acosta-ponen-el-festival-de-san-sebastian-en-pie-con-su-alegato-por-gaza-nuestro-apoyo-por-palestina.html&amp;via=Informalia&amp;id=1648118839245_twitter\" target=\"_blank\" aria-label=\"Compartir en Twitter\" rel=\"nofollow noopener\"><\/a>Linkedin<a onclick=\"return abrirLinkedin();\" href=\"https:\/\/www.linkedin.com\/shareArticle?text=Silvia+Abril+y+Toni+Acosta+ponen+el+Festival+de+San+Sebasti%C3%A1n+en+pie+con+su+alegato+por+Gaza%3A+%22Nuestro+apoyo+por+Palestina%22&amp;url=https:\/\/www.eleconomista.es\/informalia\/television\/noticias\/13555445\/09\/25\/silvia-abril-y-toni-acosta-ponen-el-festival-de-san-sebastian-en-pie-con-su-alegato-por-gaza-nuestro-apoyo-por-palestina.html&amp;mini=true\" target=\"_blank\" aria-label=\"Compartir en linkedin\" rel=\"nofollow noopener\"><\/a>Beloud<a href=\"https:\/\/beloud.com\/share?text=Silvia+Abril+y+Toni+Acosta+ponen+el+Festival+de+San+Sebasti%C3%A1n+en+pie+con+su+alegato+por+Gaza%3A+%22Nuestro+apoyo+por+Palestina%22&amp;url=https:\/\/www.eleconomista.es\/informalia\/television\/noticias\/13555445\/09\/25\/silvia-abril-y-toni-acosta-ponen-el-festival-de-san-sebastian-en-pie-con-su-alegato-por-gaza-nuestro-apoyo-por-palestina.html&amp;via=Informalia&amp;id=1648118839245_beloud\" target=\"_blank\" aria-label=\"Compartir en beloud\" rel=\"nofollow noopener\"><\/a>Bluesky<a href=\"https:\/\/bsky.app\/intent\/compose?text=https:\/\/bsky.app\/intent\/compose?text=https:\/\/www.eleconomista.es\/informalia\/television\/noticias\/13555445\/09\/25\/silvia-abril-y-toni-acosta-ponen-el-festival-de-san-sebastian-en-pie-con-su-alegato-por-gaza-nuestro-apoyo-por-palestina.html&amp;url=https:\/\/www.eleconomista.es\/informalia\/television\/noticias\/13555445\/09\/25\/silvia-abril-y-toni-acosta-ponen-el-festival-de-san-sebastian-en-pie-con-su-alegato-por-gaza-nuestro-apoyo-por-palestina.html&amp;via=elEconomistaes&amp;id=1648118839245_bluesky\" target=\"_blank\" aria-label=\"Compartir en bluesky\" rel=\"nofollow noopener\"><\/a><\/p>\n<p><script async src=\"https:\/\/platform.twitter.com\/widgets.js\" charset=\"utf-8\"><\/script><\/p>\n","protected":false},"excerpt":{"rendered":"El Festival de San Sebasti\u00e1n levant\u00f3 este viernes el tel\u00f3n con una gala inaugural cargada de emoci\u00f3n y&hellip;\n","protected":false},"author":2,"featured_media":128857,"comment_status":"","ping_status":"","sticky":false,"template":"","format":"standard","meta":{"footnotes":""},"categories":[174],"tags":[255,146,147,25,24,256,23,807],"class_list":{"0":"post-128856","1":"post","2":"type-post","3":"status-publish","4":"format-standard","5":"has-post-thumbnail","7":"category-famosos","8":"tag-celebrities","9":"tag-entertainment","10":"tag-entretenimiento","11":"tag-es","12":"tag-espana","13":"tag-famosos","14":"tag-spain","15":"tag-television"},"share_on_mastodon":{"url":"","error":""},"_links":{"self":[{"href":"https:\/\/www.europesays.com\/es\/wp-json\/wp\/v2\/posts\/128856","targetHints":{"allow":["GET"]}}],"collection":[{"href":"https:\/\/www.europesays.com\/es\/wp-json\/wp\/v2\/posts"}],"about":[{"href":"https:\/\/www.europesays.com\/es\/wp-json\/wp\/v2\/types\/post"}],"author":[{"embeddable":true,"href":"https:\/\/www.europesays.com\/es\/wp-json\/wp\/v2\/users\/2"}],"replies":[{"embeddable":true,"href":"https:\/\/www.europesays.com\/es\/wp-json\/wp\/v2\/comments?post=128856"}],"version-history":[{"count":0,"href":"https:\/\/www.europesays.com\/es\/wp-json\/wp\/v2\/posts\/128856\/revisions"}],"wp:featuredmedia":[{"embeddable":true,"href":"https:\/\/www.europesays.com\/es\/wp-json\/wp\/v2\/media\/128857"}],"wp:attachment":[{"href":"https:\/\/www.europesays.com\/es\/wp-json\/wp\/v2\/media?parent=128856"}],"wp:term":[{"taxonomy":"category","embeddable":true,"href":"https:\/\/www.europesays.com\/es\/wp-json\/wp\/v2\/categories?post=128856"},{"taxonomy":"post_tag","embeddable":true,"href":"https:\/\/www.europesays.com\/es\/wp-json\/wp\/v2\/tags?post=128856"}],"curies":[{"name":"wp","href":"https:\/\/api.w.org\/{rel}","templated":true}]}}