{"id":128868,"date":"2025-09-21T05:18:19","date_gmt":"2025-09-21T05:18:19","guid":{"rendered":"https:\/\/www.europesays.com\/es\/128868\/"},"modified":"2025-09-21T05:18:19","modified_gmt":"2025-09-21T05:18:19","slug":"usuarios-de-los-talleres-de-memoria-reciben-charlas-de-primeros-auxilios","status":"publish","type":"post","link":"https:\/\/www.europesays.com\/es\/128868\/","title":{"rendered":"Usuarios de los talleres de memoria reciben charlas de primeros auxilios"},"content":{"rendered":"<p>Un gran n\u00famero de usuarios de los 24 talleres de memoria que se desarrollan en todos los puntos del t\u00e9rmino municipal han recibido, en las \u00faltimas dos semanas, charlas sobre primeros auxilios, t\u00e9cnicas de atenci\u00f3n en el d\u00eda a d\u00eda en el domicilio y ante situaciones como, entre otras, desvanecimientos, cortes, quemaduras, ca\u00eddas o atragantamientos<\/p>\n<p>Esta actividad preventiva ha estado desarrollada por dos enfermeras comunitarias del Centro de Salud de San Roque, cuyo objetivo es que los usuarios de los talleres tengan herramientas para poder auto atenderse junto a nociones de curas elementales para ellas mismas o para las personas con las que conviven.<\/p>\n<p>La actividad ha estado organizada por la delegaci\u00f3n de Bienestar Social, que dirige la concejal Eva Gil, y el citado Centro de Salud. Gil ha destacado el \u00e9xito de participaci\u00f3n que ha supuesto esta convocatoria, ha agradecido al Centro de Salud y a las enfermeras comunitarias su trabajo y ha definido como muy buena la l\u00ednea de colaboraci\u00f3n y coordinaci\u00f3n entre las dos entidades.<\/p>\n<p>Las enfermeras comunitarias llevan a cabo actividades preventivas con la poblaci\u00f3n en general y muy especialmente con las personas mayores, por lo que los talleres de memoria son el espacio perfecto para llegar a 500 personas, que es el n\u00famero de usuarios de estos grupos organizados por la delegaci\u00f3n de Bienestar Social.<\/p>\n","protected":false},"excerpt":{"rendered":"Un gran n\u00famero de usuarios de los 24 talleres de memoria que se desarrollan en todos los puntos&hellip;\n","protected":false},"author":2,"featured_media":128869,"comment_status":"","ping_status":"","sticky":false,"template":"","format":"standard","meta":{"footnotes":""},"categories":[92],"tags":[1250,2193,2191,25,24,2190,165,2186,166,2189,2185,2187,23,2192,2188],"class_list":{"0":"post-128868","1":"post","2":"type-post","3":"status-publish","4":"format-standard","5":"has-post-thumbnail","7":"category-salud","8":"tag-ayuntamiento","9":"tag-cadiz","10":"tag-campamento","11":"tag-es","12":"tag-espana","13":"tag-guadiaro","14":"tag-health","15":"tag-roque","16":"tag-salud","17":"tag-san-enrique","18":"tag-san-roque","19":"tag-soto-grande","20":"tag-spain","21":"tag-taraguilla","22":"tag-torreguadiaro"},"share_on_mastodon":{"url":"","error":""},"_links":{"self":[{"href":"https:\/\/www.europesays.com\/es\/wp-json\/wp\/v2\/posts\/128868","targetHints":{"allow":["GET"]}}],"collection":[{"href":"https:\/\/www.europesays.com\/es\/wp-json\/wp\/v2\/posts"}],"about":[{"href":"https:\/\/www.europesays.com\/es\/wp-json\/wp\/v2\/types\/post"}],"author":[{"embeddable":true,"href":"https:\/\/www.europesays.com\/es\/wp-json\/wp\/v2\/users\/2"}],"replies":[{"embeddable":true,"href":"https:\/\/www.europesays.com\/es\/wp-json\/wp\/v2\/comments?post=128868"}],"version-history":[{"count":0,"href":"https:\/\/www.europesays.com\/es\/wp-json\/wp\/v2\/posts\/128868\/revisions"}],"wp:featuredmedia":[{"embeddable":true,"href":"https:\/\/www.europesays.com\/es\/wp-json\/wp\/v2\/media\/128869"}],"wp:attachment":[{"href":"https:\/\/www.europesays.com\/es\/wp-json\/wp\/v2\/media?parent=128868"}],"wp:term":[{"taxonomy":"category","embeddable":true,"href":"https:\/\/www.europesays.com\/es\/wp-json\/wp\/v2\/categories?post=128868"},{"taxonomy":"post_tag","embeddable":true,"href":"https:\/\/www.europesays.com\/es\/wp-json\/wp\/v2\/tags?post=128868"}],"curies":[{"name":"wp","href":"https:\/\/api.w.org\/{rel}","templated":true}]}}