{"id":128870,"date":"2025-09-21T05:19:11","date_gmt":"2025-09-21T05:19:11","guid":{"rendered":"https:\/\/www.europesays.com\/es\/128870\/"},"modified":"2025-09-21T05:19:11","modified_gmt":"2025-09-21T05:19:11","slug":"cartelera-combates-horario-y-donde-ver-wwe-wrestlepalooza-en-espana","status":"publish","type":"post","link":"https:\/\/www.europesays.com\/es\/128870\/","title":{"rendered":"cartelera, combates, horario y d\u00f3nde ver WWE Wrestlepalooza en Espa\u00f1a"},"content":{"rendered":"<p class=\"c-paragraph\">La <b><a href=\"https:\/\/www.20minutos.es\/tags\/temas\/wwe.html\" title=\"WWE\" rel=\"nofollow noopener\" target=\"_blank\">WWE <\/a><\/b>se prepara para uno de sus Premium Live Events (PLE), durante la madrugada del s\u00e1bado 20 de septiembre al domingo 21 de septiembre. <b>Wrestlepalooza ser\u00e1 el escenario de uno de los \u00faltimos combates de la carrera deportiva de <a href=\"https:\/\/www.20minutos.es\/tags\/personas\/john-cena.html\" title=\"John Cena\" rel=\"nofollow noopener\" target=\"_blank\">John Cena<\/a><\/b>, as\u00ed como el regreso a los cuadril\u00e1teros de una de las mujeres m\u00e1s importantes de la historia del wrestling femenino.\u00a0<\/p>\n<p class=\"c-paragraph\">John Cena se retirar\u00e1 al final de 2025. Durante todo este a\u00f1o de despedida de la lucha libre, se ha enfrentado contra algunos de sus grandes rivales, como Randy Orton o CM Punk, y <b>en esta ocasi\u00f3n se medir\u00e1 a Brock Lesnar, que vuelve a la WWE tras verse salpicado por el esc\u00e1ndalo sexual<\/b> que acab\u00f3 con la compa\u00f1\u00eda apartando a su exCEO, Vince McMahon.\u00a0<\/p>\n<p class=\"c-paragraph\">Un regreso mucho menos pol\u00e9mico es el de <b>AJ Lee, gran impulsora del wrestling femenino <\/b>en una era en la que las mujeres no eran tomadas en serio como luchadoras. Junto a su marido CM Punk, la Viuda Negra se medir\u00e1 a Becky Lynch y Seth Rollins.\u00a0<\/p>\n<p>Cartelera completa de WWE Wrestlepalooza<\/p>\n<ul>\n<li>Brock Lesnar vs. John Cena\u00a0<\/li>\n<li>Campeonato Indiscutido de WWE: Cody Rhodes (C) vs. Drew McIntyre\u00a0<\/li>\n<li>Campeonato Mundial de Mujeres: Stephanie Vaquer vs. IYO SKY\u00a0<\/li>\n<li>AJ Lee y CM Punk vs. Becky Lynch y Seth Rollins\u00a0<\/li>\n<li>The Usos vs. The Vision (Bron Breakker y Bronson Reed)<\/li>\n<\/ul>\n<p>C\u00f3mo ver WWE Wrestlepalooza por TV en Espa\u00f1a<\/p>\n<p class=\"c-paragraph\">Este PLE de la WWE, que se celebrar\u00e1 en Indian\u00e1polis, Estados Unidos, podr\u00e1 verse en Espa\u00f1a (igual que en todo el mundo)<b> a trav\u00e9s de Netflix<\/b>, en todos sus planes incluyendo su suscripci\u00f3n m\u00e1s b\u00e1sica. El evento comenzar\u00e1 a las<b> 01:00 del domingo 21 de septiembre<\/b> (hora peninsular espa\u00f1ola).\u00a0<\/p>\n","protected":false},"excerpt":{"rendered":"La WWE se prepara para uno de sus Premium Live Events (PLE), durante la madrugada del s\u00e1bado 20&hellip;\n","protected":false},"author":2,"featured_media":128871,"comment_status":"","ping_status":"","sticky":false,"template":"","format":"standard","meta":{"footnotes":""},"categories":[91],"tags":[41535,146,147,25,24,26233,23,41536,664],"class_list":{"0":"post-128870","1":"post","2":"type-post","3":"status-publish","4":"format-standard","5":"has-post-thumbnail","7":"category-entretenimiento","8":"tag-brock-lesnar","9":"tag-entertainment","10":"tag-entretenimiento","11":"tag-es","12":"tag-espana","13":"tag-john-cena","14":"tag-spain","15":"tag-wrestlepalooza","16":"tag-wwe"},"share_on_mastodon":{"url":"","error":""},"_links":{"self":[{"href":"https:\/\/www.europesays.com\/es\/wp-json\/wp\/v2\/posts\/128870","targetHints":{"allow":["GET"]}}],"collection":[{"href":"https:\/\/www.europesays.com\/es\/wp-json\/wp\/v2\/posts"}],"about":[{"href":"https:\/\/www.europesays.com\/es\/wp-json\/wp\/v2\/types\/post"}],"author":[{"embeddable":true,"href":"https:\/\/www.europesays.com\/es\/wp-json\/wp\/v2\/users\/2"}],"replies":[{"embeddable":true,"href":"https:\/\/www.europesays.com\/es\/wp-json\/wp\/v2\/comments?post=128870"}],"version-history":[{"count":0,"href":"https:\/\/www.europesays.com\/es\/wp-json\/wp\/v2\/posts\/128870\/revisions"}],"wp:featuredmedia":[{"embeddable":true,"href":"https:\/\/www.europesays.com\/es\/wp-json\/wp\/v2\/media\/128871"}],"wp:attachment":[{"href":"https:\/\/www.europesays.com\/es\/wp-json\/wp\/v2\/media?parent=128870"}],"wp:term":[{"taxonomy":"category","embeddable":true,"href":"https:\/\/www.europesays.com\/es\/wp-json\/wp\/v2\/categories?post=128870"},{"taxonomy":"post_tag","embeddable":true,"href":"https:\/\/www.europesays.com\/es\/wp-json\/wp\/v2\/tags?post=128870"}],"curies":[{"name":"wp","href":"https:\/\/api.w.org\/{rel}","templated":true}]}}