{"id":128879,"date":"2025-09-21T05:24:18","date_gmt":"2025-09-21T05:24:18","guid":{"rendered":"https:\/\/www.europesays.com\/es\/128879\/"},"modified":"2025-09-21T05:24:18","modified_gmt":"2025-09-21T05:24:18","slug":"hay-un-chico-de-24-anos-detenido","status":"publish","type":"post","link":"https:\/\/www.europesays.com\/es\/128879\/","title":{"rendered":"hay un chico de 24 a\u00f1os detenido"},"content":{"rendered":"<p class=\"c-paragraph\">Un <b>empleado municipal de limpieza<\/b> ha encontrado este s\u00e1bado una <b>maleta<\/b> con un <b>cad\u00e1ver<\/b> en su interior en una <b>plaza<\/b> de <b>Vilanova i la Geltr\u00fa<\/b> (<a href=\"https:\/\/www.20minutos.es\/cataluna\/barcelona\/\" title=\"--Barcelona\" rel=\"nofollow noopener\" target=\"_blank\">Barcelona<\/a>), suceso por el que de momento se ha detenido a un <b>hombre<\/b> de 24 a\u00f1os del entorno de la v\u00edctima.<\/p>\n<p class=\"c-paragraph\">Fuentes de los <b>Mossos d&#8217;Esquadra<\/b> han informado\u00a0de la apertura de una <b>investigaci\u00f3n<\/b> por el hallazgo de este cad\u00e1ver, el segundo que aparece en la <b>v\u00eda p\u00fablica<\/b> de Vilanova i la Geltr\u00fa este mes de septiembre, al tiempo que han confirmado la detenci\u00f3n de una persona por este nuevo caso.<\/p>\n<p class=\"c-paragraph\">El hallazgo tuvo lugar a primera hora de la <b>ma\u00f1ana<\/b>, cuando el empleado de la limpieza estaba barriendo en la <b>plaza de l&#8217;Anxeneta<\/b>, donde encontr\u00f3 la maleta que conten\u00eda el cad\u00e1ver.<\/p>\n<p class=\"c-paragraph\">El <b>Ayuntamiento<\/b> de la localidad agradece en un comunicado el trabajo de la <b>Polic\u00eda Local<\/b>, que permiti\u00f3, se\u00f1ala, la detenci\u00f3n de una persona presuntamente vinculada con los hechos, as\u00ed como la labor de los Mossos para esclarecer el <b>suceso<\/b>. Al ser el de este s\u00e1bado el segundo cad\u00e1ver que se encuentra en la v\u00eda p\u00fablica en la ciudad, el consistorio \u00abcondena los hechos\u00bb y pide \u00abm\u00e1xima <b>prudencia<\/b>\u00bb en las informaciones sobre este caso.<\/p>\n<p class=\"c-paragraph\">\u00abLa <b>convivencia<\/b> es uno de los grandes valores de Vilanova i la Geltr\u00fa y desde el Ayuntamiento trabajaremos para que siga siendo as\u00ed\u00bb, indica la nota. El pasado <b>11 de septiembre<\/b>, empleados municipales encontraron tambi\u00e9n sobre las <b>siete de la ma\u00f1ana<\/b> un <a href=\"https:\/\/www.20minutos.es\/cataluna\/barcelona\/investigan-muerte-violenta-hombre-vilanova-i-geltru_6257064_0.html\" title=\"Investigan la muerte violenta de un hombre en Vilanova i la Geltr\u00fa\" rel=\"nofollow noopener\" target=\"_blank\">cad\u00e1ver <\/a>con signos de <b>muerte violenta<\/b> en los <b>jardines Francesc Maci\u00e0<\/b> de Vilanova.<\/p>\n","protected":false},"excerpt":{"rendered":"Un empleado municipal de limpieza ha encontrado este s\u00e1bado una maleta con un cad\u00e1ver en su interior en&hellip;\n","protected":false},"author":2,"featured_media":128880,"comment_status":"","ping_status":"","sticky":false,"template":"","format":"standard","meta":{"footnotes":""},"categories":[5],"tags":[17,18,8838,25,24,13,14,37003,11,19,20,9,10,15,16,8643,23,12,575,21,22,16743],"class_list":{"0":"post-128879","1":"post","2":"type-post","3":"status-publish","4":"format-standard","5":"has-post-thumbnail","7":"category-titulares","8":"tag-breaking-news","9":"tag-breakingnews","10":"tag-detenido","11":"tag-es","12":"tag-espana","13":"tag-featured-news","14":"tag-featurednews","15":"tag-hallado","16":"tag-headlines","17":"tag-latest-news","18":"tag-latestnews","19":"tag-news","20":"tag-noticias","21":"tag-noticias-destacadas","22":"tag-noticiasdestacadas","23":"tag-ser","24":"tag-spain","25":"tag-titulares","26":"tag-tras","27":"tag-ultimas-noticias","28":"tag-ultimasnoticias","29":"tag-un"},"share_on_mastodon":{"url":"","error":""},"_links":{"self":[{"href":"https:\/\/www.europesays.com\/es\/wp-json\/wp\/v2\/posts\/128879","targetHints":{"allow":["GET"]}}],"collection":[{"href":"https:\/\/www.europesays.com\/es\/wp-json\/wp\/v2\/posts"}],"about":[{"href":"https:\/\/www.europesays.com\/es\/wp-json\/wp\/v2\/types\/post"}],"author":[{"embeddable":true,"href":"https:\/\/www.europesays.com\/es\/wp-json\/wp\/v2\/users\/2"}],"replies":[{"embeddable":true,"href":"https:\/\/www.europesays.com\/es\/wp-json\/wp\/v2\/comments?post=128879"}],"version-history":[{"count":0,"href":"https:\/\/www.europesays.com\/es\/wp-json\/wp\/v2\/posts\/128879\/revisions"}],"wp:featuredmedia":[{"embeddable":true,"href":"https:\/\/www.europesays.com\/es\/wp-json\/wp\/v2\/media\/128880"}],"wp:attachment":[{"href":"https:\/\/www.europesays.com\/es\/wp-json\/wp\/v2\/media?parent=128879"}],"wp:term":[{"taxonomy":"category","embeddable":true,"href":"https:\/\/www.europesays.com\/es\/wp-json\/wp\/v2\/categories?post=128879"},{"taxonomy":"post_tag","embeddable":true,"href":"https:\/\/www.europesays.com\/es\/wp-json\/wp\/v2\/tags?post=128879"}],"curies":[{"name":"wp","href":"https:\/\/api.w.org\/{rel}","templated":true}]}}