{"id":128881,"date":"2025-09-21T05:25:30","date_gmt":"2025-09-21T05:25:30","guid":{"rendered":"https:\/\/www.europesays.com\/es\/128881\/"},"modified":"2025-09-21T05:25:30","modified_gmt":"2025-09-21T05:25:30","slug":"el-magdeburgo-bestia-negra-del-barca-champions-league","status":"publish","type":"post","link":"https:\/\/www.europesays.com\/es\/128881\/","title":{"rendered":"El Magdeburgo, bestia negra del Bar\u00e7a | Champions League"},"content":{"rendered":"<p>El SC Magdeburgo fue capaz de imponerse en su segundo partido en el torneo m\u00e1s importante del balonmano europeo: los defensores del t\u00edtulo celebraron su primer \u00e9xito en la casa del F.C. Barcelona, con una victoria por 21-22.<\/p>\n<p>Omar Ingi Magnusson, autor de seis tantos, fue el m\u00e1ximo goleador del\u00a0<a href=\"https:\/\/www.flashscore.com.ar\/equipo\/magdeburg\/t8qpYkr1\/\" target=\"_blank\" rel=\"nofollow noopener\">Magdeburgo<\/a> en la pista del <a href=\"https:\/\/www.flashscore.com.ar\/equipo\/fc-barcelona\/WfcbnFIB\/\" target=\"_blank\" rel=\"nofollow noopener\">Barcelona<\/a>.\u00a0El cuadro germano tuvo que luchar mucho por su victoria. Tras el descanso, el equipo de Bennet Wiegert pareci\u00f3 pasar apuros y los anfitriones siguieron acerc\u00e1ndose en un partido muy disputado.<\/p>\n<p>En un igualad\u00edsimo desenlace, <b>Ian Barrufet estrell\u00f3 en el poste el penalti desde siete metros<\/b> que podr\u00eda haber supuesto el empate en el \u00faltimo segundo, dando la victoria al plantel visitante (<a href=\"https:\/\/www.flashscore.com.ar\/partido\/balonmano\/barcelona-WfcbnFIB\/magdeburgo-t8qpYkr1\/resumen\/?mid=jRtFpxfT\" target=\"_blank\" rel=\"nofollow noopener\">21-22<\/a>). Fue la primera derrota del Bar\u00e7a en esta edici\u00f3n de la Champions, y es probable que no haya muchas m\u00e1s dado su elevado nivel.<\/p>\n<p>De los \u00faltimos cuatro enfrentamientos directos, <b>los germanos se han impuesto en tres ocasiones<\/b>: este jueves, el 14 de junio en la ronda de semifinales (<a href=\"https:\/\/www.flashscore.com.ar\/partido\/balonmano\/barcelona-WfcbnFIB\/magdeburgo-t8qpYkr1\/resumen\/?mid=zmhL825E\" target=\"_blank\" rel=\"nofollow noopener\">30-31<\/a>) y el 29 de febrero del a\u00f1o pasado (<a href=\"https:\/\/www.flashscore.com.ar\/partido\/balonmano\/barcelona-WfcbnFIB\/magdeburgo-t8qpYkr1\/resumen\/?mid=bixq4cl5\" target=\"_blank\" rel=\"nofollow noopener\">29-28<\/a>). La excepci\u00f3n se enmarca en el antepen\u00faltimo duelo entre ambos, un pulso que se sald\u00f3 por\u00a0<a href=\"https:\/\/www.flashscore.com.ar\/partido\/balonmano\/barcelona-WfcbnFIB\/magdeburgo-t8qpYkr1\/resumen\/?mid=OWG1JNBl\" target=\"_blank\" rel=\"nofollow noopener\">32-26<\/a> en octubre de 2024.<\/p>\n<p><b>Los cul\u00e9s hab\u00edan debutado con una gran victoria ante el GOG <\/b>(37-32) y se medir\u00e1n al RK Zagreb en la pr\u00f3xima jornada, mientras que en la Liga ASOBAL chocar\u00e1n con el Atl\u00e9tico Valladolid este mismo s\u00e1bado. Los reyes del balonmano nacional, por cierto, conquistaron la Supercopa Ib\u00e9rica hace un par de semanas.<\/p>\n","protected":false},"excerpt":{"rendered":"El SC Magdeburgo fue capaz de imponerse en su segundo partido en el torneo m\u00e1s importante del balonmano&hellip;\n","protected":false},"author":2,"featured_media":128882,"comment_status":"","ping_status":"","sticky":false,"template":"","format":"standard","meta":{"footnotes":""},"categories":[278],"tags":[376,168,25,24,375,23,167],"class_list":{"0":"post-128881","1":"post","2":"type-post","3":"status-publish","4":"format-standard","5":"has-post-thumbnail","7":"category-balonmano","8":"tag-balonmano","9":"tag-deportes","10":"tag-es","11":"tag-espana","12":"tag-handball","13":"tag-spain","14":"tag-sports"},"share_on_mastodon":{"url":"","error":""},"_links":{"self":[{"href":"https:\/\/www.europesays.com\/es\/wp-json\/wp\/v2\/posts\/128881","targetHints":{"allow":["GET"]}}],"collection":[{"href":"https:\/\/www.europesays.com\/es\/wp-json\/wp\/v2\/posts"}],"about":[{"href":"https:\/\/www.europesays.com\/es\/wp-json\/wp\/v2\/types\/post"}],"author":[{"embeddable":true,"href":"https:\/\/www.europesays.com\/es\/wp-json\/wp\/v2\/users\/2"}],"replies":[{"embeddable":true,"href":"https:\/\/www.europesays.com\/es\/wp-json\/wp\/v2\/comments?post=128881"}],"version-history":[{"count":0,"href":"https:\/\/www.europesays.com\/es\/wp-json\/wp\/v2\/posts\/128881\/revisions"}],"wp:featuredmedia":[{"embeddable":true,"href":"https:\/\/www.europesays.com\/es\/wp-json\/wp\/v2\/media\/128882"}],"wp:attachment":[{"href":"https:\/\/www.europesays.com\/es\/wp-json\/wp\/v2\/media?parent=128881"}],"wp:term":[{"taxonomy":"category","embeddable":true,"href":"https:\/\/www.europesays.com\/es\/wp-json\/wp\/v2\/categories?post=128881"},{"taxonomy":"post_tag","embeddable":true,"href":"https:\/\/www.europesays.com\/es\/wp-json\/wp\/v2\/tags?post=128881"}],"curies":[{"name":"wp","href":"https:\/\/api.w.org\/{rel}","templated":true}]}}