{"id":128883,"date":"2025-09-21T05:26:07","date_gmt":"2025-09-21T05:26:07","guid":{"rendered":"https:\/\/www.europesays.com\/es\/128883\/"},"modified":"2025-09-21T05:26:07","modified_gmt":"2025-09-21T05:26:07","slug":"espero-poder-torear-mas-y-que-cambie-mi-situacion","status":"publish","type":"post","link":"https:\/\/www.europesays.com\/es\/128883\/","title":{"rendered":"\u00abEspero poder torear m\u00e1s y que cambie mi situaci\u00f3n\u00bb"},"content":{"rendered":"<p class=\"ft-text\">La plaza de toros de Almendralejo acogi\u00f3 esta semana la presentaci\u00f3n del festejo especial con el que el matador Tom\u00e1s Angulo conmemorar\u00e1 el d\u00e9cimo aniversario de su alternativa. El acto, emotivo y cargado de recuerdos, reuni\u00f3 a numerosas personalidades del mundo taurino y autoridades locales, entre ellas el alcalde de la ciudad, Jos\u00e9 Mar\u00eda Ram\u00edrez; la concejala de Asuntos Taurinos, Josefina Barrag\u00e1n; la gerente del Patronato de Tauromaquia de la Diputaci\u00f3n de Badajoz, Inmaculada Galache; adem\u00e1s de compa\u00f1eros de la corporaci\u00f3n municipal, el apoderado de Angulo, Francisco Ruiz, y un buen n\u00famero de aficionados.<\/p>\n<p class=\"ft-text\">El evento cont\u00f3 con la presencia de Manuel Valera, presentador del programa Tendido Cero (TVE), quien realiz\u00f3 una entrevista en directo al diestro. Valera repas\u00f3 los momentos m\u00e1s destacados de la trayectoria de Angulo, desde sus inicios hasta la actualidad, poniendo en valor su dedicaci\u00f3n y constancia en el mundo del toro.<\/p>\n<p class=\"ft-text\">Durante la entrevista, Tom\u00e1s Angulo expres\u00f3 su deseo de poder seguir creciendo profesionalmente: \u00abEspero poder torear un poco m\u00e1s, tengo la esperanza de que alg\u00fan d\u00eda cambie mi situaci\u00f3n\u00bb, confes\u00f3 ante los presentes. Asimismo, habl\u00f3 de su compromiso con el p\u00fablico para el festejo del pr\u00f3ximo 18 de octubre, que tendr\u00e1 lugar a las 18:00 horas en el coso de La Piedad. Ese d\u00eda, el torero lidiar\u00e1 en solitario seis toros de diferentes ganader\u00edas, en lo que promete ser una cita muy especial para la afici\u00f3n. \u00abMi mayor ilusi\u00f3n es hacer feliz a la gente y emocionarles\u00bb, subray\u00f3 Angulo.<\/p>\n","protected":false},"excerpt":{"rendered":"La plaza de toros de Almendralejo acogi\u00f3 esta semana la presentaci\u00f3n del festejo especial con el que el&hellip;\n","protected":false},"author":2,"featured_media":128884,"comment_status":"","ping_status":"","sticky":false,"template":"","format":"standard","meta":{"footnotes":""},"categories":[277],"tags":[2984,9776,41538,373,41539,168,25,24,12694,841,1389,23,167,625,3080,19428,374,3156],"class_list":{"0":"post-128883","1":"post","2":"type-post","3":"status-publish","4":"format-standard","5":"has-post-thumbnail","7":"category-toreo","8":"tag-aficionados","9":"tag-almendralejo","10":"tag-angulo","11":"tag-bullfighting","12":"tag-cambie","13":"tag-deportes","14":"tag-es","15":"tag-espana","16":"tag-espero","17":"tag-manuel","18":"tag-plaza-de-toros","19":"tag-spain","20":"tag-sports","21":"tag-tauromaquia","22":"tag-tomas","23":"tag-torear","24":"tag-toreo","25":"tag-tve"},"share_on_mastodon":{"url":"","error":""},"_links":{"self":[{"href":"https:\/\/www.europesays.com\/es\/wp-json\/wp\/v2\/posts\/128883","targetHints":{"allow":["GET"]}}],"collection":[{"href":"https:\/\/www.europesays.com\/es\/wp-json\/wp\/v2\/posts"}],"about":[{"href":"https:\/\/www.europesays.com\/es\/wp-json\/wp\/v2\/types\/post"}],"author":[{"embeddable":true,"href":"https:\/\/www.europesays.com\/es\/wp-json\/wp\/v2\/users\/2"}],"replies":[{"embeddable":true,"href":"https:\/\/www.europesays.com\/es\/wp-json\/wp\/v2\/comments?post=128883"}],"version-history":[{"count":0,"href":"https:\/\/www.europesays.com\/es\/wp-json\/wp\/v2\/posts\/128883\/revisions"}],"wp:featuredmedia":[{"embeddable":true,"href":"https:\/\/www.europesays.com\/es\/wp-json\/wp\/v2\/media\/128884"}],"wp:attachment":[{"href":"https:\/\/www.europesays.com\/es\/wp-json\/wp\/v2\/media?parent=128883"}],"wp:term":[{"taxonomy":"category","embeddable":true,"href":"https:\/\/www.europesays.com\/es\/wp-json\/wp\/v2\/categories?post=128883"},{"taxonomy":"post_tag","embeddable":true,"href":"https:\/\/www.europesays.com\/es\/wp-json\/wp\/v2\/tags?post=128883"}],"curies":[{"name":"wp","href":"https:\/\/api.w.org\/{rel}","templated":true}]}}