{"id":128889,"date":"2025-09-21T05:30:11","date_gmt":"2025-09-21T05:30:11","guid":{"rendered":"https:\/\/www.europesays.com\/es\/128889\/"},"modified":"2025-09-21T05:30:11","modified_gmt":"2025-09-21T05:30:11","slug":"victoria-balsamica-para-daniel-cavia","status":"publish","type":"post","link":"https:\/\/www.europesays.com\/es\/128889\/","title":{"rendered":"Victoria bals\u00e1mica para Daniel Cavia"},"content":{"rendered":"<p class=\"\">El<b> Burgos Burpellet BH <\/b>obtuvo su <b>octavo triunfo de la temporada <\/b>en el <b>Tour de Huangshan<\/b> por medio de un valeroso <b>Daniel Cavi<\/b>a, que fue el m\u00e1s veloz de la escapada de la segunda etapa. Lo merec\u00eda el equipo y, sobre todo, lo merec\u00eda un ciclista como \u00e9l, que <b>tuvo que abandonar La Vuelta por enfermedad<\/b>. El vallisoletano demostr\u00f3 que el trabajo previo a la gran ronda espa\u00f1ola hab\u00eda sido bueno, ya que <b>lleg\u00f3 a China plet\u00f3rico <\/b>y con ganas de resarcirse de lo ocurrido unas semanas antes. Lo logr\u00f3 de la mejor manera posible, conquistando el <b>primer triunfo de su a\u00fan incipiente carrera profesional<\/b>.<\/p>\n<p class=\"\">Daniel Cavia llegaba a este Tour de Huangshan dispuesto a darlo todo para terminar la temporada con buen sabor de boca. Su prematuro abandono en La Vuelta supuso un <b>duro golpe a nivel an\u00edmico, <\/b>ya que se trataba de la carrera m\u00e1s importante de la temporada. Tres semanas despu\u00e9s, el vallisoletano de 23 a\u00f1os se mostr\u00f3 al ataque en la segunda etapa de la carrera china, <b>entrando pronto en una primera fuga de diez ciclistas<\/b>. Tras el primer puerto de monta\u00f1a se march\u00f3 en solitario y el resto de fugados fueron atrapados. Finalmente, otros cuatro corredores se unieron a \u00e9l y conformaron la escapada definitiva que acabar\u00eda disput\u00e1ndose el triunfo de etapa.<\/p>\n<p class=\"\">Por el camino, Cavia <b>recolect\u00f3 dos segundos de bonificaci\u00f3n en los sprints intermedios y ocho puntos en las subidas de monta\u00f1a<\/b>, lo que le permite enfundarse el maillot blanco a puntos rojo de mejor escalador. La fuga mantuvo el pulso al grupo principal bajo una fuerte lluvia y en la llegada a Huangshan, el ciclista del Burgos Burpellet BH <b>impuso su punta de velocidad y festej\u00f3 con rabia el triunfo<\/b>. De esta manera, Daniel <b>escala hasta la segunda posici\u00f3n en la clasificaci\u00f3n general<\/b>, a solo tres segundos del l\u00edder. Desde el pelot\u00f3n, su compa\u00f1ero Rodrigo \u00c1lvarez repet\u00eda la novena posici\u00f3n lograda en la etapa previa. Adem\u00e1s, los morados comandan tambi\u00e9n el ranking por equipos a solo un d\u00eda del final.<\/p>\n<p class=\"\">\u201cEsta victoria sabe muy bien. Hab\u00eda pasado un par semanas muy malas tras La Vuelta. Fueron, sobre todo, mentalmente muy duras. Al final tuve que abandonar el principal objetivo del a\u00f1o, para el que ten\u00eda una ilusi\u00f3n incre\u00edble y donde todo se fue al garete. Pero cuando me enter\u00e9 de que iba a correr el Tour de Huangshan tuve much\u00edsima motivaci\u00f3n por <b>quitarme la espinita de no haber podido acabar La Vuelta<\/b> y creo que se pudo ver hoy. Sal\u00ed con much\u00edsima ambici\u00f3n a la etapa y tuve unas piernas muy buenas gracias a la preparaci\u00f3n de La Vuelta. <b>Quise coger la fuga fuese como fuese, estuve en todas las que hubo<\/b>. Luego quedaba resolverla bien. Sab\u00eda que ten\u00eda mi punta de velocidad, que llegaba muy bien al final y en el sprint pude batir al resto de ciclistas de la fuga\u201d, afirm\u00f3 el vallisoletano. <\/p>\n<p class=\"\">El Tour de Huangshan <b>concluir\u00e1 este domingo con una tercera etapa de 101 kil\u00f3metros entre Huangshan y Yixian<\/b>. Ser\u00e1 un d\u00eda muy r\u00e1pido y el m\u00e1s monta\u00f1oso de todos, con un largo puerto de primera categor\u00eda que se corona a apenas 20 kil\u00f3metros del final. Este ascenso ser\u00e1 el punto decisivo de la etapa, tanto de cara al triunfo parcial como al general. Adem\u00e1s, las bonificaciones de los dos sprints intermedios y de la l\u00ednea de llegada tambi\u00e9n podr\u00edan ser determinantes en la pelea por el maillot amarillo.<\/p>\n<p>Noticias relacionadas<a href=\"https:\/\/as.com\/ciclismo\/mas_ciclismo\/pogacar-a-por-el-mas-dificil-todavia-el-record-que-tratara-de-ganar-en-el-mundial-de-ciclismo-de-ruanda-n\/\" class=\"s_m_w\" title=\"El esloveno participar\u00e1 por cuarta vez en la prueba contrarreloj de un Mundial, pero con la etiqueta de m\u00e1ximo favorito junto a Evenepoel, vigente campe\u00f3n.\" data-tb-link=\"\" rel=\"nofollow noopener\" target=\"_blank\"><img decoding=\"async\" src=\"https:\/\/www.europesays.com\/es\/wp-content\/uploads\/2025\/09\/AOOIO7FQBVIZLDIDXNZV5MPDOA.jpg\" alt=\"Pogacar, a por el m\u00e1s dif\u00edcil todav\u00eda: el r\u00e9cord que tratar\u00e1 de ganar en el Mundial de ciclismo de Ruanda\" class=\"\" height=\"1\" width=\"1\"   loading=\"lazy\" data-tb-thumbnail=\"\"\/><\/a><a href=\"https:\/\/colombia.as.com\/masdeporte\/egan-y-el-mundial-vamos-a-disputarlo-no-solo-a-participar-n\/\" class=\"s_m_w\" title=\"El ciclista del Ineos habl\u00f3 con AS Colombia tras su gran Vuelta a Espa\u00f1a, las protestas pro Palestina, el Mundial y su Gran Fondo. \" data-tb-link=\"\" rel=\"nofollow noopener\" target=\"_blank\"><img decoding=\"async\" src=\"https:\/\/www.europesays.com\/es\/wp-content\/uploads\/2025\/09\/1758432611_554_LCWTVXLO7JH2HBY5US2LZOB5ZA.jpg\" alt=\"Egan y el Mundial: \u201cVamos a disputarlo no solo a participar\u201d\" class=\"\" height=\"1\" width=\"1\"   loading=\"lazy\" data-tb-thumbnail=\"\"\/><\/a><\/p>\n<p class=\"\"><b>\u00a1Tus opiniones importan!<\/b> Comenta en los art\u00edculos y suscr\u00edbete gratis a nuestra <a href=\"https:\/\/asfan.as.com\/newsletters\/\" target=\"_blank\" rel=\"nofollow noopener\" title=\"https:\/\/asfan.as.com\/newsletters\/\">newsletter<\/a> y a las alertas informativas en la <a href=\"https:\/\/as.com\/aplicacion-de-as-n\/\" target=\"_blank\" rel=\"nofollow noopener\" title=\"https:\/\/as.com\/aplicacion-de-as-n\/\">App<\/a> o el canal de <a href=\"https:\/\/www.whatsapp.com\/channel\/0029VaAasdA7j6g745nz9M10\" target=\"_blank\" rel=\"nofollow noopener\" title=\"https:\/\/www.whatsapp.com\/channel\/0029VaAasdA7j6g745nz9M10\">WhatsApp<\/a>.<\/p>\n<p class=\"\">\u00bfBuscas licenciar contenido? Haz clic <a href=\"https:\/\/profesional.elpais.com\/soluciones-sindicacion?utm_medium=interno&amp;utm_source=crosslinking&amp;utm_campaign=sindicacion_as_pie_articulos\" target=\"_blank\" rel=\"nofollow noopener\" title=\"https:\/\/profesional.elpais.com\/soluciones-sindicacion?utm_medium=interno&amp;utm_source=crosslinking&amp;utm_campaign=sindicacion_as_pie_articulos\">aqu\u00ed<\/a><\/p>\n","protected":false},"excerpt":{"rendered":"El Burgos Burpellet BH obtuvo su octavo triunfo de la temporada en el Tour de Huangshan por medio&hellip;\n","protected":false},"author":2,"featured_media":128890,"comment_status":"","ping_status":"","sticky":false,"template":"","format":"standard","meta":{"footnotes":""},"categories":[273],"tags":[313,312,168,25,24,23,167],"class_list":{"0":"post-128889","1":"post","2":"type-post","3":"status-publish","4":"format-standard","5":"has-post-thumbnail","7":"category-ciclismo","8":"tag-ciclismo","9":"tag-cycling","10":"tag-deportes","11":"tag-es","12":"tag-espana","13":"tag-spain","14":"tag-sports"},"share_on_mastodon":{"url":"","error":""},"_links":{"self":[{"href":"https:\/\/www.europesays.com\/es\/wp-json\/wp\/v2\/posts\/128889","targetHints":{"allow":["GET"]}}],"collection":[{"href":"https:\/\/www.europesays.com\/es\/wp-json\/wp\/v2\/posts"}],"about":[{"href":"https:\/\/www.europesays.com\/es\/wp-json\/wp\/v2\/types\/post"}],"author":[{"embeddable":true,"href":"https:\/\/www.europesays.com\/es\/wp-json\/wp\/v2\/users\/2"}],"replies":[{"embeddable":true,"href":"https:\/\/www.europesays.com\/es\/wp-json\/wp\/v2\/comments?post=128889"}],"version-history":[{"count":0,"href":"https:\/\/www.europesays.com\/es\/wp-json\/wp\/v2\/posts\/128889\/revisions"}],"wp:featuredmedia":[{"embeddable":true,"href":"https:\/\/www.europesays.com\/es\/wp-json\/wp\/v2\/media\/128890"}],"wp:attachment":[{"href":"https:\/\/www.europesays.com\/es\/wp-json\/wp\/v2\/media?parent=128889"}],"wp:term":[{"taxonomy":"category","embeddable":true,"href":"https:\/\/www.europesays.com\/es\/wp-json\/wp\/v2\/categories?post=128889"},{"taxonomy":"post_tag","embeddable":true,"href":"https:\/\/www.europesays.com\/es\/wp-json\/wp\/v2\/tags?post=128889"}],"curies":[{"name":"wp","href":"https:\/\/api.w.org\/{rel}","templated":true}]}}