{"id":128891,"date":"2025-09-21T05:32:11","date_gmt":"2025-09-21T05:32:11","guid":{"rendered":"https:\/\/www.europesays.com\/es\/128891\/"},"modified":"2025-09-21T05:32:11","modified_gmt":"2025-09-21T05:32:11","slug":"cronica-rio-breogan-valencia-basket-torneo-encestarias-acb","status":"publish","type":"post","link":"https:\/\/www.europesays.com\/es\/128891\/","title":{"rendered":"Cr\u00f3nica R\u00edo Breog\u00e1n &#8211; Valencia Basket torneo EncestaR\u00edas ACB"},"content":{"rendered":"<p class=\"ft-text\">Lanzados a M\u00e1laga. Si <a class=\"ft-link ft-link--decoration\" href=\"https:\/\/www.superdeporte.es\/valencia-basket\/2025\/09\/19\/kameron-taylor-larrea-omari-moore-121762842.html\" rel=\"nofollow noopener\" target=\"_blank\">el viernes se quedaron a un solo punto de los 100 puntos<\/a>, <strong>el Valencia BC <\/strong><a class=\"ft-link ft-link--decoration\" href=\"https:\/\/www.superdeporte.es\/valencia-basket\/2025\/09\/20\/valencia-bc-cierra-pretemporada-rio-breogan-en-pontevedra-121784701.html\" rel=\"nofollow noopener\" target=\"_blank\"><strong>volvi\u00f3 a superar esta barrera ante el R\u00edo Breog\u00e1n (78-101)<\/strong><\/a><strong> en la final de un torneo EncestaR\u00edas ACB<\/strong> en la que los taronja demostraron que siguen siendo un rival temible para cualquier equipo, con un ritmo de juego muy alto y con variedad de recursos en una plantilla que afrontar\u00e1 la Supercopa Endesa con un plus de confianza tras sus \u00faltimos resultados.<\/p>\n<p class=\"ft-text\">Sin Jean Montero por lesi\u00f3n, <strong>fue Omari Moore quien sali\u00f3 de inicio asumiendo la direcci\u00f3n de juego<\/strong> en un quinteto junto a Kameron Taylor, Josep Puerto, Jaime Pradilla y Yankuba Sima. Y suyos fueron los primeros puntos del partido con una entrada a canasta. Brankovic respond\u00eda de inmediato bajo el aro tras un rebote ofensivo, pero Sima se agigantaba al otro lado de la pista para poner el 2-6 antes de que Puerto estirara la diferencia hasta un 4-11, con un triple y una bandeja con la izquierda.<\/p>\n<p class=\"ft-text\">Moore volv\u00eda a sumar antes de que Pedro Mart\u00ednez empezara a mover el banquillo, para dar entrada a De Larrea, Isaac Nogu\u00e9s y Nate Reuvers, con los dos \u00faltimos anotando en las siguientes acciones. La diferencia aumentaba minuto a minuto hasta que <strong>Luis Casimiro se vio obligado a parar el partido, tras un triple de Costello<\/strong> que puso el 12-24 a 2:48 del final del primer cuarto.<\/p>\n<p><img decoding=\"async\" src=\"https:\/\/www.europesays.com\/es\/wp-content\/uploads\/2025\/09\/e7fac9cc-0126-4300-91be-25d2dacc0857_alta-libre-aspect-ratio_default_0.jpg\" width=\"1200\" height=\"794\" alt=\"Lucha en la zona en el partido entre el R\u00edo Breog\u00e1n y el Valencia Basket.\" class=\"ft-helper-img-rd\" loading=\"lazy\" hasdataaida=\"true\"\/><\/p>\n<p class=\"ft-helper-fontColor-quaternary ft-helper-fontSize-body-S ft-helper-spacer-t-xxs\">Lucha en la zona en el partido entre el R\u00edo Breog\u00e1n y el Valencia Basket.  \/ Diego Couso<\/p>\n<p class=\"ft-text\"><strong>Los locales no anotaron m\u00e1s ante la buena defensa de un <\/strong><a class=\"ft-link ft-link--decoration\" href=\"https:\/\/www.acb.com\/club\/plantilla\/id\/13\/temporada_id\/2025\" rel=\"nofollow noopener\" target=\"_blank\"><strong>Valencia Basket<\/strong><\/a><strong> que estir\u00f3 su ventaja hasta un 12-28<\/strong> tras los primeros diez minutos, habiendo anotado ya nueve de de los taronja y con minutos para los 12 convocados. El R\u00edo Breog\u00e1n terminaba el cuarto sumando solo acciones de dos puntos y con ninguno de sus jugadores sumando m\u00e1s de una canasta.<\/p>\n<p>Sin acierto exterior en el rival<\/p>\n<p class=\"ft-text\"><strong>La superioridad en rebotes y asistencias era tambi\u00e9n notable por parte taronja<\/strong> y aunque Sakho y Dibba redujeron diferencias en la vuelta a la pista, la velocidad del juego visitante segu\u00eda marcando el ritmo del partido, con Puerto y Costello anotando de tres y pese a dejar escapar algunos tiros libres.<\/p>\n<p class=\"ft-text\">Alonso y Cook empezaban a ver aro con facilidad y ello permiti\u00f3 un intercambio de canastas que <strong>mantuvo diferencias hasta el descanso, al que se lleg\u00f3 con un 39-54 tras un 2+1 de Reuvers<\/strong> y un triple de Alonso en el \u00faltimo segundo.<\/p>\n<p class=\"ft-text\">Los 12 jugadores taronja hab\u00edan anotado ya al descanso en una nueva exhibici\u00f3n de juego coral y vertiginoso, aunque a ello <strong>no acompa\u00f1aran los porcentajes de tres (26%) y de tiros libres (66%)<\/strong>.<\/p>\n<p class=\"ft-text\">Y a\u00fan fueron a peor en el tercer cuarto, con Pradilla, Moore y Sako perdonando desde el 4,60 antes de que Arturs Kurucs despertara y empezara a crear problemas a la defensa taronja. Pese ello, la intensidad y acierto de Iroegbu y los puntos de Sima y Darius fueron suficientes para cerrar el tercer cuarto 55-77, aunque <strong>la diferencia llegara a ser de +26 tras un triple de Puerto, de nuevo el m\u00e1s acertado en el tiro exterior<\/strong>.<\/p>\n<p><img decoding=\"async\" src=\"https:\/\/www.europesays.com\/es\/wp-content\/uploads\/2025\/09\/21dbb6f8-0049-48f3-abc6-134c9dbc771f_alta-libre-aspect-ratio_default_0.jpg\" width=\"1200\" height=\"794\" alt=\"De Larrea, el mejor taronja del partido, con 9 puntos en el \u00faltimo cuarto.\" class=\"ft-helper-img-rd\" loading=\"lazy\" hasdataaida=\"true\"\/><\/p>\n<p class=\"ft-helper-fontColor-quaternary ft-helper-fontSize-body-S ft-helper-spacer-t-xxs\">De Larrea, el mejor taronja del partido, con 9 puntos en el \u00faltimo cuarto.  \/ Diego Couso<\/p>\n<p>Con De Larrea al mando<\/p>\n<p class=\"ft-text\">Aunque no sali\u00f3 esta vez de inicio, <strong>De Larrea volvi\u00f3 a cuajar un buen partido y brill\u00f3 especialmente en el \u00faltimo tramo del encuentro<\/strong>, arrancando el cuarto con dos mates y cerr\u00e1ndolo con un triple y cinco puntos m\u00e1s. Acab\u00f3, de hecho, siendo el m\u00e1s valorado (20) al sumar 11 puntos, 3 rebotes y 7 asistencias en 19 minutos.<\/p>\n<p><img decoding=\"async\" src=\"https:\/\/www.europesays.com\/es\/wp-content\/uploads\/2025\/09\/e6af0ecc-d3b1-47bd-8a19-9774cc0b7eea_alta-libre-aspect-ratio_default_0.jpg\" width=\"1200\" height=\"1695\" alt=\"Estad\u00edsticas del R\u00edo Berog\u00e1n - Valencia Basket la final del torneo EncestaR\u00edas ACB\" class=\"ft-helper-img-rd\" loading=\"lazy\" hasdataaida=\"true\"\/><\/p>\n<p class=\"ft-helper-fontColor-quaternary ft-helper-fontSize-body-S ft-helper-spacer-t-xxs\">Estad\u00edsticas del R\u00edo Berog\u00e1n &#8211; Valencia Basket la final del torneo EncestaR\u00edas ACB  \/ VBC<\/p>\n<p class=\"ft-text\">Los locales, que s\u00ed lograron remontar 19 puntos en la semifinal ante el Real Madrid, <strong>fiaban sus m\u00ednimas opciones de remontada al acierto exterior de Alonso y a los puntos de Bakary Dibba<\/strong> en la pintura, pero este Valencia Basket supo mantener la tensi\u00f3n hasta el final y no se dej\u00f3 sorprender, para acabar ganando a placer por 78-101 y cerrar una gran temporada con buenas sensaciones pese a los malos porcentajes de tres y de tiros libres.<\/p>\n<p class=\"ft-text\"><strong>Un equipo que<\/strong>, como dijo Luis Arbalejo esta semana, <a class=\"ft-link ft-link--decoration\" href=\"https:\/\/www.superdeporte.es\/valencia-basket\/2025\/09\/18\/luis-arbalejo-hemos-hecho-equipo-valencia-basket-pedro-martinez-121706878.html\" rel=\"nofollow noopener\" target=\"_blank\">se ha hecho al estilo de Pedro Mart\u00ednez<\/a> para intentar competir por todo desde principio de temporada, empezando por la Supercopa.<\/p>\n","protected":false},"excerpt":{"rendered":"Lanzados a M\u00e1laga. Si el viernes se quedaron a un solo punto de los 100 puntos, el Valencia&hellip;\n","protected":false},"author":2,"featured_media":128892,"comment_status":"","ping_status":"","sticky":false,"template":"","format":"standard","meta":{"footnotes":""},"categories":[269],"tags":[302,299,1918,298,168,10570,25,24,1058,24504,22001,6006,23,167,4611,775,235,2916],"class_list":{"0":"post-128891","1":"post","2":"type-post","3":"status-publish","4":"format-standard","5":"has-post-thumbnail","7":"category-baloncesto","8":"tag-acb","9":"tag-baloncesto","10":"tag-basket","11":"tag-basketball","12":"tag-deportes","13":"tag-encestarias","14":"tag-es","15":"tag-espana","16":"tag-final","17":"tag-rio-breogan","18":"tag-rodillo","19":"tag-sergio-de-larrea","20":"tag-spain","21":"tag-sports","22":"tag-supercopa","23":"tag-torneo","24":"tag-valencia","25":"tag-valencia-basket"},"share_on_mastodon":{"url":"","error":""},"_links":{"self":[{"href":"https:\/\/www.europesays.com\/es\/wp-json\/wp\/v2\/posts\/128891","targetHints":{"allow":["GET"]}}],"collection":[{"href":"https:\/\/www.europesays.com\/es\/wp-json\/wp\/v2\/posts"}],"about":[{"href":"https:\/\/www.europesays.com\/es\/wp-json\/wp\/v2\/types\/post"}],"author":[{"embeddable":true,"href":"https:\/\/www.europesays.com\/es\/wp-json\/wp\/v2\/users\/2"}],"replies":[{"embeddable":true,"href":"https:\/\/www.europesays.com\/es\/wp-json\/wp\/v2\/comments?post=128891"}],"version-history":[{"count":0,"href":"https:\/\/www.europesays.com\/es\/wp-json\/wp\/v2\/posts\/128891\/revisions"}],"wp:featuredmedia":[{"embeddable":true,"href":"https:\/\/www.europesays.com\/es\/wp-json\/wp\/v2\/media\/128892"}],"wp:attachment":[{"href":"https:\/\/www.europesays.com\/es\/wp-json\/wp\/v2\/media?parent=128891"}],"wp:term":[{"taxonomy":"category","embeddable":true,"href":"https:\/\/www.europesays.com\/es\/wp-json\/wp\/v2\/categories?post=128891"},{"taxonomy":"post_tag","embeddable":true,"href":"https:\/\/www.europesays.com\/es\/wp-json\/wp\/v2\/tags?post=128891"}],"curies":[{"name":"wp","href":"https:\/\/api.w.org\/{rel}","templated":true}]}}