{"id":128895,"date":"2025-09-21T05:34:11","date_gmt":"2025-09-21T05:34:11","guid":{"rendered":"https:\/\/www.europesays.com\/es\/128895\/"},"modified":"2025-09-21T05:34:11","modified_gmt":"2025-09-21T05:34:11","slug":"hay-ciertas-cosas-que-bloqueo-de-mi-mente","status":"publish","type":"post","link":"https:\/\/www.europesays.com\/es\/128895\/","title":{"rendered":"Hay ciertas cosas que bloqueo de mi mente"},"content":{"rendered":"<p data-journey-content=\"true\" data-node-id=\"1\" class=\"body-dropcap css-1vn2egp emevuu60\">Pocas estrellas hay tan grandes en el mundo del espect\u00e1culo como <strong data-node-id=\"1.1\">Barbra Streisand<\/strong>, entre otras cosas porque fue la persona m\u00e1s joven en conseguir lo que se conoce como egot, que no es otra cosa que un t\u00edtulo que reconoce el haber logrado ganar los cuatro grandes premios del cine, la televisi\u00f3n, la m\u00fasica y el teatro: <a href=\"https:\/\/www.harpersbazaar.com\/es\/famosas\/el-estilo-de\/a63816543\/quien-es-mikey-madison-actriz-oscar-ganadora-demi-moore\/\" target=\"_blank\" data-vars-ga-outbound-link=\"https:\/\/www.harpersbazaar.com\/es\/famosas\/el-estilo-de\/a63816543\/quien-es-mikey-madison-actriz-oscar-ganadora-demi-moore\/\" data-vars-ga-ux-element=\"Hyperlink\" data-vars-ga-call-to-action=\"un Oscar\" data-node-id=\"1.5\" class=\"body-link css-156jt4g emevuu60\" rel=\"nofollow noopener\">un Oscar<\/a>, un Emmy, un Grammy y un Tony. A sus 83 a\u00f1os, y despu\u00e9s de m\u00e1s de seis d\u00e9cadas en activo, la artista contin\u00faa trabajando \u2013el pasado mes de junio lanz\u00f3 un \u00e1lbum de temas in\u00e9ditos que incluye duetos con compa\u00f1eros de profesi\u00f3n como Ariana Grande, Mariah Carey, Paul McCartney o Bob Dylan, entre otros\u2013 y as\u00ed se vanaglori\u00f3 de ello en <a href=\"https:\/\/www.harpersbazaar.com\/es\/famosas\/el-estilo-de\/a64964812\/massiel-sobre-libro-memorias-hablar-maridos-hombres-oficiales\/\" target=\"_blank\" data-vars-ga-outbound-link=\"https:\/\/www.harpersbazaar.com\/es\/famosas\/el-estilo-de\/a64964812\/massiel-sobre-libro-memorias-hablar-maridos-hombres-oficiales\/\" data-vars-ga-ux-element=\"Hyperlink\" data-vars-ga-call-to-action=\"las memorias\" data-node-id=\"1.7\" class=\"body-link css-156jt4g emevuu60\" rel=\"nofollow noopener\">las memorias<\/a> tituladas My Name Is Barbra que public\u00f3 el pasado mes de junio y dej\u00f3 testimonios sorprendentes. <\/p>\n<p data-journey-content=\"true\" data-node-id=\"4\" class=\"css-6wxqfj emevuu60\">A lo largo de sus 970 p\u00e1ginas, la actriz, cantante, productora y presentadora hace un repaso sobre su vida tanto a nivel personal como profesional, al tiempo que aprovecha para reflexionar sobre todo lo que ha logrado y qu\u00e9 ha supuesto para ella alcanzar determinadas metas. \u00abEn retrospectiva, <strong data-node-id=\"4.1\">era mucho m\u00e1s divertido so\u00f1ar con ser famosa que <\/strong><strong data-node-id=\"4.2\">ser <\/strong><strong data-node-id=\"4.3\">famosa de verdad<\/strong>\u00ab, afirma con rotundidad. <\/p>\n<p><img draggable=\"true\" alt=\"malibu, california june 06: barbra streisand speaks during the genesis prize award dinner in honor of 10th anniversary laureate barbra streisand on june 06, 2024 in malibu, california. (photo by kevin mazur\/getty images for genesis prize foundation)\" title=\"Genesis Prize Award Dinner In Honor Of 10th Anniversary Laureate Barbra Streisand\" loading=\"lazy\" width=\"1770\" height=\"2655\" decoding=\"async\" data-nimg=\"1\" style=\"color:transparent;width:100%;height:auto;\"   src=\"https:\/\/www.europesays.com\/es\/wp-content\/uploads\/2025\/09\/gettyimages-2156533455-68a3485f2e3ab.jpeg\" class=\"css-0 e1g79fud0\"\/><\/p>\n<p>Kevin Mazur<\/p>\n<p data-journey-content=\"true\" data-node-id=\"7\" class=\"css-6wxqfj emevuu60\">En su autobiograf\u00eda, Barbra Streisand habla tambi\u00e9n sobre sus grandes amores. Desde <a href=\"https:\/\/www.harpersbazaar.com\/es\/famosas\/el-estilo-de\/a63911596\/marlon-brando-oscar-1973-rechazo-indios-americanos-maltratos\/\" target=\"_blank\" data-vars-ga-outbound-link=\"https:\/\/www.harpersbazaar.com\/es\/famosas\/el-estilo-de\/a63911596\/marlon-brando-oscar-1973-rechazo-indios-americanos-maltratos\/\" data-vars-ga-ux-element=\"Hyperlink\" data-vars-ga-call-to-action=\"Marlon Brando\" data-node-id=\"7.1\" class=\"body-link css-156jt4g emevuu60\" rel=\"nofollow noopener\">Marlon Brando<\/a>, quien se convirti\u00f3 en su novio de la adolescencia; hasta el primer ministro de Canad\u00e1 Pierre Trudeau \u2013\u00bbmuy elegante, inteligente, intenso\u2026 una especie de combinaci\u00f3n de Albert Einstein y Napole\u00f3n\u00bb, dice en el libro\u2013; pasando por Don Johnson, con quien sali\u00f3 cuando este era el gal\u00e1n del momento gracias a Miami Vice. <\/p>\n<p data-journey-content=\"true\" data-node-id=\"11\" class=\"css-6wxqfj emevuu60\">Otro de los hombres a los que la artista dedica un espacio en su libro es a <strong data-node-id=\"11.2\">Warren Beatty<\/strong>. El actor, quien mantuvo un romance de juventud con la tambi\u00e9n int\u00e9rprete <a href=\"https:\/\/www.harpersbazaar.com\/es\/famosas\/el-estilo-de\/a64944674\/diane-keaton-sobre-sus-ex-al-pacino-warren-beatty-divertido-verlos-ahora-como-padres\/\" target=\"_blank\" data-vars-ga-outbound-link=\"https:\/\/www.harpersbazaar.com\/es\/famosas\/el-estilo-de\/a64944674\/diane-keaton-sobre-sus-ex-al-pacino-warren-beatty-divertido-verlos-ahora-como-padres\/\" data-vars-ga-ux-element=\"Hyperlink\" data-vars-ga-call-to-action=\"Diane Keaton \" data-node-id=\"11.4\" class=\"body-link css-156jt4g emevuu60\" rel=\"nofollow noopener\">Diane Keaton <\/a>y lleva casado con Annette Bening desde 1992, conoci\u00f3 a Barbra Streisand cuando esta apenas ten\u00eda 15 a\u00f1os y, al parecer, tambi\u00e9n vivieron una fugaz historia de amor aunque la protagonista de c\u00e9lebres pel\u00edculas como Tal como \u00e9ramos, Funny Face o El amor tiene dos caras asegura no recordarlo con demasiado nitidez. \u00ab\u00bfMe acost\u00e9 con Warren? Como que recuerdo que s\u00ed. Supongo que s\u00ed. Seguramente una vez\u00bb, se\u00f1al\u00f3 en su biograf\u00eda. <\/p>\n<p><img draggable=\"true\" alt=\"marilyn bergman, stephen sondheim, warren beatty and barbra streisand. **exclusive** ***exclusive*** (photo by mathew imaging\/filmmagic)\" title=\"The Hollywood Bowl Celebrates Stephen Sondheim's 75th Birthday - Backstage\" loading=\"lazy\" width=\"3000\" height=\"2175\" decoding=\"async\" data-nimg=\"1\" style=\"color:transparent;width:100%;height:auto;\"   src=\"https:\/\/www.europesays.com\/es\/wp-content\/uploads\/2025\/09\/gettyimages-110246567-68a351cdf07e3.jpeg\" class=\"css-0 e1g79fud0\"\/>Mathew Imaging<\/p>\n<p>Marilyn Bergman, Stephen Sondheim, Warren Beatty y Barbra Streisand en un evento en 2005.<\/p>\n<p data-journey-content=\"true\" data-node-id=\"14\" class=\"css-6wxqfj emevuu60\">\u00abS\u00e9 que dorm\u00ed en la cama con \u00e9l, pero no recuerdo si realmente tuvimos penetraci\u00f3n. Lo juro por Dios, no puedo. <strong data-node-id=\"14.1\">Hay ciertas cosas que bloqueo de mi mente<\/strong>\u00ab, explic\u00f3 recientemente en una entrevista con el medio <a href=\"https:\/\/www.newyorker.com\/podcast\/the-new-yorker-radio-hour\/barbra-streisand-on-the-secret-of-life\" target=\"_blank\" rel=\"nofollow noopener\" data-vars-ga-outbound-link=\"https:\/\/www.newyorker.com\/podcast\/the-new-yorker-radio-hour\/barbra-streisand-on-the-secret-of-life\" data-vars-ga-ux-element=\"Hyperlink\" data-vars-ga-call-to-action=\"The New Yorker\" data-vars-ga-product-id=\"56bee0d0-0d4e-43d2-b26b-4acb18f8044f\" data-node-id=\"14.3\" data-href=\"https:\/\/www.newyorker.com\/podcast\/the-new-yorker-radio-hour\/barbra-streisand-on-the-secret-of-life\" data-product-url=\"https:\/\/www.newyorker.com\/podcast\/the-new-yorker-radio-hour\/barbra-streisand-on-the-secret-of-life\" data-affiliate=\"false\" data-affiliate-network=\"\" data-vars-ga-product-brand=\"David Remnick\" data-vars-ga-product-price=\"0,00\u00a0$\" data-vars-ga-product-retailer-id=\"f29cc93c-dc1e-4295-bee9-cd65f68166ae\" data-vars-ga-product-sem3-brand=\"David Remnick\" data-vars-ga-link-treatment=\"(not set) | (not set)\" class=\"body-link product-links css-156jt4g e1aq0z090\" data->The New Yorker<\/a>, en la que cont\u00f3 que, pese a su lapsus para retener qu\u00e9 sucedi\u00f3 con Beatty realmente, siguen siendo grandes amigos. \u00abCada a\u00f1o, para mi cumplea\u00f1os, me llama y tenemos una charla maravillosa sobre nuestras vidas, nuestros hijos, etc. As\u00ed que seguimos siendo amigos\u00bb, explic\u00f3. <\/p>\n<p>Contenidos relacionados<\/p>\n","protected":false},"excerpt":{"rendered":"Pocas estrellas hay tan grandes en el mundo del espect\u00e1culo como Barbra Streisand, entre otras cosas porque fue&hellip;\n","protected":false},"author":2,"featured_media":128896,"comment_status":"","ping_status":"","sticky":false,"template":"","format":"standard","meta":{"footnotes":""},"categories":[174],"tags":[255,253,146,147,25,24,256,23],"class_list":{"0":"post-128895","1":"post","2":"type-post","3":"status-publish","4":"format-standard","5":"has-post-thumbnail","7":"category-famosos","8":"tag-celebrities","9":"tag-discover","10":"tag-entertainment","11":"tag-entretenimiento","12":"tag-es","13":"tag-espana","14":"tag-famosos","15":"tag-spain"},"share_on_mastodon":{"url":"","error":""},"_links":{"self":[{"href":"https:\/\/www.europesays.com\/es\/wp-json\/wp\/v2\/posts\/128895","targetHints":{"allow":["GET"]}}],"collection":[{"href":"https:\/\/www.europesays.com\/es\/wp-json\/wp\/v2\/posts"}],"about":[{"href":"https:\/\/www.europesays.com\/es\/wp-json\/wp\/v2\/types\/post"}],"author":[{"embeddable":true,"href":"https:\/\/www.europesays.com\/es\/wp-json\/wp\/v2\/users\/2"}],"replies":[{"embeddable":true,"href":"https:\/\/www.europesays.com\/es\/wp-json\/wp\/v2\/comments?post=128895"}],"version-history":[{"count":0,"href":"https:\/\/www.europesays.com\/es\/wp-json\/wp\/v2\/posts\/128895\/revisions"}],"wp:featuredmedia":[{"embeddable":true,"href":"https:\/\/www.europesays.com\/es\/wp-json\/wp\/v2\/media\/128896"}],"wp:attachment":[{"href":"https:\/\/www.europesays.com\/es\/wp-json\/wp\/v2\/media?parent=128895"}],"wp:term":[{"taxonomy":"category","embeddable":true,"href":"https:\/\/www.europesays.com\/es\/wp-json\/wp\/v2\/categories?post=128895"},{"taxonomy":"post_tag","embeddable":true,"href":"https:\/\/www.europesays.com\/es\/wp-json\/wp\/v2\/tags?post=128895"}],"curies":[{"name":"wp","href":"https:\/\/api.w.org\/{rel}","templated":true}]}}