{"id":128937,"date":"2025-09-21T06:01:09","date_gmt":"2025-09-21T06:01:09","guid":{"rendered":"https:\/\/www.europesays.com\/es\/128937\/"},"modified":"2025-09-21T06:01:09","modified_gmt":"2025-09-21T06:01:09","slug":"figali-convention-center-se-prepara-para-recibir-a-artistas-e-invitados","status":"publish","type":"post","link":"https:\/\/www.europesays.com\/es\/128937\/","title":{"rendered":"Figali Convention Center se prepara para recibir a artistas e invitados"},"content":{"rendered":"<p>\t\t\t\t\t\t<img decoding=\"async\" src=\"\" alt=\"Ana Canto\" class=\"article-body__author-figure-img\"\/>\t\t\t\t\t\t\t <\/p>\n<p data-start=\"62\" data-end=\"344\">Autoridades y equipos de producci\u00f3n de eventos, tanto nacionales como internacionales, se encuentran en el Figali Convention Center, donde se espera la llegada de artistas y asistentes para la celebraci\u00f3n de los<strong> <a href=\"https:\/\/www.telemetro.com\/premios-juventud\/que-bien-tony-dandrades-promociona-los-premios-juventud-2025-y-comparte-su-trayectoria-profesional-n6054702\" target=\"_blank\" rel=\"follow nofollow noopener\" title=\"\u00a1Qu\u00e9 bien! Tony Dandrades promociona los Premios Juventud 2025 y comparte su trayectoria profesional\"> Premios Juventud 2025 <\/a><\/strong> en Panam\u00e1, el jueves 25 de septiembre.<\/p>\n<p data-start=\"346\" data-end=\"586\">Gloria De Le\u00f3n, administradora de la Autoridad de Turismo, calific\u00f3 el evento como una \u00aboportunidad de oro\u00bb para el pa\u00eds, destacando que demuestra la capacidad de Panam\u00e1 para organizar actividades de gran relevancia internacional.<\/p>\n<p data-start=\"588\" data-end=\"858\">En el \u00e1rea externa del recinto se instalar\u00e1 la alfombra azul, destinada al recorrido de artistas e invitados especiales, as\u00ed como un espacio para medios de comunicaci\u00f3n, constituyendo la zona m\u00e1s amplia habilitada para los Premios Juventud en ediciones anteriores.<\/p>\n<p>Embed &#8211; https:\/\/publish.x.com\/oembed?url=https:\/\/x.com\/TReporta\/status\/1969088320501153953&amp;partner=&amp;hide_thread=false<\/p>\n<blockquote data-td-script-src=\"https:\/\/platform.twitter.com\/widgets.js\" class=\"twitter-tweet\">\n<p dir=\"ltr\" lang=\"es\"> \u201cEsto definitivamente es una oportunidad de oro para Panam\u00e1. Cuando vean la magnitud de la tarima, la capacidad de gente que va a recibir el Figali, todo lo que se va a montar aqu\u00ed en el \u00e1rea de la alfombra azul, los artistas que vamos a recibir, definitivamente es una\u2026 <a href=\"https:\/\/t.co\/UJCb3yfF0D\" rel=\"nofollow\">pic.twitter.com\/UJCb3yfF0D<\/a><\/p>\n<p> \u2014 Telemetro Reporta (@TReporta) <a href=\"https:\/\/twitter.com\/TReporta\/status\/1969088320501153953?ref_src=twsrc%5Etfw\" rel=\"nofollow noopener\" target=\"_blank\">September 19, 2025<\/a><\/p><\/blockquote>\n<p data-start=\"860\" data-end=\"1245\">Ulises Chang, vicepresidente de Live Music Event, productora del evento, indic\u00f3 que han trabajado en conjunto con Magic Dreams y m\u00e1s de 2 mil trabajadores paname\u00f1os, quienes han recibido capacitaci\u00f3n en la organizaci\u00f3n de eventos de esta magnitud. Adem\u00e1s, Chang inform\u00f3 que desde temprano se entregar\u00e1n premios a trav\u00e9s de las redes sociales a los seguidores de la actividad.<\/p>\n<p data-start=\"1247\" data-end=\"1416\">Durante la noche del jueves se celebrar\u00e1 la cultura paname\u00f1a, reconocida por su riqueza musical y tradiciones, y se prev\u00e9n m\u00e1s de 50 presentaciones art\u00edsticas.<\/p>\n<p> \u00bfD\u00f3nde ver los Premios Juventud 2025? <\/p>\n<p data-start=\"1759\" data-end=\"2055\">El evento se transmitir\u00e1 en vivo el pr\u00f3ximo jueves 25 de septiembre a trav\u00e9s de Telemetro y RPC, as\u00ed como en sus plataformas digitales <a href=\"https:\/\/www.telemetro.com\/endirecto\" target=\"_blank\" rel=\"follow noopener nofollow\" data-mrf-link=\"https:\/\/www.telemetro.com\/endirecto\" cmp-ltrk=\"Links en Article Body\" cmp-ltrk-idx=\"3\" mrfobservableid=\"c3d0bfa7-b4fd-436c-a6a7-6ed83a93344d\"><strong>Telemetro.com <\/strong><\/a> y el canal de YouTube de La Mordida, a partir de las 4:00 p.m., con entrevistas exclusivas y todos los detalles de la gala.<\/p>\n<p>Embed &#8211; https:\/\/publish.x.com\/oembed?url=https:\/\/x.com\/TReporta\/status\/1969094028521083250&amp;partner=&amp;hide_thread=false<\/p>\n<blockquote data-td-script-src=\"https:\/\/platform.twitter.com\/widgets.js\" class=\"twitter-tweet\">\n<p dir=\"ltr\" lang=\"es\"> Afinan los detalles en el Centro de Convenciones Amador, antiguo Figali, para el desarrollo de los <a href=\"https:\/\/twitter.com\/hashtag\/PremiosJuventud?src=hash&amp;ref_src=twsrc%5Etfw\" rel=\"nofollow noopener\" target=\"_blank\">#PremiosJuventud<\/a> 2025, el pr\u00f3ximo jueves 25 de septiembre.<\/p>\n<p>La administradora de la Autoridad de Turismo de Panam\u00e1, Gloria De Le\u00f3n, detalla que los preparativos llevan cerca de 85%\u2026 <a href=\"https:\/\/t.co\/gMh0jl3HJw\" rel=\"nofollow\">pic.twitter.com\/gMh0jl3HJw<\/a><\/p>\n<p> \u2014 Telemetro Reporta (@TReporta) <a href=\"https:\/\/twitter.com\/TReporta\/status\/1969094028521083250?ref_src=twsrc%5Etfw\" rel=\"nofollow noopener\" target=\"_blank\">September 19, 2025<\/a><\/p><\/blockquote>\n","protected":false},"excerpt":{"rendered":"Autoridades y equipos de producci\u00f3n de eventos, tanto nacionales como internacionales, se encuentran en el Figali Convention Center,&hellip;\n","protected":false},"author":2,"featured_media":128938,"comment_status":"","ping_status":"","sticky":false,"template":"","format":"standard","meta":{"footnotes":""},"categories":[170],"tags":[146,147,25,24,184,185,23],"class_list":{"0":"post-128937","1":"post","2":"type-post","3":"status-publish","4":"format-standard","5":"has-post-thumbnail","7":"category-musica","8":"tag-entertainment","9":"tag-entretenimiento","10":"tag-es","11":"tag-espana","12":"tag-music","13":"tag-musica","14":"tag-spain"},"share_on_mastodon":{"url":"","error":""},"_links":{"self":[{"href":"https:\/\/www.europesays.com\/es\/wp-json\/wp\/v2\/posts\/128937","targetHints":{"allow":["GET"]}}],"collection":[{"href":"https:\/\/www.europesays.com\/es\/wp-json\/wp\/v2\/posts"}],"about":[{"href":"https:\/\/www.europesays.com\/es\/wp-json\/wp\/v2\/types\/post"}],"author":[{"embeddable":true,"href":"https:\/\/www.europesays.com\/es\/wp-json\/wp\/v2\/users\/2"}],"replies":[{"embeddable":true,"href":"https:\/\/www.europesays.com\/es\/wp-json\/wp\/v2\/comments?post=128937"}],"version-history":[{"count":0,"href":"https:\/\/www.europesays.com\/es\/wp-json\/wp\/v2\/posts\/128937\/revisions"}],"wp:featuredmedia":[{"embeddable":true,"href":"https:\/\/www.europesays.com\/es\/wp-json\/wp\/v2\/media\/128938"}],"wp:attachment":[{"href":"https:\/\/www.europesays.com\/es\/wp-json\/wp\/v2\/media?parent=128937"}],"wp:term":[{"taxonomy":"category","embeddable":true,"href":"https:\/\/www.europesays.com\/es\/wp-json\/wp\/v2\/categories?post=128937"},{"taxonomy":"post_tag","embeddable":true,"href":"https:\/\/www.europesays.com\/es\/wp-json\/wp\/v2\/tags?post=128937"}],"curies":[{"name":"wp","href":"https:\/\/api.w.org\/{rel}","templated":true}]}}