{"id":128950,"date":"2025-09-21T06:09:16","date_gmt":"2025-09-21T06:09:16","guid":{"rendered":"https:\/\/www.europesays.com\/es\/128950\/"},"modified":"2025-09-21T06:09:16","modified_gmt":"2025-09-21T06:09:16","slug":"el-desfile-de-carrozas-acto-central-de-las-fiestas-de-septiembre","status":"publish","type":"post","link":"https:\/\/www.europesays.com\/es\/128950\/","title":{"rendered":"El Desfile de Carrozas, acto central de las Fiestas de Septiembre \u00a0"},"content":{"rendered":"<p>                            <img decoding=\"async\" alt=\"\" class=\"w-100 img-box\" data-fileentryid=\"3840932\" src=\"https:\/\/www.europesays.com\/es\/wp-content\/uploads\/2025\/09\/49bc0be2-e139-eed7-c0b5-3b5359dc3d77\"\/><\/p>\n<p>Imagen de archivo de la carroza ganadora de 2024: \u00abBienvenido al infierno\u00bb, de la pe\u00f1a Chupichusky&#8217;s. Fotograf\u00eda: Ayuntamiento de Azuqueca<\/p>\n<p>Se celebra este domingo 21, con salida a las 21 horas desde la calle R\u00edo Henares y llegada en la plaza de La Constituci\u00f3n<\/p>\n<p>Las Fiestas de Septiembre de Azuqueca de Henares celebran este tercer domingo de mes, d\u00eda 21, su acto central: el Desfile de Carrozas, declarado de Inter\u00e9s Tur\u00edstico Regional y que alcanza la edici\u00f3n n\u00famero 48. \u201cDesde junio, son muchas las horas de trabajo e ilusi\u00f3n que han dedicado nuestras 25 Pe\u00f1as P\u00fablicas para elaborar los dise\u00f1os de los que vamos a disfrutar esta noche\u201d, destaca el alcalde, Miguel \u00d3scar Aparicio, quien a\u00f1ade que \u201cparticipan m\u00e1s de 2.500 pe\u00f1istas en la preparaci\u00f3n de las carrozas y, durante el desfile, acompa\u00f1\u00e1ndolas con disfraces y coreograf\u00edas\u201d.<\/p>\n<p>La concejala de Fiestas, Charo Mart\u00edn, repasa el recorrido habitual: \u201cel desfile comienza a las 21 horas con salida en la calle R\u00edo Henares, contin\u00faa por la carretera de Alovera y las avenidas de Torrelaguna y de Francisco Vives hasta llegar en el Ayuntamiento, en la plaza de La Constituci\u00f3n, donde, al finalizar, se dar\u00e1 a conocer la decisi\u00f3n del jurado y se entregar\u00e1n los premios a las cinco mejores carrozas\u201d.<\/p>\n<p><strong>Recorrido vallado<\/strong><\/p>\n<p>\u201cCon el fin de aumentar la seguridad y evitar situaciones de riesgo, el recorrido estar\u00e1 vallado\u201d, aclara la edil. Como novedad, este a\u00f1o se utilizar\u00e1n las vallas inclinadas adquiridas por el Ayuntamiento por un importe de 70.785 euros, impuestos incluidos. \u201cSin necesidad de gastar en el alquiler, la inversi\u00f3n se amortizar\u00e1 en un a\u00f1o ya que se podr\u00e1n utilizar en otros eventos como la Cabalgata de Reyes o citas deportivas\u201d.<\/p>\n<p><strong>Voto del p\u00fablico<\/strong><\/p>\n<p>Adem\u00e1s de la valoraci\u00f3n del jurado, el p\u00fablico podr\u00e1 votar en cuanto la primera carroza, a cargo de la Pe\u00f1a P\u00fablica El Catre, abra el desfile en la calle R\u00edo Henares y hasta que la \u00faltima, de La 22, salga de la plaza de La Constituci\u00f3n. Para ello, las personas interesadas deber\u00e1n utilizar el c\u00f3digo QR que se publicar\u00e1 en las redes sociales municipales y se colocar\u00e1 en carteles en distintos puntos del recorrido y en las carrozas.<\/p>\n<p><strong>Concurso fotogr\u00e1fico<\/strong><\/p>\n<p>La concejala recuerda que el Ayuntamiento y la empresa local Saint Gobain Isover Ib\u00e9rica, S.L., convocan el 16\u00ba Concurso Fotogr\u00e1fico de Carrozas de las Fiestas de Septiembre 2025. Cada participante podr\u00e1 presentar un m\u00e1ximo de tres im\u00e1genes, originales e in\u00e9ditas, en formato digital, con cualquier t\u00e9cnica y a color o blanco y negro. Deben ser fotograf\u00edas que, seg\u00fan recogen las bases, \u201creflejen la esencia del desfile, las comparsas y\/o las carrozas\u201d tomadas el 21 de septiembre de 2025. El jurado valorar\u00e1 la calidad de las im\u00e1genes, la idea expresada y la expresi\u00f3n art\u00edstica y se conceder\u00e1n un total de tres premios econ\u00f3micos por un importe de 500, 300 y 150 euros, respectivamente, acompa\u00f1ados de un diploma. Las fotograf\u00edas se deber\u00e1n enviar por correo electr\u00f3nico a <a href=\"https:\/\/www.azuqueca.es\/-\/mailto:concursofotografico@azuqueca.net\" rel=\"nofollow noopener\" target=\"_blank\">concursofotografico@azuqueca.net<\/a>, entre el 23 y el 30 de septiembre. Se conceden tres premios econ\u00f3micos, de 500, 300 y 150 euros, a las tres mejores fotograf\u00edas. El jurado se reunir\u00e1 el 6 de octubre a las 19 horas en la Casa de la Cultura y el fallo es p\u00fablico. La entrega de premios e inauguraci\u00f3n de la exposici\u00f3n con las im\u00e1genes ganadoras y seleccionadas se ha programado para el 13 de octubre, tambi\u00e9n a las 19 horas, en el Centro de Ocio R\u00edo Henares.<\/p>\n<p>Programa completo de las Fiestas de Septiembre de Azuqueca de Henares 2025, pinchando <a target=\"_blank\" href=\"https:\/\/www.azuqueca.es\/documents\/37218\/3586086\/programa_Fiestas_Septiembre_2025.pdf\/db34cdfe-161f-c385-895d-53d8b9950ee2?t=1757500800407\" rel=\"nofollow noopener\">AQU\u00cd<\/a>.<br \/>\u00a0<\/p>\n","protected":false},"excerpt":{"rendered":"Imagen de archivo de la carroza ganadora de 2024: \u00abBienvenido al infierno\u00bb, de la pe\u00f1a Chupichusky&#8217;s. Fotograf\u00eda: Ayuntamiento&hellip;\n","protected":false},"author":2,"featured_media":128951,"comment_status":"","ping_status":"","sticky":false,"template":"","format":"standard","meta":{"footnotes":""},"categories":[8],"tags":[17,18,25,24,13,14,43,11,19,20,9,10,15,16,23,12,21,22],"class_list":{"0":"post-128950","1":"post","2":"type-post","3":"status-publish","4":"format-standard","5":"has-post-thumbnail","7":"category-espana","8":"tag-breaking-news","9":"tag-breakingnews","10":"tag-es","11":"tag-espana","12":"tag-featured-news","13":"tag-featurednews","14":"tag-fiestas","15":"tag-headlines","16":"tag-latest-news","17":"tag-latestnews","18":"tag-news","19":"tag-noticias","20":"tag-noticias-destacadas","21":"tag-noticiasdestacadas","22":"tag-spain","23":"tag-titulares","24":"tag-ultimas-noticias","25":"tag-ultimasnoticias"},"share_on_mastodon":{"url":"","error":""},"_links":{"self":[{"href":"https:\/\/www.europesays.com\/es\/wp-json\/wp\/v2\/posts\/128950","targetHints":{"allow":["GET"]}}],"collection":[{"href":"https:\/\/www.europesays.com\/es\/wp-json\/wp\/v2\/posts"}],"about":[{"href":"https:\/\/www.europesays.com\/es\/wp-json\/wp\/v2\/types\/post"}],"author":[{"embeddable":true,"href":"https:\/\/www.europesays.com\/es\/wp-json\/wp\/v2\/users\/2"}],"replies":[{"embeddable":true,"href":"https:\/\/www.europesays.com\/es\/wp-json\/wp\/v2\/comments?post=128950"}],"version-history":[{"count":0,"href":"https:\/\/www.europesays.com\/es\/wp-json\/wp\/v2\/posts\/128950\/revisions"}],"wp:featuredmedia":[{"embeddable":true,"href":"https:\/\/www.europesays.com\/es\/wp-json\/wp\/v2\/media\/128951"}],"wp:attachment":[{"href":"https:\/\/www.europesays.com\/es\/wp-json\/wp\/v2\/media?parent=128950"}],"wp:term":[{"taxonomy":"category","embeddable":true,"href":"https:\/\/www.europesays.com\/es\/wp-json\/wp\/v2\/categories?post=128950"},{"taxonomy":"post_tag","embeddable":true,"href":"https:\/\/www.europesays.com\/es\/wp-json\/wp\/v2\/tags?post=128950"}],"curies":[{"name":"wp","href":"https:\/\/api.w.org\/{rel}","templated":true}]}}