{"id":128954,"date":"2025-09-21T06:15:11","date_gmt":"2025-09-21T06:15:11","guid":{"rendered":"https:\/\/www.europesays.com\/es\/128954\/"},"modified":"2025-09-21T06:15:11","modified_gmt":"2025-09-21T06:15:11","slug":"como-djokovic-paso-de-heroe-a-traidor-en-la-serbia-de-vucic-por-dar-voz-a-los-criticos","status":"publish","type":"post","link":"https:\/\/www.europesays.com\/es\/128954\/","title":{"rendered":"c\u00f3mo Djokovic pas\u00f3 de h\u00e9roe a &#8216;traidor&#8217; en la Serbia de Vucic por dar voz a los cr\u00edticos"},"content":{"rendered":"<p id=\"paragraph_1\">El idilio que durante a\u00f1os mantuvieron <strong>Novak Djokovic<\/strong> y el presidente serbio <strong>Aleksandar Vu\u010di\u0107 <\/strong>termin\u00f3 cuando el tenista, h\u00e9roe nacional, tom\u00f3 partido a favor de las protestas estudiantiles que sacudieron como nunca antes los cimientos de su r\u00e9gimen.<\/p>\n<p class=\"paragraph\" id=\"paragraph_2\">En el pasado, Nole hab\u00eda emitido se\u00f1ales de distanciamiento con el mandatario, criado pol\u00edticamente como ministro de Informaci\u00f3n de <strong>Slobodan Milo\u0161evi\u0107<\/strong>. Se mostr\u00f3 cr\u00edtico, por ejemplo, con el acuerdo para la explotaci\u00f3n de litio en el yacimiento de Jadar, en el oeste de Serbia, que Vu\u010di\u0107 alcanz\u00f3 en 2021 con la gigante minera Rio Tinto y que soliviant\u00f3 a la poblaci\u00f3n local y a las organizaciones ecologistas.<\/p>\n<p class=\"paragraph\" id=\"paragraph_3\">Pero ninguna hab\u00eda afectado tanto a la legitimidad de Vu\u010di\u0107.<\/p>\n<p><img decoding=\"async\" alt=\"Aleksandar Vucic, presidente de Serbia, durante una comparecencia\" data-imgm=\"true\" height=\"240\" loading=\"lazy\"  src=\"https:\/\/www.europesays.com\/es\/wp-content\/uploads\/2025\/09\/642446668_221117713_854x640.jpg\"  width=\"320\"\/><\/p>\n<p>                                                            Aleksandar Vucic, presidente de Serbia, durante una comparecencia<\/p>\n<p>                    Reuters<\/p>\n<p class=\"paragraph\" id=\"paragraph_4\">Las marchas multitudinarias contra el gobernante Partido Progresista Serbio (SNS) germinaron en noviembre del a\u00f1o pasado en las aulas universitarias. El desprendimiento de la marquesina exterior de la estaci\u00f3n de tren de Novi Sad desencaden\u00f3 la ira de los estudiantes.<\/p>\n<p class=\"paragraph\" id=\"paragraph_5\">Quince personas murieron en el acto. Un joven de 19 a\u00f1os, <strong>Vuka\u0161in Crn\u010devi\u0107<\/strong>, perdi\u00f3 la vida cinco meses despu\u00e9s a causa de las heridas. Es la v\u00edctima n\u00famero diecis\u00e9is de la tragedia.<\/p>\n<p class=\"paragraph\" id=\"paragraph_6\">La investigaci\u00f3n judicial no tard\u00f3 en aflorar las negligencias de la obra p\u00fablica. El proyecto, valorado en 1.300 millones de euros, se financi\u00f3 a trav\u00e9s de un acuerdo de pr\u00e9stamo entre el Gobierno serbio, el Banco Exim de China y el Gobierno ruso bajo el marco de cooperaci\u00f3n entre China y los pa\u00edses de Europa Central y del Este.<\/p>\n<p class=\"paragraph\" id=\"paragraph_7\">Antes de que el techo de la estaci\u00f3n se viniera abajo el primer d\u00eda de noviembre, muchos ciudadanos serbios hab\u00edan denunciado que las obras reproduc\u00edan punto por punto el modus operandi del r\u00e9gimen de Vu\u010di\u0107: corrupci\u00f3n, secretismo y falta de rendici\u00f3n de cuentas.<\/p>\n<p class=\"paragraph\" id=\"paragraph_8\">Hay doce personas imputadas en la causa. En la lista de investigados figura <strong>Goran Vesi\u0107<\/strong>, exministro de Construcci\u00f3n, Transporte e Infraestructura de Vu\u010di\u0107. El entonces alcalde de Novi Sad, <strong>Milan \u0110uri\u0107<\/strong>, otro estrecho aliado del presidente, tambi\u00e9n tiene un asiento reservado en el banquillo de los acusados.<\/p>\n<p><img loading=\"lazy\" decoding=\"async\" alt=\"4:3 Alcaraz Djokovic\" height=\"180\" src=\"https:\/\/www.europesays.com\/es\/wp-content\/uploads\/2025\/09\/875672675_248269004_320x180.jpg\" width=\"320\" data-lazy-status=\"processed\" data-lazy-info=\"remove loading item 1\"\/><\/p>\n<p>Voz autorizada<\/p>\n<p class=\"paragraph\" id=\"paragraph_9\">Un mes despu\u00e9s del inicio de las protestas, Djokovic cerr\u00f3 filas con los j\u00f3venes \u2014y los no tan j\u00f3venes\u2014 que piden un cambio de rumbo. \u00abComo alguien que cree profundamente en el poder de los j\u00f3venes y en su deseo de un futuro mejor, creo que es importante que sus voces sean escuchadas\u00bb, escribi\u00f3 en redes sociales.<\/p>\n<p class=\"paragraph\" id=\"paragraph_10\">El h\u00e9roe nacional impuls\u00f3 con sus declaraciones el movimiento estudiantil. Un movimiento horizontal, sin l\u00edderes, que descarta cualquier asociaci\u00f3n con los partidos pol\u00edticos tradicionales y cuyas demandas iniciales eran claras: hacer p\u00fablicos todos los documentos relacionados con la renovaci\u00f3n de la estaci\u00f3n de Novi Sad y procesar a todos los implicados en los ataques a estudiantes y profesores durante las protestas.<\/p>\n<p class=\"paragraph\" id=\"paragraph_11\">En lugar de escuchar, Vu\u010di\u0107 aplic\u00f3 el manual represivo.<\/p>\n<p class=\"paragraph\" id=\"paragraph_12\">El mejor deportista serbio de todos los tiempos \u2014como acreditan los veinticuatro t\u00edtulos de Grand Slam que luce en su vitrina\u2014 rompi\u00f3 su silencio sobre este asunto poco antes del primer grande de la temporada, el Open de Australia. Un pa\u00eds que dos a\u00f1os antes le hab\u00eda cerrado la puerta por no presentar el certificado de vacunaci\u00f3n del Covid-19.<\/p>\n<p class=\"paragraph\" id=\"paragraph_13\">Vu\u010di\u0107 denunci\u00f3 entonces \u00abel maltrato\u00bb que estaba sufriendo el deportista y le mostr\u00f3 su apoyo cuando se convirti\u00f3 en paria en el circuito ten\u00edstico por su postura antivacunas.<\/p>\n<p class=\"paragraph\" id=\"paragraph_14\">Quiz\u00e1s por ese motivo, Vu\u010di\u0107 no entendi\u00f3 su apoyo a las protestas. No encaj\u00f3 bien el rev\u00e9s de su querido Nole. Al principio, el presidente trat\u00f3 de quitarle hierro al asunto. \u00ab[Djokovic] ha hecho tanto por Serbia que nunca dir\u00e9 una palabra mala [de \u00e9l]\u00bb, declar\u00f3 en el canal TV Informer. \u00abPuede hablar en mi contra todo lo que quiera, apoyar a mis rivales pol\u00edticos, pero ser\u00eda tonto y est\u00fapido decir algo malo de \u00e9l\u00bb.<\/p>\n<p class=\"paragraph\" id=\"paragraph_15\">Pero pronto pas\u00f3 a considerarle un \u00abtraidor\u00bb.<\/p>\n<p class=\"paragraph\" id=\"paragraph_16\">Ahora, los tabloides serbios que controla su Gobierno, que hab\u00edan elevado a Nole a categor\u00eda de semidi\u00f3s, le acusan de estar \u00abdel lado del caos\u00bb, \u00abcon los hooligans\u00bb. Los propagandistas de Vu\u010di\u0107 han llegado incluso a insinuar que consume sustancias ilegales para mejorar su rendimiento en la pista.<\/p>\n<p class=\"paragraph\" id=\"paragraph_17\">La campa\u00f1a de descr\u00e9dito no consigui\u00f3 su cometido de acallar a Djokovic. El tenista no se muerde la lengua. \u00abHay una escalada grave, estamos literalmente al borde de una guerra civil. Espero que la situaci\u00f3n se tranquilice un poco, pero no hay ning\u00fan indicio de que eso vaya a pasar\u00bb, advirti\u00f3 hace apenas unas semanas desde la sala de prensa del US Open.<\/p>\n<p class=\"paragraph\" id=\"paragraph_18\">\u00abLa situaci\u00f3n general en el pa\u00eds es tal que a la gente ya le importa muy poco el deporte\u00bb, lament\u00f3. \u00abSin querer entrar en cuestiones pol\u00edticas, porque ya he hablado bastante, espero que se calmen un poco los \u00e1nimos\u00bb.<\/p>\n<p class=\"paragraph\" id=\"paragraph_19\">El tenista serbio tambi\u00e9n explic\u00f3 desde Nueva York la decisi\u00f3n de cambiar la sede de su torneo de tenis, de categor\u00eda ATP 250, que sol\u00eda celebrarse en Belgrado. Se disputar\u00e1 el pr\u00f3ximo mes de noviembre en Atenas.<\/p>\n<p class=\"paragraph\" id=\"paragraph_20\">\u00abLo \u00fanico que puedo decir es que no quer\u00edamos trasladar el torneo, pero por desgracia, as\u00ed est\u00e1n las cosas\u00bb, se justific\u00f3 Nole, que elogi\u00f3 a Grecia, su pa\u00eds de acogida. \u00abEstamos deseando ir a Atenas, donde realmente nos han recibido con mucha amabilidad\u00bb.<\/p>\n<p class=\"paragraph\" id=\"paragraph_21\">Seg\u00fan la prensa local, Djokovic ha establecido su residencia en la capital helena. Vive de alquiler en el lujoso barrio de Glyfada, a tiro de piedra del centro. En verano, Nole se reuni\u00f3 hasta en dos ocasiones con el primer ministro griego, <strong>Kyriakos Mitsotakis<\/strong>.<\/p>\n<p class=\"paragraph\" id=\"paragraph_22\">El l\u00edder conservador hizo p\u00fablico el segundo encuentro con el tenista el pasado agosto, en la isla de Tenos. Visitaron juntos la iglesia de Santa Mar\u00eda del Anunciador, el santuario ortodoxo de peregrinaci\u00f3n m\u00e1s importante de Grecia.<\/p>\n<blockquote class=\"twitter-tweet\" data-media-max-width=\"560\">\n<p dir=\"ltr\" lang=\"en\">Tennis legend Novak Djokovic and Greek PM Kyriakos Mitsotakis share a special moment at the Panagia Evangelistria Church in Tinos, venerating the sacred Megalochari icon. \ud83c\udf1f\ud83d\ude4f Spending his summer in Greece, Djokovic\u2019s visit highlights his deep faith and growing love for the\u2026 <a href=\"https:\/\/t.co\/JwEUzLajK0\" rel=\"nofollow\" target=\"_blank\">pic.twitter.com\/JwEUzLajK0<\/a><\/p>\n<p>\u2014 Greek City Times (@greekcitytimes) <a href=\"https:\/\/twitter.com\/greekcitytimes\/status\/1951592416286560657?ref_src=twsrc%5Etfw\" rel=\"nofollow noopener\" target=\"_blank\">August 2, 2025<\/a><\/p><\/blockquote>\n<p class=\"paragraph\" id=\"paragraph_24\">\u00abPor encima de todo, [Djokovic] ha defendido los intereses de su pueblo\u00bb, escribe el columnista <strong>Aleksandar Mileti\u0107<\/strong> en las p\u00e1ginas del diario Politika. \u00abEn Roland Garros 2023, escribi\u00f3 en la c\u00e1mara \u2018Kosovo es el coraz\u00f3n de Serbia\u2019, arriesg\u00e1ndose a ser expulsado del torneo. Apoy\u00f3 la \u2018defensa de los lugares sagrados\u2019 en Montenegro, se opuso a la explotaci\u00f3n de litio en Serbia, defendi\u00f3 a los deportistas rusos y bielorrusos cuando el mundo entero los rechazaba; y al mismo tiempo ofreci\u00f3 ayuda financiera y de todo tipo a las v\u00edctimas de la guerra en Ucrania\u00bb.<\/p>\n<p class=\"paragraph\" id=\"paragraph_25\">Mileti\u0107 recuerda c\u00f3mo \u00abla mitad de Serbia lo critic\u00f3 por decir, durante el Mundial de Rusia 2018, que apoyar\u00eda a Croacia tras la eliminaci\u00f3n del combinado serbio, pero \u00e9l \u2013como siempre\u2013 dijo lo que sent\u00eda en el coraz\u00f3n, que percibe a toda la regi\u00f3n como propia\u00bb.<\/p>\n<p class=\"paragraph\" id=\"paragraph_26\">\u00abLo que hace Djokovic no tiene nada que ver con la pol\u00edtica, la cual \u2014como \u00e9l mismo dijo una vez no le interesa en absoluto\u00bb, sentencia el columnista.<\/p>\n<p class=\"paragraph\" id=\"paragraph_27\">Djokovic no es el \u00fanico gran deportista serbio que ha mostrado su apoyo a los estudiantes. El m\u00edtico exjugador de baloncesto <strong>Dejan Bodiroga<\/strong> hizo lo propio, del mismo modo que el actual capit\u00e1n de la selecci\u00f3n de baloncesto, <strong>Bogdan Bogdanovi\u0107<\/strong>. Aunque otras figuras de la talla de\u00a0<strong>Nikola Joki\u0107<\/strong> siguen guardando silencio.<\/p>\n<p>Hartazgo<\/p>\n<p class=\"paragraph\" id=\"paragraph_28\">La tragedia de Novi Sad cataliz\u00f3 \u00abla erupci\u00f3n de un resentimiento p\u00fablico antiguo ante la delincuencia end\u00e9mica\u00bb, escribe el analista <strong>Mike Smeltzer<\/strong> en Freedom House. La concentraci\u00f3n de poder en manos de Vu\u010di\u0107 permiti\u00f3 \u00abuna corrupci\u00f3n generalizada, con contratos p\u00fablicos lucrativos adjudicados en funci\u00f3n de lazos pol\u00edticos m\u00e1s que de competencia libre y capacidad\u00bb, a\u00f1ade.<\/p>\n<p class=\"paragraph\" id=\"paragraph_29\">A lo largo de la \u00faltima d\u00e9cada, Serbia ha registrado protestas multitudinarias. Sus ciudadanos salieron a las calles para protestar contra los pelotazos urban\u00edsticos de la capital, en 2017; contra las agresiones a los l\u00edderes opositores, en 2018; contra el proyecto de explotaci\u00f3n de litio, en 2021; por los dos tiroteos sufridos en escuelas.<\/p>\n<p class=\"paragraph\" id=\"paragraph_30\">Y sin embargo ninguna protesta fue tan nutrida como esta \u00faltima.<\/p>\n<p class=\"paragraph\" id=\"paragraph_31\">El presidente atribuye las movilizaciones masivas a una campa\u00f1a de influencia extranjera. Habla de una \u00abrevoluci\u00f3n de color\u00bb. Es la forma de justificar la represi\u00f3n policial que desde el primer d\u00eda aplic\u00f3 sobre los manifestantes.<\/p>\n<p class=\"paragraph\" id=\"paragraph_32\">En los primeros meses, sacrific\u00f3 en pos de su propia supervivencia al alcalde de Novi Sad y a su primer ministro, <strong>Milo\u0161 Vu\u010devi\u0107<\/strong>, que anunci\u00f3 su dimisi\u00f3n a principios de enero. Pero no consigui\u00f3 templar los \u00e1nimos de los estudiantes.<\/p>\n<p class=\"paragraph\" id=\"paragraph_33\">Los fusibles no sirvieron. Por eso, Vu\u010di\u0107 decidi\u00f3 cambiar de estrategia y redoblar la ofensiva. Pas\u00f3 a criminalizar a los manifestantes, a los que tacha de delincuentes. Incluso lleg\u00f3 a denunciar en la televisi\u00f3n nacional que los estudiantes planean su asesinato.<\/p>\n<p><img decoding=\"async\" alt=\"El primer ministro serbio Milos Vucevic en una foto de archivo.\" height=\"180\" loading=\"lazy\" width=\"320\" data-lazy-status=\"processed\" id=\"8f86b83260\" src=\"https:\/\/www.elespanol.com\/mundo\/europa\/20250921\/amor-odio-solo-paso-djokovic-heroe-traidor-serbia-vucic-dar-voz-criticos\/[\" https:=\"\" data-lazy-info=\"changed src\"\/><\/p>\n<p class=\"paragraph\" id=\"paragraph_34\">Esta semana, sin ir m\u00e1s lejos, Vu\u010di\u0107 compar\u00f3 su caso con el asesinato del activista ultraconservador <strong>Charlie Kirk<\/strong> en Utah. Una t\u00e1ctica habitual que antes hab\u00eda utilizado con el intento de magnicidio que sufri\u00f3\u00a0<strong>Robert Fico<\/strong>, el primer ministro eslovaco.<\/p>\n<p class=\"paragraph\" id=\"paragraph_35\">El presidente serbio es h\u00e1bil. A pesar del descontento casi generalizado, conserva el respaldo de la Uni\u00f3n Europea, Estados Unidos y Rusia. Un equilibrio imposible que mantiene gracias a su imagen de garante de la estabilidad en el siempre convulso pa\u00eds balc\u00e1nico. Pero nada dura para siempre.<\/p>\n<p><script async src=\"https:\/\/platform.twitter.com\/widgets.js\" charset=\"utf-8\"><\/script><\/p>\n","protected":false},"excerpt":{"rendered":"El idilio que durante a\u00f1os mantuvieron Novak Djokovic y el presidente serbio Aleksandar Vu\u010di\u0107 termin\u00f3 cuando el tenista,&hellip;\n","protected":false},"author":2,"featured_media":128955,"comment_status":"","ping_status":"","sticky":false,"template":"","format":"standard","meta":{"footnotes":""},"categories":[274],"tags":[168,25,24,700,547,5389,23,167,327,326],"class_list":{"0":"post-128954","1":"post","2":"type-post","3":"status-publish","4":"format-standard","5":"has-post-thumbnail","7":"category-tenis","8":"tag-deportes","9":"tag-es","10":"tag-espana","11":"tag-europa","12":"tag-novak-djokovic","13":"tag-serbia","14":"tag-spain","15":"tag-sports","16":"tag-tenis","17":"tag-tennis"},"share_on_mastodon":{"url":"","error":""},"_links":{"self":[{"href":"https:\/\/www.europesays.com\/es\/wp-json\/wp\/v2\/posts\/128954","targetHints":{"allow":["GET"]}}],"collection":[{"href":"https:\/\/www.europesays.com\/es\/wp-json\/wp\/v2\/posts"}],"about":[{"href":"https:\/\/www.europesays.com\/es\/wp-json\/wp\/v2\/types\/post"}],"author":[{"embeddable":true,"href":"https:\/\/www.europesays.com\/es\/wp-json\/wp\/v2\/users\/2"}],"replies":[{"embeddable":true,"href":"https:\/\/www.europesays.com\/es\/wp-json\/wp\/v2\/comments?post=128954"}],"version-history":[{"count":0,"href":"https:\/\/www.europesays.com\/es\/wp-json\/wp\/v2\/posts\/128954\/revisions"}],"wp:featuredmedia":[{"embeddable":true,"href":"https:\/\/www.europesays.com\/es\/wp-json\/wp\/v2\/media\/128955"}],"wp:attachment":[{"href":"https:\/\/www.europesays.com\/es\/wp-json\/wp\/v2\/media?parent=128954"}],"wp:term":[{"taxonomy":"category","embeddable":true,"href":"https:\/\/www.europesays.com\/es\/wp-json\/wp\/v2\/categories?post=128954"},{"taxonomy":"post_tag","embeddable":true,"href":"https:\/\/www.europesays.com\/es\/wp-json\/wp\/v2\/tags?post=128954"}],"curies":[{"name":"wp","href":"https:\/\/api.w.org\/{rel}","templated":true}]}}