{"id":128966,"date":"2025-09-21T06:22:13","date_gmt":"2025-09-21T06:22:13","guid":{"rendered":"https:\/\/www.europesays.com\/es\/128966\/"},"modified":"2025-09-21T06:22:13","modified_gmt":"2025-09-21T06:22:13","slug":"he-disfrutado-mucho-de-los-libros-de-gabriel-garcia-marquez","status":"publish","type":"post","link":"https:\/\/www.europesays.com\/es\/128966\/","title":{"rendered":"\u201cHe disfrutado mucho de los libros de Gabriel Garc\u00eda M\u00e1rquez\u201d"},"content":{"rendered":"<p data-gtm-element-container=\"modulo-texto-link\" class=\"paragraph\">Stonehenge (R. Unido), 21 sep (EFE).- Si hay un escritor en lengua hispana que pueda destacar el brit\u00e1nico Ken Follett, autor del bestseller &#8216;Los pilares de la tierra&#8217;, entre otros, ese es el colombiano Gabriel Garc\u00eda M\u00e1rquez, con cuya obra, asegura, ha \u201cdisfrutado\u201d mucho.<\/p>\n<p data-gtm-element-container=\"modulo-texto-link\" class=\"paragraph\">Follett, gran lector adem\u00e1s de escritor -\u201dno paro de leer\u201d, asegura- destac\u00f3 al Premio Nobel de Literatura colombiano en la entrevista que mantuvo con EFE en Stonehenge, el complejo megal\u00edtico situado en el sur del Reino Unido, escenario de su nueva novela &#8216;El c\u00edrculo de los d\u00edas&#8217; que saldr\u00e1 a la venta el pr\u00f3ximo martes en su versi\u00f3n en ingl\u00e9s, y en octubre en espa\u00f1ol.<\/p>\n<p data-gtm-element-container=\"modulo-texto-link\" class=\"paragraph\">\u201cLeo todo el tiempo, leo constantemente y mis gustos cambian. Me gustan los escritores del siglo XIX, los victorianos franceses como Balzac, y rusos, como Tolst\u00f3i, y, por supuesto, los ingleses: Dickens, George Eliot y Jane Austen\u201d, se\u00f1ala.<\/p>\n<p data-gtm-element-container=\"modulo-texto-link\" class=\"paragraph\">Pero de lengua hispana se queda con Gabriel Garc\u00eda M\u00e1rquez, porque ha \u201cdisfrutado muchos de sus libros\u201d, entre los que destaca &#8216;Cien a\u00f1os de soledad&#8217; y &#8216;El amor en los tiempos del c\u00f3lera&#8217;. \u201cHay muchos escritores interesantes en lengua espa\u00f1ola, especialmente en Sudam\u00e9rica\u201d, asegura.<\/p>\n<p data-gtm-element-container=\"modulo-texto-link\" class=\"paragraph\">E igual que no para de leer, no para de pensar en escribir: \u201csiempre estoy pensando en una nueva novela. Cuando termino una, empiezo a trabajar en otra. Realmente no me detengo\u201d, dice.<\/p>\n<p data-gtm-element-container=\"modulo-texto-link\" class=\"paragraph\">La \u00faltima &#8216;El c\u00edrculo de los d\u00edas&#8217;, en la que imagina como fue la construcci\u00f3n de Stonehenge, el monumento que data de entre el final del Neol\u00edtico y principios de la Edad del Bronce. Una obra que seguir\u00e1 sumando lectores para un autor que ha vendido cerca de 200 millones de libros, traducidos a 40 idiomas. EFE<\/p>\n<p data-gtm-element-container=\"modulo-texto-link\" class=\"paragraph\">ajs\/agf<\/p>\n<p data-gtm-element-container=\"modulo-texto-link\" class=\"paragraph\">(foto) (v\u00eddeo)<\/p>\n","protected":false},"excerpt":{"rendered":"Stonehenge (R. Unido), 21 sep (EFE).- Si hay un escritor en lengua hispana que pueda destacar el brit\u00e1nico&hellip;\n","protected":false},"author":2,"featured_media":128967,"comment_status":"","ping_status":"","sticky":false,"template":"","format":"standard","meta":{"footnotes":""},"categories":[172],"tags":[224,146,147,25,24,225,23],"class_list":{"0":"post-128966","1":"post","2":"type-post","3":"status-publish","4":"format-standard","5":"has-post-thumbnail","7":"category-libros","8":"tag-books","9":"tag-entertainment","10":"tag-entretenimiento","11":"tag-es","12":"tag-espana","13":"tag-libros","14":"tag-spain"},"share_on_mastodon":{"url":"","error":""},"_links":{"self":[{"href":"https:\/\/www.europesays.com\/es\/wp-json\/wp\/v2\/posts\/128966","targetHints":{"allow":["GET"]}}],"collection":[{"href":"https:\/\/www.europesays.com\/es\/wp-json\/wp\/v2\/posts"}],"about":[{"href":"https:\/\/www.europesays.com\/es\/wp-json\/wp\/v2\/types\/post"}],"author":[{"embeddable":true,"href":"https:\/\/www.europesays.com\/es\/wp-json\/wp\/v2\/users\/2"}],"replies":[{"embeddable":true,"href":"https:\/\/www.europesays.com\/es\/wp-json\/wp\/v2\/comments?post=128966"}],"version-history":[{"count":0,"href":"https:\/\/www.europesays.com\/es\/wp-json\/wp\/v2\/posts\/128966\/revisions"}],"wp:featuredmedia":[{"embeddable":true,"href":"https:\/\/www.europesays.com\/es\/wp-json\/wp\/v2\/media\/128967"}],"wp:attachment":[{"href":"https:\/\/www.europesays.com\/es\/wp-json\/wp\/v2\/media?parent=128966"}],"wp:term":[{"taxonomy":"category","embeddable":true,"href":"https:\/\/www.europesays.com\/es\/wp-json\/wp\/v2\/categories?post=128966"},{"taxonomy":"post_tag","embeddable":true,"href":"https:\/\/www.europesays.com\/es\/wp-json\/wp\/v2\/tags?post=128966"}],"curies":[{"name":"wp","href":"https:\/\/api.w.org\/{rel}","templated":true}]}}