{"id":128988,"date":"2025-09-21T06:38:11","date_gmt":"2025-09-21T06:38:11","guid":{"rendered":"https:\/\/www.europesays.com\/es\/128988\/"},"modified":"2025-09-21T06:38:11","modified_gmt":"2025-09-21T06:38:11","slug":"asi-es-como-ven-a-joao-fonseca-algunas-leyendas-del-tenis","status":"publish","type":"post","link":"https:\/\/www.europesays.com\/es\/128988\/","title":{"rendered":"As\u00ed es como ven a Joao Fonseca algunas leyendas del tenis"},"content":{"rendered":"<p class=\"quota-display text-align-center\">\n        <a href=\"https:\/\/www.puntodebreak.com\/MDBA-B3-PDB-QUOTA-25\" rel=\"sponsored nofollow noopener\" title=\"Apuesta en bet365\" target=\"_blank\"><\/p>\n<p>            <img decoding=\"async\" alt=\"Bet365\" class=\"bet-logo lazyload\" loading=\"lazy\" src=\"https:\/\/www.europesays.com\/es\/wp-content\/uploads\/2025\/09\/1758436691_749_b365.jpg\"\/>Streaming Challenger Orleans en directo<\/p>\n<p> \ud83c\udfbe Patrick Zahraj vs Loann Massard<\/p>\n<ol class=\"stream-card__steps\">\n<li>Entra aqu\u00ed y reg\u00edstrate en Bet365<\/li>\n<li>Haz tu primer dep\u00f3sito de m\u00ednimo 5\u00a0\u20ac<\/li>\n<li>Entra en la secci\u00f3n \u00abDirecto\u00bb y ve todos los partidos<\/li>\n<\/ol>\n<p>\n                                Ver partido en Bet365\n                            <\/p>\n<p>        <\/a>\n      <\/p>\n<p class=\"text-align-justify\">Cuando se habla tanto de un jugador y su potencial ilimitado es apreciado por leyendas de este deporte, es por algo. <strong>Joao Fonseca<\/strong> volvi\u00f3 a ofrecer , esta vez en la <strong>Laver Cup 2025<\/strong>, una pincelada inequ\u00edvoca de su impresionante tenis y de hasta d\u00f3nde podr\u00eda llegar si contin\u00faa progresando como lo est\u00e1 haciendo. Las palabras de <strong>Patrick Rafter<\/strong> sobre \u00e9l merecen ser atendidas.<\/p>\n<p class=\"text-align-justify\">Ser\u00eda una necedad poner en duda el impresionante potencial de <a href=\"https:\/\/www.puntodebreak.com\/tenis\/joao-fonseca\" rel=\"noopener nofollow\" target=\"_blank\"><strong>Joao Fonseca<\/strong><\/a> y lo r\u00e1pido que est\u00e1 evolucionando. A\u00fan con mucho trabajo por hacer en cuanto a consistencia, regularidad y variantes t\u00e1cticas, el brasile\u00f1o atesora argumentos irrefutables para ser considerado una estrella en ciernes. As\u00ed lo opina <strong>Patrick Rafter<\/strong>, ayudante de Agassi en la capitan\u00eda del Equipo Resto del Mundo, quien compareci\u00f3 en rueda de prensa tras la victoria del brasile\u00f1o en la <a href=\"https:\/\/lavercup.com\/\" rel=\"noopener nofollow\" target=\"_blank\"><strong>Laver Cup 2025<\/strong><\/a>.<\/p>\n<p class=\"text-align-justify\">Quien fuera n\u00famero 1 del mundo y campe\u00f3n del US Open en 1997 y 1998, tiene claro lo que percibe en el juego y personalidad de Joao. \u00abMe parece un genio del tenis. Es alucinante lo maduro que es para su edad, c\u00f3mo est\u00e1 abierto a recibir consejos, cr\u00edticas y sugerencias y lo r\u00e1pido que aprende. Un chico tranquilo que responde bien en la cancha a todo lo que se le dice\u00bb, asegura un Rafter que se qued\u00f3 asombrado de la personalidad del joven Fonseca.<\/p>\n<p class=\"text-align-justify\"><img decoding=\"async\" alt=\"Joao Fonseca, aprendizaje. Foto: gettyimages\" data-entity-type=\"file\" data-entity-uuid=\"8931fb77-cacf-4b60-992c-ff10fb33b2aa\" width=\"612\" height=\"408\" loading=\"lazy\" class=\"lazyload\" src=\"https:\/\/www.europesays.com\/es\/wp-content\/uploads\/2025\/09\/fonseca-capacidad-aprendizaje.jpg\"\/><\/p>\n<p class=\"text-align-justify\"><strong>&#8211; Rafter ve a Fonseca en el buen camino y destaca su capacidad de aprendizaje<\/strong><\/p>\n<p class=\"text-align-justify\">\u00abCreo que tiene claro qu\u00e9 necesita para seguir mejorando, por lo que considero que en un a\u00f1o ser\u00e1 un gran jugador, pero en dos a\u00f1os puede ser un tenista incre\u00edblemente, sencillamente excelente. Tiene la voluntad y determinaci\u00f3n para continuar progresando\u00bb, explica el australiano, quien se est\u00e1 implicando mucho con el sudamericano esta semana. \u00abDecid\u00ed entrenar con \u00e9l toda la semana porque deseaba conocer m\u00e1s su tenis y en lo que se est\u00e1 enfocando. Es brutal lo agresivo que es\u00bb, declar\u00f3.<\/p>\n<p class=\"text-align-justify\">Muchos aprovechan para atizar a<strong> Joao Fonseca<\/strong> cada vez que pierde un partido, pero <strong>Patrick Rafter <\/strong>tiene claro que el brasile\u00f1o est\u00e1 en el camino adecuado. \u00abSu juego es muy potente y es un chico muy maduro. Tiene que ir adapt\u00e1ndose cada vez mejor a los cambios de superficie y pelotas, as\u00ed como a las variaciones de ritmo y velocidad que empleen sus rivales. Seguramente tendr\u00e1 rachas negativas de resultados pr\u00f3ximamente, pero no me preocupar\u00eda lo m\u00e1s m\u00ednimo porque aprende r\u00e1pido y asimila muy bien toda la informaci\u00f3n. Solo veo cosas positivos en su futuro como tenista profesional\u00bb, asever\u00f3 el australiano, encandilado con Fonseca.<\/p>\n","protected":false},"excerpt":{"rendered":"Streaming Challenger Orleans en directo \ud83c\udfbe Patrick Zahraj vs Loann Massard Entra aqu\u00ed y reg\u00edstrate en Bet365 Haz&hellip;\n","protected":false},"author":2,"featured_media":128989,"comment_status":"","ping_status":"","sticky":false,"template":"","format":"standard","meta":{"footnotes":""},"categories":[274],"tags":[168,25,24,23,167,327,326],"class_list":{"0":"post-128988","1":"post","2":"type-post","3":"status-publish","4":"format-standard","5":"has-post-thumbnail","7":"category-tenis","8":"tag-deportes","9":"tag-es","10":"tag-espana","11":"tag-spain","12":"tag-sports","13":"tag-tenis","14":"tag-tennis"},"share_on_mastodon":{"url":"","error":""},"_links":{"self":[{"href":"https:\/\/www.europesays.com\/es\/wp-json\/wp\/v2\/posts\/128988","targetHints":{"allow":["GET"]}}],"collection":[{"href":"https:\/\/www.europesays.com\/es\/wp-json\/wp\/v2\/posts"}],"about":[{"href":"https:\/\/www.europesays.com\/es\/wp-json\/wp\/v2\/types\/post"}],"author":[{"embeddable":true,"href":"https:\/\/www.europesays.com\/es\/wp-json\/wp\/v2\/users\/2"}],"replies":[{"embeddable":true,"href":"https:\/\/www.europesays.com\/es\/wp-json\/wp\/v2\/comments?post=128988"}],"version-history":[{"count":0,"href":"https:\/\/www.europesays.com\/es\/wp-json\/wp\/v2\/posts\/128988\/revisions"}],"wp:featuredmedia":[{"embeddable":true,"href":"https:\/\/www.europesays.com\/es\/wp-json\/wp\/v2\/media\/128989"}],"wp:attachment":[{"href":"https:\/\/www.europesays.com\/es\/wp-json\/wp\/v2\/media?parent=128988"}],"wp:term":[{"taxonomy":"category","embeddable":true,"href":"https:\/\/www.europesays.com\/es\/wp-json\/wp\/v2\/categories?post=128988"},{"taxonomy":"post_tag","embeddable":true,"href":"https:\/\/www.europesays.com\/es\/wp-json\/wp\/v2\/tags?post=128988"}],"curies":[{"name":"wp","href":"https:\/\/api.w.org\/{rel}","templated":true}]}}