{"id":129004,"date":"2025-09-21T06:47:14","date_gmt":"2025-09-21T06:47:14","guid":{"rendered":"https:\/\/www.europesays.com\/es\/129004\/"},"modified":"2025-09-21T06:47:14","modified_gmt":"2025-09-21T06:47:14","slug":"my-only-angel-de-yungblud-y-aerosmith-una-alianza-generacional-que-sacude-el-rock-los40-classic","status":"publish","type":"post","link":"https:\/\/www.europesays.com\/es\/129004\/","title":{"rendered":"&#8216;My only angel&#8217; de Yungblud y Aerosmith: una alianza generacional que sacude el rock | LOS40 Classic"},"content":{"rendered":"<p>En una industria donde las colaboraciones suelen ser estrat\u00e9gicas, pocas tienen el poder de sacudir los cimientos del g\u00e9nero como la que <a href=\"https:\/\/los40.com\/2024\/08\/05\/el-adios-a-los-escenarios-de-aerosmith-ha-sido-el-honor-de-nuestras-vidas\/\" target=\"_blank\" rel=\"nofollow noopener\" title=\"https:\/\/los40.com\/2024\/08\/05\/el-adios-a-los-escenarios-de-aerosmith-ha-sido-el-honor-de-nuestras-vidas\/\">acaban de protagonizar <b>Aerosmith<\/b><\/a><b> y Yungblud<\/b>. La formaci\u00f3n, \u00edcono del hard rock desde los a\u00f1os 70, ha unido fuerzas con el irreverente artista brit\u00e1nico para lanzar<b> My Only Angel<\/b>, el primer adelanto de su EP conjunto titulado <b>One More Time<\/b>, que ver\u00e1 la luz el pr\u00f3ximo <b>21 de noviembre.<\/b><\/p>\n<p>La noticia ha sorprendido tanto a los seguidores del veterano grupo de Boston que no escuchaban material nuevo desde 2012, como a los fans de Yungblud, acostumbrados a su estilo alternativo y provocador. Pero lo que parec\u00eda improbable se ha convertido en una realidad vibrante: una colaboraci\u00f3n que no solo une generaciones, sino que revitaliza el esp\u00edritu del rock and roll.<\/p>\n<p><img loading=\"lazy\" decoding=\"async\" src=\"https:\/\/www.europesays.com\/es\/wp-content\/uploads\/2025\/09\/1758437233_67_maxresdefault.jpg\" width=\"16\" height=\"9\"\/><\/p>\n<p><b>Steven Tyler<\/b>, vocalista de la banda, describi\u00f3 el encuentro con Yungblud como \u00abuna conexi\u00f3n el\u00e9ctrica\u00bb. Seg\u00fan sus propias palabras, trabajar con <b>Dominic Harrison<\/b> \u2014nombre real del brit\u00e1nico\u2014 fue como reencontrarse con la esencia del g\u00e9nero: \u00abEste chico vive su vida a todo volumen, creci\u00f3 con nuestros discos y ahora estamos creando algo que une \u00e9pocas. Es pura magia\u00bb.<\/p>\n<p><img decoding=\"async\" src=\"https:\/\/los40.com\/pf\/resources\/img\/logo-40-v-c.svg?d=879\" alt=\"LOS40 Classic\" class=\"i-pro\" width=\"68\" height=\"68\" loading=\"lazy\"\/><\/p>\n<p><b>Joe Perry<\/b>, guitarrista de la banda, tambi\u00e9n se mostr\u00f3 entusiasmado. El encuentro inicial con Yungblud en Sarasota deriv\u00f3 en sesiones intensas de composici\u00f3n, que culminaron con la llamada a Tyler para sumarse al proyecto. \u00abEste chico es aut\u00e9ntico. Lo escuch\u00e9 y supe que ten\u00edamos que hacer algo juntos\u00bb, coment\u00f3 Perry.<\/p>\n<p>Por su parte, Yungblud no ocult\u00f3 su emoci\u00f3n. \u00abEstoy grabando discos con mis h\u00e9roes. Tener un vinilo que diga Aerosmith y Yungblud es algo que ni mi yo m\u00e1s joven habr\u00eda imaginado\u00bb declar\u00f3. Para \u00e9l, esta colaboraci\u00f3n representa no solo un sue\u00f1o cumplido, sino una oportunidad de escribir un nuevo cap\u00edtulo en la historia del rock junto a <a href=\"https:\/\/los40.com\/2023\/10\/02\/aerosmith-pospone-toda-su-gira-hasta-2024-por-un-grave-problema-medico-de-steven-tyler\/\" target=\"_blank\" rel=\"nofollow noopener\" title=\"https:\/\/los40.com\/2023\/10\/02\/aerosmith-pospone-toda-su-gira-hasta-2024-por-un-grave-problema-medico-de-steven-tyler\/\">una banda que se despide.<\/a><\/p>\n<p>El EP One More Time incluir\u00e1 cinco temas, entre ellos una nueva versi\u00f3n del cl\u00e1sico <b>Back in the Saddle<\/b> y cuatro composiciones originales creadas por Tyler, Perry, Yungblud y el productor Matt Schwartz. <b>My Only Angel<\/b>, el primer sencillo, ya est\u00e1 disponible y ha sido recibido con entusiasmo por la cr\u00edtica, que destaca la qu\u00edmica entre ambos mundos: la potencia vocal de Tyler y la energ\u00eda visceral de Yungblud se funden en una balada intensa y melanc\u00f3lica.<\/p>\n<p>La colaboraci\u00f3n fue anticipada con <a href=\"https:\/\/los40.com\/2025\/09\/06\/ozzy-osbourne-sera-homenajeado-en-los-mtv-vmas-2025-por-yungblud-aerosmith-y-nuno-bettencourt\/\" target=\"_blank\" rel=\"nofollow noopener\" title=\"https:\/\/los40.com\/2025\/09\/06\/ozzy-osbourne-sera-homenajeado-en-los-mtv-vmas-2025-por-yungblud-aerosmith-y-nuno-bettencourt\/\"><b>una aparici\u00f3n conjunta en los MTV Video Music Awards<\/b><\/a>, donde rindieron homenaje a Ozzy Osbourne interpretando \u00abMama, I\u2019m Coming Home\u00bb. Ese momento, cargado de simbolismo, sirvi\u00f3 como antesala de lo que ahora se confirma como uno de los lanzamientos m\u00e1s inesperados del a\u00f1o.<\/p>\n","protected":false},"excerpt":{"rendered":"En una industria donde las colaboraciones suelen ser estrat\u00e9gicas, pocas tienen el poder de sacudir los cimientos del&hellip;\n","protected":false},"author":2,"featured_media":129005,"comment_status":"","ping_status":"","sticky":false,"template":"","format":"standard","meta":{"footnotes":""},"categories":[170],"tags":[1765,146,147,25,24,184,185,23,1766],"class_list":{"0":"post-129004","1":"post","2":"type-post","3":"status-publish","4":"format-standard","5":"has-post-thumbnail","7":"category-musica","8":"tag-bestof","9":"tag-entertainment","10":"tag-entretenimiento","11":"tag-es","12":"tag-espana","13":"tag-music","14":"tag-musica","15":"tag-spain","16":"tag-topix"},"share_on_mastodon":{"url":"","error":""},"_links":{"self":[{"href":"https:\/\/www.europesays.com\/es\/wp-json\/wp\/v2\/posts\/129004","targetHints":{"allow":["GET"]}}],"collection":[{"href":"https:\/\/www.europesays.com\/es\/wp-json\/wp\/v2\/posts"}],"about":[{"href":"https:\/\/www.europesays.com\/es\/wp-json\/wp\/v2\/types\/post"}],"author":[{"embeddable":true,"href":"https:\/\/www.europesays.com\/es\/wp-json\/wp\/v2\/users\/2"}],"replies":[{"embeddable":true,"href":"https:\/\/www.europesays.com\/es\/wp-json\/wp\/v2\/comments?post=129004"}],"version-history":[{"count":0,"href":"https:\/\/www.europesays.com\/es\/wp-json\/wp\/v2\/posts\/129004\/revisions"}],"wp:featuredmedia":[{"embeddable":true,"href":"https:\/\/www.europesays.com\/es\/wp-json\/wp\/v2\/media\/129005"}],"wp:attachment":[{"href":"https:\/\/www.europesays.com\/es\/wp-json\/wp\/v2\/media?parent=129004"}],"wp:term":[{"taxonomy":"category","embeddable":true,"href":"https:\/\/www.europesays.com\/es\/wp-json\/wp\/v2\/categories?post=129004"},{"taxonomy":"post_tag","embeddable":true,"href":"https:\/\/www.europesays.com\/es\/wp-json\/wp\/v2\/tags?post=129004"}],"curies":[{"name":"wp","href":"https:\/\/api.w.org\/{rel}","templated":true}]}}