{"id":129006,"date":"2025-09-21T06:48:12","date_gmt":"2025-09-21T06:48:12","guid":{"rendered":"https:\/\/www.europesays.com\/es\/129006\/"},"modified":"2025-09-21T06:48:12","modified_gmt":"2025-09-21T06:48:12","slug":"keanu-reeves-el-actor-mas-triste-del-mundo","status":"publish","type":"post","link":"https:\/\/www.europesays.com\/es\/129006\/","title":{"rendered":"Keanu Reeves, el actor m\u00e1s triste del mundo"},"content":{"rendered":"<p>Nada es convencional en la vida y obra de Keanu Reeves. S\u00ed, es una estrella hollywoodiense, pero pertenece a un constelaci\u00f3n diferente. La diferencia del  &#8230; resto comienza en su fisonom\u00eda. Lejos del est\u00e1ndar anglosaj\u00f3n predominante en la meca del cine, cuenta con una ex\u00f3tica belleza derivada del origen multi\u00e9tnico de sus padres. Nacido en Beirut, la madre era inglesa y el padre, que abandon\u00f3 a la familia cuando su v\u00e1stago ten\u00eda tres a\u00f1os, pose\u00eda ra\u00edces hawaianas y chinas. Su \u00faltimo proyecto profesional refleja una singularidad que no se circunscribe s\u00f3lo a los or\u00edgenes, sino tambi\u00e9n a las apetencias profesionales. A finales de este mes, debutar\u00e1 en el medio teatral con una versi\u00f3n de &#8216;Esperando a Godot&#8217; de Samuel Beckett en la que asumir\u00e1 el rol del mendigo Estrag\u00f3n. No, no resulta habitual que un astro del cine se embarque en un proyecto aparentemente tan minoritario y que supone todo un &#8216;tour de force&#8217; interpretativo. <\/p>\n<p class=\"v-p\">Aquel joven de aspecto &#8216;outsider&#8217; es hoy un hombre maduro y enjuto que recuerda las figuras esbeltas del Greco. Han transcurrido treinta y cinco a\u00f1os desde que su nombre adquiriera cr\u00e9dito y proyecci\u00f3n internacionales. Ocurri\u00f3 con &#8216;Mi Idaho privado&#8217;, la famosa pel\u00edcula de Gus Van Zandt, en la que coincidi\u00f3 con el malogrado River Phoenix. Ambos encarnaban individuos ajenos al sistema y, de alg\u00fan modo, tambi\u00e9n demostraron hallarse fuera de las convenciones del &#8216;show bussines&#8217; y de las reglas que determinan la ascensi\u00f3n en la gran pantalla. <\/p>\n<p class=\"v-p\">Este \u00e9xito y el posterior en la versi\u00f3n de Dr\u00e1cula de Francis Ford Coppola parec\u00edan presagiar una carrera fulgurante similar a la de Leonardo di Caprio, por ejemplo. El joven fogueado en cine adolescente y publicidad alcanzaba la madurez y otros retos creativos, apoyado en su indiscutible magnetismo. El culmen de este proceso fue su rol en &#8216;Speed&#8217;, un &#8216;blockbuster&#8217; en el que, por primera vez, adquir\u00eda protagonismo como h\u00e9roe de acci\u00f3n. Pero no fue as\u00ed. El actor rehus\u00f3 intervenir en la segunda entrega, que bien pod\u00eda asentar su atractivo para las masas, y prefiri\u00f3 participar en la puesta en escena del Hamlet en una peque\u00f1a ciudad canadiense. <\/p>\n<p class=\"v-p\">Esta actitud, cierta imprevisibilidad, ha caracterizado a Reeves. El muchacho rebelde que nunca lleg\u00f3 a finalizar su ense\u00f1anza secundaria hab\u00eda iniciado, apoyado por su padrastro, el director de cine Paul Aaron, una vertiginosa carrera cinematogr\u00e1fica. De alguna forma, ese cr\u00e9dito le permiti\u00f3 una trayectoria ininterrumpida en pel\u00edculas de prestigio, aunque carente de grandes fen\u00f3menos de taquilla con relativas excepciones como &#8216;Pactar con el diablo&#8217; junto a Al Pacino y Charlize Theron. <\/p>\n<p class=\"v-p\">Un giro inesperado cambi\u00f3 el rumbo. &#8216;Matrix&#8217; interrumpi\u00f3 lo que parec\u00eda una carrera un tanto err\u00e1tica. La saga de los hermanos Wachowsky revolucion\u00f3 la ciencia ficci\u00f3n y provoc\u00f3 cambios sustanciales en el \u00e1mbito de los efectos visuales. El rol de Neo, desarrollada en cuatro episodios, rompi\u00f3 esa l\u00ednea irregular y lo encumbr\u00f3 definitivamente. En realidad, no era el primer candidato para asumir el papel y s\u00f3lo la renuncia de Will Smith y Nicholas Cage, que le preced\u00edan en el inter\u00e9s de los promotores, permiti\u00f3 que se convirtiera en la figura enigm\u00e1tica vestida de riguroso negro. <\/p>\n<p class=\"v-p\">La alegr\u00eda nunca parece completa para este exponente del multiculturalismo. La realizaci\u00f3n profesional vino acompa\u00f1ada de un drama personal. A finales de 1999, Jennifer Syme, su novia, dio a luz a una ni\u00f1a sin vida y, poco m\u00e1s de un a\u00f1o despu\u00e9s, ella misma falleci\u00f3 a causa de un accidente de autom\u00f3vil. Esta tragedia se ha esgrimido para explicar el car\u00e1cter introvertido, su talante reacio a hablar de su vida privada e, incluso, la predilecci\u00f3n por los roles de individuos solitarios y melanc\u00f3licos, generalmente enfrentados a su entorno, que ha elegido a lo largo de los \u00faltimos a\u00f1os. Esa preferencia explicar\u00eda su inclusi\u00f3n en la saga &#8216;John Wick&#8217;, el otro proyecto que ha sabido rentabilizar su imagen de sujeto mis\u00e1ntropo y torturado. <\/p>\n<p>Rock y poes\u00eda<\/p>\n<p class=\"v-p\">Pero Keanu Reeves es m\u00e1s que un actor. Desde los a\u00f1os noventa, y paralelamente a su trabajo en el cine, ha participado en la banda Dogstar, un combo de rock alternativo, con el que ha llegado a actual en el festival de Glastonbury. Adem\u00e1s, ha incursionado en la literatura y ha publicado el poemario &#8216;Oda a la felicidad&#8217;, un t\u00edtulo muy significativo, la novela gr\u00e1fica &#8216;BRZRZR&#8217; y &#8216;El libro de otro lugar&#8217;. La edici\u00f3n del primer proyecto le permiti\u00f3 a conocer a la artista visual Alexandra Grant, su actual pareja. Tambi\u00e9n es un aficionado al motociclismo y ha puesto en marcha la empresa Arch Motorcycle, que fabrica veh\u00edculos personalizados. <\/p>\n<p class=\"v-p\">El hombre que todos suponen permanentemente apesadumbrado se convirti\u00f3 en meme cuando en 2010 fue retratado solo, comiendo un s\u00e1ndwich sentado en un banco neoyorquino. Desde entonces, en cada entrevista, ha intentado, sin demasiada convicci\u00f3n, negar ese aparente car\u00e1cter taciturno y reservado. \u00c9l siempre ha alegado que no es ambicioso porque ya cuenta con recursos suficientes y, a ese respecto le acompa\u00f1a cierta aureola de generosidad con sus equipos de trabajo que tambi\u00e9n se extiende a proyectos de ONG como las dedicadas a la lucha contra el c\u00e1ncer. <\/p>\n<p class=\"v-p\">La estrella compartir\u00e1 el escenario del Teatro Hudson con el actor Alex Winter entre el 28 de setiembre y el 4 de enero. El ambiente de Broadway ser\u00e1 un breve par\u00e9ntesis en una carrera que incluye una pel\u00edcula con Sandra Bullock, su partenaire en &#8216;Speed&#8217; y la versi\u00f3n cinematogr\u00e1fica de su propio c\u00f3mic. Durante unos meses, este drama de peque\u00f1o formato que nos interroga sobre el absurdo de la existencia constituir\u00e1 su prop\u00f3sito diario. Tal vez, nos encontremos con el Keanu Reeves m\u00e1s aut\u00e9ntico, el doliente, el artista que parece amalgamar \u00e9xito resplandeciente y oscuridad \u00edntima. <\/p>\n","protected":false},"excerpt":{"rendered":"Nada es convencional en la vida y obra de Keanu Reeves. S\u00ed, es una estrella hollywoodiense, pero pertenece&hellip;\n","protected":false},"author":2,"featured_media":129007,"comment_status":"","ping_status":"","sticky":false,"template":"","format":"standard","meta":{"footnotes":""},"categories":[169],"tags":[1339,177,146,147,25,24,176,32366,175,3013,32367,23,7465],"class_list":{"0":"post-129006","1":"post","2":"type-post","3":"status-publish","4":"format-standard","5":"has-post-thumbnail","7":"category-cine","8":"tag-actor","9":"tag-cine","10":"tag-entertainment","11":"tag-entretenimiento","12":"tag-es","13":"tag-espana","14":"tag-film","15":"tag-keanu","16":"tag-movies","17":"tag-mundo","18":"tag-reeves","19":"tag-spain","20":"tag-triste"},"share_on_mastodon":{"url":"","error":""},"_links":{"self":[{"href":"https:\/\/www.europesays.com\/es\/wp-json\/wp\/v2\/posts\/129006","targetHints":{"allow":["GET"]}}],"collection":[{"href":"https:\/\/www.europesays.com\/es\/wp-json\/wp\/v2\/posts"}],"about":[{"href":"https:\/\/www.europesays.com\/es\/wp-json\/wp\/v2\/types\/post"}],"author":[{"embeddable":true,"href":"https:\/\/www.europesays.com\/es\/wp-json\/wp\/v2\/users\/2"}],"replies":[{"embeddable":true,"href":"https:\/\/www.europesays.com\/es\/wp-json\/wp\/v2\/comments?post=129006"}],"version-history":[{"count":0,"href":"https:\/\/www.europesays.com\/es\/wp-json\/wp\/v2\/posts\/129006\/revisions"}],"wp:featuredmedia":[{"embeddable":true,"href":"https:\/\/www.europesays.com\/es\/wp-json\/wp\/v2\/media\/129007"}],"wp:attachment":[{"href":"https:\/\/www.europesays.com\/es\/wp-json\/wp\/v2\/media?parent=129006"}],"wp:term":[{"taxonomy":"category","embeddable":true,"href":"https:\/\/www.europesays.com\/es\/wp-json\/wp\/v2\/categories?post=129006"},{"taxonomy":"post_tag","embeddable":true,"href":"https:\/\/www.europesays.com\/es\/wp-json\/wp\/v2\/tags?post=129006"}],"curies":[{"name":"wp","href":"https:\/\/api.w.org\/{rel}","templated":true}]}}