{"id":129008,"date":"2025-09-21T06:49:25","date_gmt":"2025-09-21T06:49:25","guid":{"rendered":"https:\/\/www.europesays.com\/es\/129008\/"},"modified":"2025-09-21T06:49:25","modified_gmt":"2025-09-21T06:49:25","slug":"las-primeras-palabras-de-amorim-tras-el-doblete-de-rashford","status":"publish","type":"post","link":"https:\/\/www.europesays.com\/es\/129008\/","title":{"rendered":"Las primeras palabras de Amorim tras el doblete de Rashford"},"content":{"rendered":"<p data-gtm-element-container=\"modulo-texto-link\" class=\"paragraph\">La relaci\u00f3n entre<strong> R\u00faben Amorim <\/strong>y <strong>Marcus Rashford <\/strong>no fue la mejor desde que el entrenador portugu\u00e9s llegara a Manchester, y fue de capa ca\u00edda despu\u00e9s de que el ingl\u00e9s anunciara que ten\u00eda intenci\u00f3n de abandonar el <strong>United <\/strong>a finales de 2024. Desde entonces, el ex\u00a0Benfica lo apart\u00f3 del equipo.<\/p>\n<p>    Lee tambi\u00e9n<\/p>\n<p data-gtm-element-container=\"modulo-texto-link\" class=\"paragraph\">Meses m\u00e1s tarde y tras la experiencia del delantero por el Aston Villa, donde estuvo cedido desde enero hasta junio de este a\u00f1o, <strong>Rashford<\/strong> vuelve a sonre\u00edr en el Bar\u00e7a, con el que se estren\u00f3 en Champions con un gran doblete en St. James&#8217; Park contra el <strong>Newcastle<\/strong>.<\/p>\n<p data-gtm-element-container=\"modulo-texto-link\" class=\"paragraph\">Despu\u00e9s de esta actuaci\u00f3n,\u00a0<strong>Amorim<\/strong> fue preguntado en la rueda de prensa previa al duelo contra el Chelsea sobre qu\u00e9 opini\u00f3n ten\u00eda al respecto, pero el portugu\u00e9s no quiso mojarse: \u00ab<strong>Rasmus Hojlund<\/strong> tambi\u00e9n marc\u00f3, \u00a1me alegro por Rasmus tambi\u00e9n! A \u00e9l le pasa lo mismo, chicos. Eres muy duro con Rasmus, pero \u00e9l tambi\u00e9n marc\u00f3, as\u00ed que not\u00e9moslo\u201d, destac\u00f3.<\/p>\n<blockquote class=\"twitter-tweet\" data-lang=\"es\"><p>\n<a href=\"https:\/\/twitter.com\/forcabarca_ar\/status\/1969317361778823497\" rel=\"nofollow noopener\" target=\"_blank\">\n<\/p><\/blockquote>\n<p data-gtm-element-container=\"modulo-texto-link\" class=\"paragraph\"><strong>Amorim <\/strong>quiso tirar balones fuera haciendo referencia al tanto que marc\u00f3\u00a0<strong>Hojlund <\/strong>el pasado s\u00e1bado en la victoria del N\u00e1poles contra la <strong>Fiorentina <\/strong>a domicilio. El delantero dan\u00e9s tampoco tuvo suerte con el portugu\u00e9s en el banquillo &#8216;red devil&#8217;, por lo que busc\u00f3 encontrar suerte de nuevo en Italia.<\/p>\n<p><script async src=\"https:\/\/platform.twitter.com\/widgets.js\" charset=\"utf-8\"><\/script><\/p>\n","protected":false},"excerpt":{"rendered":"La relaci\u00f3n entre R\u00faben Amorim y Marcus Rashford no fue la mejor desde que el entrenador portugu\u00e9s llegara&hellip;\n","protected":false},"author":2,"featured_media":22948,"comment_status":"","ping_status":"","sticky":false,"template":"","format":"standard","meta":{"footnotes":""},"categories":[93],"tags":[168,25,24,23,167],"class_list":{"0":"post-129008","1":"post","2":"type-post","3":"status-publish","4":"format-standard","5":"has-post-thumbnail","7":"category-deportes","8":"tag-deportes","9":"tag-es","10":"tag-espana","11":"tag-spain","12":"tag-sports"},"share_on_mastodon":{"url":"","error":""},"_links":{"self":[{"href":"https:\/\/www.europesays.com\/es\/wp-json\/wp\/v2\/posts\/129008","targetHints":{"allow":["GET"]}}],"collection":[{"href":"https:\/\/www.europesays.com\/es\/wp-json\/wp\/v2\/posts"}],"about":[{"href":"https:\/\/www.europesays.com\/es\/wp-json\/wp\/v2\/types\/post"}],"author":[{"embeddable":true,"href":"https:\/\/www.europesays.com\/es\/wp-json\/wp\/v2\/users\/2"}],"replies":[{"embeddable":true,"href":"https:\/\/www.europesays.com\/es\/wp-json\/wp\/v2\/comments?post=129008"}],"version-history":[{"count":0,"href":"https:\/\/www.europesays.com\/es\/wp-json\/wp\/v2\/posts\/129008\/revisions"}],"wp:featuredmedia":[{"embeddable":true,"href":"https:\/\/www.europesays.com\/es\/wp-json\/wp\/v2\/media\/22948"}],"wp:attachment":[{"href":"https:\/\/www.europesays.com\/es\/wp-json\/wp\/v2\/media?parent=129008"}],"wp:term":[{"taxonomy":"category","embeddable":true,"href":"https:\/\/www.europesays.com\/es\/wp-json\/wp\/v2\/categories?post=129008"},{"taxonomy":"post_tag","embeddable":true,"href":"https:\/\/www.europesays.com\/es\/wp-json\/wp\/v2\/tags?post=129008"}],"curies":[{"name":"wp","href":"https:\/\/api.w.org\/{rel}","templated":true}]}}