{"id":129011,"date":"2025-09-21T06:51:07","date_gmt":"2025-09-21T06:51:07","guid":{"rendered":"https:\/\/www.europesays.com\/es\/129011\/"},"modified":"2025-09-21T06:51:07","modified_gmt":"2025-09-21T06:51:07","slug":"avance-semanal-de-la-promesa-del-22-al-26-de-septiembre","status":"publish","type":"post","link":"https:\/\/www.europesays.com\/es\/129011\/","title":{"rendered":"Avance semanal de &#8216;La Promesa\u2019 del 22 al 26 de septiembre"},"content":{"rendered":"<p style=\"text-align:justify;\"><strong>La permanencia de Catalina en La Promesa pende de un hilo. <\/strong>Su enfrentamiento con Valladares ha traspasado todas las l\u00edneas y el bar\u00f3n no ha dudado en amenazar a la hija del marqu\u00e9s: <strong>\u201c\u201cM\u00e1rchese de aqu\u00ed. Es la \u00fanica forma de que esas criaturas est\u00e9n a salvo\u201d<\/strong>. \u00a1La seguridad de Andr\u00e9s y Rafaela est\u00e1 en peligro! <\/p>\n<p style=\"text-align:justify;\">Catalina ha tratado de convencer a Adriano &#8211; sin desvelar las amenazas &#8211; para abandonar el palacio, pero \u00e9l no est\u00e1 dispuesto a marcharse. <strong>La hija del marqu\u00e9s <\/strong>no va a quedarse de brazos cruzados y <strong>ha decidido abandonar Luj\u00e1n <\/strong>con Andr\u00e9s y Rafaela. Sin embargo, sus planes se han truncado cuando <strong>Valladares se ha cruzado en su camino<\/strong>. \u00bfCon qu\u00e9 intenciones? <strong>Si quieres saber lo que va a pasar del 22 al 26 de septiembre aqu\u00ed te dejamos el avance de los episodios 680 al 684.<\/strong><\/p>\n<p>Avance del cap\u00edtulo 680 del lunes 22 de septiembre<\/p>\n<p style=\"text-align:justify;\"><strong>Catalina intenta huir con sus hijos, pero el bar\u00f3n de Valladares la obliga a separarse de ellos, amenazando con matarlos si regresa<\/strong>. La hija del marqu\u00e9s, destrozada, es forzada a subir a un veh\u00edculo rumbo a un destino desconocido. A solas, el bar\u00f3n de Valladares se re\u00fane con la persona que est\u00e1 detr\u00e1s de este malvado plan. \u00bfDe qui\u00e9n se trata? Mientras, en La Promesa, Adriano se inquieta por la ausencia de su esposa. <\/p>\n<p>La Promesa: Valladares obliga a Catalina a separarse de sus hijos\u00a0MARTA GARCIA COMPANY<\/p>\n<p style=\"text-align:justify;\">Crecen las <strong>sospechas sobre Enora<\/strong> y su misterioso comportamiento y <strong>Manuel decide investigar su pasado<\/strong>. <strong>Petra, cada vez m\u00e1s irascible y con claros s\u00edntomas de enfermedad<\/strong>, pierde los nervios con P\u00eda y muestra un comportamiento cada vez m\u00e1s err\u00e1tico. Vera sigue debati\u00e9ndose entre regresar a casa o mantenerse firme. Su hermano Federico la visita para tratar el posible reencuentro con su padre, mientras la tensi\u00f3n con Lope sigue sin resolverse. <strong>P\u00eda se prepara para partir a Aranjuez, con el coraz\u00f3n roto por la separaci\u00f3n de su hijo. Leocadia, por su parte, anuncia p\u00fablicamente el compromiso de \u00c1ngela con Lorenzo, dejando a toda la familia en shock.<\/strong><\/p>\n<p>Avance del cap\u00edtulo 681 del martes 23 de septiembre<\/p>\n<p style=\"text-align:justify;\"><strong>El anuncio del compromiso entre \u00c1ngela y el capit\u00e1n de la Mata por parte de Leocadia desconcierta a toda la familia<\/strong>, pero la noticia se ve apartada por la <strong>desaparici\u00f3n de Catalina con sus hijos<\/strong>. Afortunadamente, las criaturas aparecen en el cobertizo, pero sin rastro de su madre. En palacio, <strong>Adriano recibe una carta, \u00a1es de Catalina! <\/strong>En ella, la hija del marqu\u00e9s justifica su marcha en la que <strong>antepone la seguridad de sus hijos a ella misma. <\/strong><\/p>\n<p>La Promesa: Adriano recibe una carta de Catalina<\/p>\n<p style=\"text-align:justify;\">Crist\u00f3bal y Petra imponen de nuevo su autoridad para gestionar la nueva situaci\u00f3n de la familia. <strong>Mar\u00eda Fern\u00e1ndez y el resto de sus compa\u00f1eros les reprochan la ausencia de P\u00eda<\/strong>. La situaci\u00f3n de palacio no se lo pone f\u00e1cil a Petra, que sigue sufriendo molestias en el cuello. Samuel lo atribuye a su mal humor y le aconseja que se tranquilice y no se lo tome todo tan a pecho. Sin embargo, esto no va evitar que a <strong>Petra se le agraven los s\u00edntomas<\/strong>.<\/p>\n<p>Avance del cap\u00edtulo 682 del mi\u00e9rcoles 24 de septiembre<\/p>\n<p style=\"text-align:justify;\">Catalina ha desaparecido dejando tras de s\u00ed dos cartas de despedida. <strong>Adriano, Martina y los Luj\u00e1n intentan entender su partida.<\/strong> <strong>El anuncio del compromiso de \u00c1ngela con Lorenzo sigue desatando una ola de rechazo y dolor. La joven, traicionada, se niega a obedecer a su madre<\/strong>. En la zona de servicio, Petra contin\u00faa debilitada por su colapso f\u00edsico y la presi\u00f3n moral del castigo a P\u00eda. Finalmente, decide confiar en Mar\u00eda Fern\u00e1ndez, que se ha comprometido a guardar su secreto y tomar ciertas responsabilidades.<strong> Lope y Vera llevan su enfrentamiento al l\u00edmite y discuten delante de los se\u00f1ores, con terribles consecuencias.<\/strong> Por su parte, las cocineras le hacen ver a Enora que Manuel est\u00e1 celoso de su boda con To\u00f1o.<\/p>\n<p>La Promesa: \u00c1ngela se niega a casarse con Lorenzo<\/p>\n<p>Avance del cap\u00edtulo 683 del jueves 25 de septiembre<\/p>\n<p style=\"text-align:justify;\"><strong>La marcha de Catalina sigue dando que hablar; Martina sospecha que tiene que ver con el \u00faltimo encuentro que tuvo con el bar\u00f3n de Valladares<\/strong>, pero Jacobo la anima a olvidarse. Lope y Vera no se olvidan del desastre de desayuno que sirvieron. Sus pesadillas se hacen realidad cuando Crist\u00f3bal se entera. El marqu\u00e9s trata de convencer a Leocadia de anular el compromiso entre \u00c1ngela y Lorenzo, hasta el punto de hastiarla. Ricardo est\u00e1 extenuado. El ahora mozo siente que la culpa de que P\u00eda est\u00e9 lejos es solamente suya&#8230;<strong> El malestar que siente el ama de llaves se agrava cada vez m\u00e1s y comienza a causar serios estragos en ella.<\/strong><\/p>\n<p>La Promesa: Alonso intenta convencer a Leocadia de anular el compromiso\u00a0MARTA GARCIA COMPANY<\/p>\n<p>Avance del cap\u00edtulo 684 del viernes 26 de septiembre<\/p>\n<p style=\"text-align:justify;\"><strong>Catalina sigue ausente y su sombra se cierne sobre La Promesa.<\/strong> Mientras Martina revela que el bar\u00f3n de Valladares pudo haber influido directamente en su marcha, Alonso y Adriano se desesperan sin noticias. Manuel se esfuerza por mantener la calma, pero, incluso en el taller, su mente divaga, atrapada entre dudas sobre Enora y el peso familiar. <strong>\u00c1ngela, por su parte, busca apoyo en Samuel, y aunque \u00e9l le pide fe y di\u00e1logo, ella solo encuentra rabia<\/strong>. En un encuentro tenso con Lorenzo, le lanza una dura verdad que revela viejos fantasmas. Leocadia, cada vez m\u00e1s acorralada, intenta hacerla entrar en raz\u00f3n, sin saber que su hija ya ha empezado a trazar su huida. <\/p>\n<p>La Promesa: Crist\u00f3bal impone mano dura en el servicio\u00a0MARTA GARCIA COMPANY<\/p>\n<p style=\"text-align:justify;\"><strong>Crist\u00f3bal impone mano dura: sistema de faltas y amenazas de despido. <\/strong>Ricardo y Candela son las primeras v\u00edctimas de esta tiran\u00eda. <strong>Petra, debilitada por el dolor, es finalmente examinada por el doctor Salazar, quien le sube la medicaci\u00f3n y le recomienda descanso.<\/strong><\/p>\n","protected":false},"excerpt":{"rendered":"La permanencia de Catalina en La Promesa pende de un hilo. Su enfrentamiento con Valladares ha traspasado todas&hellip;\n","protected":false},"author":2,"featured_media":129012,"comment_status":"","ping_status":"","sticky":false,"template":"","format":"standard","meta":{"footnotes":""},"categories":[91],"tags":[146,147,25,24,23],"class_list":{"0":"post-129011","1":"post","2":"type-post","3":"status-publish","4":"format-standard","5":"has-post-thumbnail","7":"category-entretenimiento","8":"tag-entertainment","9":"tag-entretenimiento","10":"tag-es","11":"tag-espana","12":"tag-spain"},"share_on_mastodon":{"url":"","error":""},"_links":{"self":[{"href":"https:\/\/www.europesays.com\/es\/wp-json\/wp\/v2\/posts\/129011","targetHints":{"allow":["GET"]}}],"collection":[{"href":"https:\/\/www.europesays.com\/es\/wp-json\/wp\/v2\/posts"}],"about":[{"href":"https:\/\/www.europesays.com\/es\/wp-json\/wp\/v2\/types\/post"}],"author":[{"embeddable":true,"href":"https:\/\/www.europesays.com\/es\/wp-json\/wp\/v2\/users\/2"}],"replies":[{"embeddable":true,"href":"https:\/\/www.europesays.com\/es\/wp-json\/wp\/v2\/comments?post=129011"}],"version-history":[{"count":0,"href":"https:\/\/www.europesays.com\/es\/wp-json\/wp\/v2\/posts\/129011\/revisions"}],"wp:featuredmedia":[{"embeddable":true,"href":"https:\/\/www.europesays.com\/es\/wp-json\/wp\/v2\/media\/129012"}],"wp:attachment":[{"href":"https:\/\/www.europesays.com\/es\/wp-json\/wp\/v2\/media?parent=129011"}],"wp:term":[{"taxonomy":"category","embeddable":true,"href":"https:\/\/www.europesays.com\/es\/wp-json\/wp\/v2\/categories?post=129011"},{"taxonomy":"post_tag","embeddable":true,"href":"https:\/\/www.europesays.com\/es\/wp-json\/wp\/v2\/tags?post=129011"}],"curies":[{"name":"wp","href":"https:\/\/api.w.org\/{rel}","templated":true}]}}