{"id":129023,"date":"2025-09-21T06:58:10","date_gmt":"2025-09-21T06:58:10","guid":{"rendered":"https:\/\/www.europesays.com\/es\/129023\/"},"modified":"2025-09-21T06:58:10","modified_gmt":"2025-09-21T06:58:10","slug":"el-casino-acoge-la-presentacion-de-la-cita-de-soria-con-la-historia-de-la-tauromaquia","status":"publish","type":"post","link":"https:\/\/www.europesays.com\/es\/129023\/","title":{"rendered":"El Casino acoge la presentaci\u00f3n de la \u00abcita de Soria con la historia de la tauromaquia\u00bb"},"content":{"rendered":"<p>En la ma\u00f1ana de ayer, 28 de septiembre, se ha celebrado la entrega de trofeos de la A.C.T Pe\u00f1a Taurina Rub\u00e9n Sanz de Soria y a su vez, se ha presentado la confirmaci\u00f3n de alternativa de Rub\u00e9n que tendr\u00e1 lugar el pr\u00f3ximo domingo en la madrile\u00f1a plaza de Las Ventas. Los matadores de toros sorianos, Jos\u00e9 Luis Palomar y el titular de la pe\u00f1a, actuaron de anfitriones en un acto que estuvo dirigido por el aragon\u00e9s C\u00e9sar Usan.<\/p>\n<p><img loading=\"lazy\" decoding=\"async\" width=\"540\" height=\"720\" alt=\"bad59b41-833f-4617-9def-9fe737e0ce1f\" src=\"https:\/\/www.europesays.com\/es\/wp-content\/uploads\/2025\/09\/2025092108312718212.jpg\" class=\"lazyload\"\/><br \/>\nACT Pe\u00f1a Rub\u00e9n Sanz<\/p>\n<p>La entrega de trofeos tuvo como protagonista al novillero sin caballos David Espej\u00f3n que recogi\u00f3 el trofeo \u00aba la torer\u00eda\u00bb por su actuaci\u00f3n en la novillada matinal del pasado viernes de toros y a los aficionados \u00c1ngel Jim\u00e9nez y Francisco Mart\u00ednez de Quel como dos de los aficionados taurinos m\u00e1s destacados.<\/p>\n<p><img loading=\"lazy\" decoding=\"async\" width=\"506\" height=\"720\" alt=\"David Espej\u00f3n\" src=\"https:\/\/www.europesays.com\/es\/wp-content\/uploads\/2025\/09\/2025092108312797357.jpg\" class=\"lazyload\"\/><br \/>\nDavid Espej\u00f3n<\/p>\n<p>El maestro Jos\u00e9 Luis Palomar tuvo palabras de apoyo y respeto para qui\u00e9n un d\u00eda fue su alumno y dijo que el pr\u00f3ximo domingo, Soria tiene una cita con la historia de la tauromaquia.<\/p>\n<p><img loading=\"lazy\" decoding=\"async\" width=\"540\" height=\"720\" alt=\"ACT Pe\u00f1a Rub\u00e9n Sanz\" src=\"https:\/\/www.europesays.com\/es\/wp-content\/uploads\/2025\/09\/2025092108312633305.jpg\" class=\"lazyload\"\/><br \/>\nACT Pe\u00f1a Rub\u00e9n Sanz<\/p>\n<p>\u00a0<\/p>\n","protected":false},"excerpt":{"rendered":"En la ma\u00f1ana de ayer, 28 de septiembre, se ha celebrado la entrega de trofeos de la A.C.T&hellip;\n","protected":false},"author":2,"featured_media":129024,"comment_status":"","ping_status":"","sticky":false,"template":"","format":"standard","meta":{"footnotes":""},"categories":[277],"tags":[373,7264,168,25,24,492,23,167,374],"class_list":{"0":"post-129023","1":"post","2":"type-post","3":"status-publish","4":"format-standard","5":"has-post-thumbnail","7":"category-toreo","8":"tag-bullfighting","9":"tag-capital","10":"tag-deportes","11":"tag-es","12":"tag-espana","13":"tag-sociedad","14":"tag-spain","15":"tag-sports","16":"tag-toreo"},"share_on_mastodon":{"url":"","error":""},"_links":{"self":[{"href":"https:\/\/www.europesays.com\/es\/wp-json\/wp\/v2\/posts\/129023","targetHints":{"allow":["GET"]}}],"collection":[{"href":"https:\/\/www.europesays.com\/es\/wp-json\/wp\/v2\/posts"}],"about":[{"href":"https:\/\/www.europesays.com\/es\/wp-json\/wp\/v2\/types\/post"}],"author":[{"embeddable":true,"href":"https:\/\/www.europesays.com\/es\/wp-json\/wp\/v2\/users\/2"}],"replies":[{"embeddable":true,"href":"https:\/\/www.europesays.com\/es\/wp-json\/wp\/v2\/comments?post=129023"}],"version-history":[{"count":0,"href":"https:\/\/www.europesays.com\/es\/wp-json\/wp\/v2\/posts\/129023\/revisions"}],"wp:featuredmedia":[{"embeddable":true,"href":"https:\/\/www.europesays.com\/es\/wp-json\/wp\/v2\/media\/129024"}],"wp:attachment":[{"href":"https:\/\/www.europesays.com\/es\/wp-json\/wp\/v2\/media?parent=129023"}],"wp:term":[{"taxonomy":"category","embeddable":true,"href":"https:\/\/www.europesays.com\/es\/wp-json\/wp\/v2\/categories?post=129023"},{"taxonomy":"post_tag","embeddable":true,"href":"https:\/\/www.europesays.com\/es\/wp-json\/wp\/v2\/tags?post=129023"}],"curies":[{"name":"wp","href":"https:\/\/api.w.org\/{rel}","templated":true}]}}