{"id":129027,"date":"2025-09-21T07:02:08","date_gmt":"2025-09-21T07:02:08","guid":{"rendered":"https:\/\/www.europesays.com\/es\/129027\/"},"modified":"2025-09-21T07:02:08","modified_gmt":"2025-09-21T07:02:08","slug":"medio-millar-de-ciclistas-disfrutan-de-la-fiesta-de-la-bicicleta-en-aviles","status":"publish","type":"post","link":"https:\/\/www.europesays.com\/es\/129027\/","title":{"rendered":"Medio millar de ciclistas disfrutan de la Fiesta de la Bicicleta, en Avil\u00e9s"},"content":{"rendered":"<p><a class=\"v-mdl-ath__fig-a\" href=\"https:\/\/www.elcomercio.es\/autor\/fernando-del-busto-250.html\" title=\"Fernando Del Busto\" rel=\"nofollow noopener\" target=\"_blank\"><br \/>\n<img decoding=\"async\" class=\"v-mdl-ath__img\" src=\"https:\/\/www.europesays.com\/es\/wp-content\/uploads\/2025\/09\/autor-250-foto-2.jpeg\" alt=\"Fernando Del Busto\"\/><br \/>\n<\/a><\/p>\n<p class=\"v-mdl-ath__p v-mdl-ath__p--6\">\nDomingo, 21 de septiembre 2025, 02:00<\/p>\n<p class=\"v-p\">Con cerca de medio millar de inscritos, la edici\u00f3n n\u00famero 43 de la Fiesta de la Bicicleta fue una celebraci\u00f3n familiar, joven y alegre que reivindic\u00f3 el potencial de las dos ruedas para los desplazamientos en la ciudad.<\/p>\n<p class=\"v-p\">La Fundaci\u00f3n Deportiva Municipal organiz\u00f3 el evento contando con el apoyo de la Polic\u00eda Local garantizando la seguridad de los participantes a lo largo de los doce kil\u00f3metros del recorrido que comenz\u00f3 poco despu\u00e9s de las 10.30 horas en el centro comercial de El Corte Ingl\u00e9s en La Carriona. Se acot\u00f3 un amplio espacio para la confirmaci\u00f3n de las inscripciones y retirada de las camisetas conmemorativas. <\/p>\n<p class=\"v-p\">Cada a\u00f1o, se imprime con un dibujo espec\u00edfico. Este a\u00f1o, un simp\u00e1tico bid\u00f3n para hidratarse era el motivo principal, siguiendo la estela del casco de seguridad de la edici\u00f3n anterior y el timbre de la de 2023.<\/p>\n<p class=\"v-p\">El respaldo de El Corte Ingl\u00e9s a la fiesta tambi\u00e9n se tradujo en las cuatro bicicletas aportadas para el sorteo entre los participantes que llegaron a Pista de La Exposici\u00f3n, adem\u00e1s de diferente material deportivo.<\/p>\n<p class=\"v-p\">La Fundaci\u00f3n Deportiva Municipal tambi\u00e9n cont\u00f3 con la colaboraci\u00f3n de la Escuder\u00eda Avilesina, reforzando la seguridad del pelot\u00f3n durante los doce kil\u00f3metros del recorrido.<\/p>\n<p>Chechu Rubiera, de padrino<\/p>\n<p class=\"v-p\">La cita cont\u00f3 con Chechu Rubiera como padrino de lujo. El exciclista profesional recibi\u00f3 el cari\u00f1o de los m\u00e1s j\u00f3venes en la salida del recorrido. No lleg\u00f3 a completar la Fiesta de la Bicicleta por compromisos familiares que le obligaron a marcharse de Avil\u00e9s antes de que la jornada concluyese sobre las 12.45 en la Pista de La Exposici\u00f3n, donde todos los participantes recibieron una bebida isot\u00f3nica para recuperarse del esfuerzo.<\/p>\n<p class=\"v-p\">Finalmente, salieron unos cuatrocientos ciclistas para un evento que recorri\u00f3 buena parte del concejo, incluyendo un reagrupamiento en la Plaza Mayor de Llaranes antes de dirigirse hacia La Exposici\u00f3n.<\/p>\n<p class=\"v-p\">H\u00e9ctor Murias era uno de los participantes que este a\u00f1o debutaba. Llevaba a su hijo Javier en un asiento infantil. Su mujer, Elena, tambi\u00e9n se hab\u00eda sumado.<\/p>\n<p class=\"v-p\">\u00abVimos el anuncio y decidimos participar\u00bb, explicaba al terminar. La experiencia ha sido satisfactoria hasta el punto de que asegura que en el futuro la familia har\u00e1 m\u00e1s recorridos.<\/p>\n<p class=\"v-p\">El joven Nicol\u00e1s Tubilleja tambi\u00e9n acudi\u00f3 con su familia. Ya ha participado varias veces y asegura que es una ocasi\u00f3n para \u00abpasarlo bien con la familia\u00bb.<\/p>\n<p class=\"v-p\">Marcos Alonso Rodr\u00edguez fue otro de los debutantes en este 2025. Aseguraba que sin su amigo Gabriel Men\u00e9ndez \u00c1lvarez no se hubiese inscrito. Completado el recorrido, afirm\u00f3 que \u00abval\u00eda la pena\u00bb.<\/p>\n<p class=\"v-p\">Para Mar\u00eda Rodr\u00edguez tambi\u00e9n era la primera vez, junto con otros cuatro miembros de su familia. \u00abEs una experiencia muy guapa. Nos animar\u00e1 a salir m\u00e1s en familia\u00bb, dijo. Por su parte, Irene Siesto, con varias participaciones, asegur\u00f3 que era una ocasi\u00f3n para reivindicar la bicicleta como medio de transporte. No en vano, con esta fiesta se cerraba la Semana de la Movilidad en Avil\u00e9s. <\/p>\n<p>Comenta<\/p>\n<p>Reporta un error<\/p>\n","protected":false},"excerpt":{"rendered":"Domingo, 21 de septiembre 2025, 02:00 Con cerca de medio millar de inscritos, la edici\u00f3n n\u00famero 43 de&hellip;\n","protected":false},"author":2,"featured_media":129028,"comment_status":"","ping_status":"","sticky":false,"template":"","format":"standard","meta":{"footnotes":""},"categories":[273],"tags":[7560,313,2838,312,168,2448,25,24,2328,697,39783,23,167],"class_list":{"0":"post-129027","1":"post","2":"type-post","3":"status-publish","4":"format-standard","5":"has-post-thumbnail","7":"category-ciclismo","8":"tag-bicicleta","9":"tag-ciclismo","10":"tag-ciclistas","11":"tag-cycling","12":"tag-deportes","13":"tag-disfrutan","14":"tag-es","15":"tag-espana","16":"tag-fiesta","17":"tag-medio","18":"tag-millar","19":"tag-spain","20":"tag-sports"},"share_on_mastodon":{"url":"","error":""},"_links":{"self":[{"href":"https:\/\/www.europesays.com\/es\/wp-json\/wp\/v2\/posts\/129027","targetHints":{"allow":["GET"]}}],"collection":[{"href":"https:\/\/www.europesays.com\/es\/wp-json\/wp\/v2\/posts"}],"about":[{"href":"https:\/\/www.europesays.com\/es\/wp-json\/wp\/v2\/types\/post"}],"author":[{"embeddable":true,"href":"https:\/\/www.europesays.com\/es\/wp-json\/wp\/v2\/users\/2"}],"replies":[{"embeddable":true,"href":"https:\/\/www.europesays.com\/es\/wp-json\/wp\/v2\/comments?post=129027"}],"version-history":[{"count":0,"href":"https:\/\/www.europesays.com\/es\/wp-json\/wp\/v2\/posts\/129027\/revisions"}],"wp:featuredmedia":[{"embeddable":true,"href":"https:\/\/www.europesays.com\/es\/wp-json\/wp\/v2\/media\/129028"}],"wp:attachment":[{"href":"https:\/\/www.europesays.com\/es\/wp-json\/wp\/v2\/media?parent=129027"}],"wp:term":[{"taxonomy":"category","embeddable":true,"href":"https:\/\/www.europesays.com\/es\/wp-json\/wp\/v2\/categories?post=129027"},{"taxonomy":"post_tag","embeddable":true,"href":"https:\/\/www.europesays.com\/es\/wp-json\/wp\/v2\/tags?post=129027"}],"curies":[{"name":"wp","href":"https:\/\/api.w.org\/{rel}","templated":true}]}}