{"id":129033,"date":"2025-09-21T07:05:13","date_gmt":"2025-09-21T07:05:13","guid":{"rendered":"https:\/\/www.europesays.com\/es\/129033\/"},"modified":"2025-09-21T07:05:13","modified_gmt":"2025-09-21T07:05:13","slug":"el-athletic-cae-en-valencia-y-empieza-a-meterse-en-un-lio","status":"publish","type":"post","link":"https:\/\/www.europesays.com\/es\/129033\/","title":{"rendered":"El Athletic cae en Valencia y empieza a meterse en un l\u00edo"},"content":{"rendered":"<p>\n        En Mestalla enlaz\u00f3 el tercer rev\u00e9s <strong>un <\/strong><a href=\"https:\/\/www.deia.eus\/athletic\/\" title=\"Athletic\" class=\"link copy\" rel=\"nofollow noopener\" target=\"_blank\"><strong>Athletic<\/strong><\/a><strong> que contin\u00faa sin transmitir fiabilidad<\/strong> y anoche desperdici\u00f3 una buena oportunidad para volver a la senda del triunfo. Sin embargo, <strong>ejerci\u00f3 un dominio apabullante que no supo rentabilizar, <\/strong>luego permiti\u00f3 que el rival sacase la cabeza y la expulsi\u00f3n de Vivian por recomendaci\u00f3n del VAR a la hora de partido termin\u00f3 de transformar un panorama propicio en un calvario. El Valencia, sac\u00f3 chispas a dos acciones de estrategia y liquid\u00f3 el asunto sin que los rojiblancos tuviesen fuerzas ni \u00e1nimo para replicar. Si la resignaci\u00f3n presidi\u00f3 el tramo final, fue en la fase disputada en igualdad de fuerzas donde puede afirmarse que el Athletic defraud\u00f3. De nuevo, m\u00e1s all\u00e1 de su apabullante dominio careci\u00f3 de pegada para deshacerse de un adversario entregado. <strong>Fue como si perdonase la vida a un conjunto que daba l\u00e1stima y lo pag\u00f3 con creces.<\/strong> Perdonar suele llevar aparejada una penitencia. Lo presenciado este s\u00e1bado no es sino un ejemplo de manual.\n<\/p>\n<p class=\"article-body__text \">\n        Resulta evidente que el Athletic no est\u00e1 logrando elevar sus prestaciones al nivel que se le presume. Despliega muy correctamente algunos de sus recursos m\u00e1s reconocibles, especialmente sin bal\u00f3n, pero suspende en las situaciones que deben dar pie al gol. No es \u00fanicamente un problema atribuible a las prestaciones individuales de algunos de los fijos en ataque, factor que sin duda se deja sentir. <strong>Se echa de menos m\u00e1s gracia, intenci\u00f3n y atrevimiento en general, <\/strong>la propuesta decae ante la ausencia de filo en las maniobras. Son observaciones pueden hacerse extensivas a todas y cada una de las seis actuaciones ofrecidas hasta la fecha.\n<\/p>\n<p>            <a href=\"https:\/\/www.deia.eus\/athletic\/2025\/09\/20\/notas-pako-ruiz-gestion-galarreta-no-vale-10108404.html\" title=\"Las notas de Pako Ruiz: la gesti\u00f3n de Galarreta no vale\" class=\"new__media\" rel=\"nofollow noopener\" target=\"_blank\"><\/p>\n<p>                <img alt=\"Las notas de Pako Ruiz: la gesti\u00f3n de Galarreta no vale\" data-src=\"https:\/\/www.europesays.com\/es\/wp-content\/uploads\/2025\/09\/0163320e-7c71-4a0f-83c7-a77c826cff9f_16-9-aspect-ratio_default_0.jpg\" class=\"lozad\"\/><\/p>\n<p>        <\/a><\/p>\n<p>        <a href=\"https:\/\/www.deia.eus\/athletic\/2025\/09\/20\/notas-pako-ruiz-gestion-galarreta-no-vale-10108404.html\" title=\"Las notas de Pako Ruiz: la gesti\u00f3n de Galarreta no vale\" class=\"new__headline\" rel=\"nofollow noopener\" target=\"_blank\"><br \/>\n            Las notas de Pako Ruiz: la gesti\u00f3n de Galarreta no vale<br \/>\n        <\/a><\/p>\n<p class=\"article-body__text \">\n        Tanto en las victorias como en las derrotas el Athletic ha dejado de ser el grupo que amedrenta al rival. Anoche ni siquiera se necesitaba un alarde de profundidad y potencia rematadora para meter el miedo en el cuerpo a los futbolistas que dirige Carlos Corber\u00e1n. Dio la impresi\u00f3n de que a\u00fan no se hab\u00edan repuesto de la reciente paliza recibida frente al Barcelona. <strong>Remiso, inseguro, sin ning\u00fan atisbo de rebelarse y opositar a la enmienda, as\u00ed se mostr\u00f3 el Valencia a lo largo de la primera parte. <\/strong>Siempre a merced de un Athletic serio y firme, que tuvo bal\u00f3n cuanto quiso y donde quiso, pisando terreno rival. Gracias a las m\u00faltiples p\u00e9rdidas y a los robos, claro, porque para variar los rojiblancos ejecutaron esa presi\u00f3n avanzada suya tan caracter\u00edstica de modo coordinado y eficiente.\n<\/p>\n<p>            <a href=\"https:\/\/www.deia.eus\/athletic\/2025\/09\/20\/agirrezabala-muro-reencuentro-athletic-10109154.html\" title=\"Agirrezabala, un muro en su reencuentro con el Athletic\" class=\"new__media\" rel=\"nofollow noopener\" target=\"_blank\"><\/p>\n<p>                <img alt=\"Agirrezabala, un muro en su reencuentro con el Athletic\" data-src=\"https:\/\/www.europesays.com\/es\/wp-content\/uploads\/2025\/09\/3ff9cb23-21d0-4ecc-af25-028c4e324feb_16-9-aspect-ratio_default_0.jpg\" class=\"lozad\"\/><\/p>\n<p>        <\/a><\/p>\n<p>        <a href=\"https:\/\/www.deia.eus\/athletic\/2025\/09\/20\/agirrezabala-muro-reencuentro-athletic-10109154.html\" title=\"Agirrezabala, un muro en su reencuentro con el Athletic\" class=\"new__headline\" rel=\"nofollow noopener\" target=\"_blank\"><br \/>\n            Agirrezabala, un muro en su reencuentro con el Athletic<br \/>\n        <\/a><\/p>\n<p class=\"article-body__text \">\n        La reacci\u00f3n de la grada no dejaba lugar a dudas de los derroteros por los que discurr\u00eda el encuentro: <strong>para el cuarto de hora los silbidos amenizaban la noche con estruendo. <\/strong>Una expresi\u00f3n de disgusto que pr\u00e1cticamente no remiti\u00f3 hasta que el descanso estuvo pr\u00f3ximo. Ah\u00ed hubo un tramo bastante anodino, pero durante media hora larga se asisti\u00f3 a un mon\u00f3logo del Athletic, due\u00f1o del ritmo y la pelota salvo en el \u00e1rea levantina. Eso fue m\u00e1s problem\u00e1tico. Por un lado, porque all\u00ed <strong>quien se erigi\u00f3 en el amo se llama Agirrezabala.<\/strong> Firm\u00f3 tres intervenciones de gran m\u00e9rito, indispensables para que el Valencia no se hundiese definitivamente.\n<\/p>\n<p>            <a href=\"https:\/\/www.deia.eus\/athletic\/2025\/09\/20\/laporte-400-semanas-despues-10109074.html\" title=\"Laporte, 400 semanas despu\u00e9s\" class=\"new__media\" rel=\"nofollow noopener\" target=\"_blank\"><\/p>\n<p>                <img alt=\"Laporte, 400 semanas despu\u00e9s\" data-src=\"https:\/\/www.europesays.com\/es\/wp-content\/uploads\/2025\/09\/571ede86-d1e4-4d7e-ab63-10cc59ac453b_16-9-aspect-ratio_default_0.jpg\" class=\"lozad\"\/><\/p>\n<p>        <\/a><\/p>\n<p>        <a href=\"https:\/\/www.deia.eus\/athletic\/2025\/09\/20\/laporte-400-semanas-despues-10109074.html\" title=\"Laporte, 400 semanas despu\u00e9s\" class=\"new__headline\" rel=\"nofollow noopener\" target=\"_blank\"><br \/>\n            Laporte, 400 semanas despu\u00e9s<br \/>\n        <\/a><\/p>\n<p class=\"article-body__text \">\n        El recital del guipuzcoano arranc\u00f3 con un palmeo a volea de Sancet que desvi\u00f3 levemente Guerra, sigui\u00f3 con otro despeje complicado, de nuevo a intento de Sancet, asimismo desde la frontal. Hubo un zurdazo de Williams que neutraliz\u00f3 con agilidad y estuvo bien colocado ante sendos env\u00edos del Jauregizar y el capit\u00e1n, con una dosis de veneno muy inferior a la de los enumerados previamente. En realidad, ese <strong>d\u00e9ficit de pegada<\/strong> condicion\u00f3 totalmente la propuesta. La sequ\u00eda en los tres \u00faltimos compromisos no responde a la casualidad, tal es la impresi\u00f3n que se extrajo este s\u00e1bado.\n<\/p>\n<p class=\"article-body__text \">\n        Desde luego nunca resulta sencillo desbordar a un oponente que ante su incapacidad para progresar opta por protegerse con descaro y acumulando personal en torno a su portero, que tal fue la actitud que escogi\u00f3 el Valencia para disgusto de su afici\u00f3n; tambi\u00e9n es cierto que <strong>la sensaci\u00f3n de superioridad del Athletic fue muy acusada y el desarrollo del juego invitaba a creer que no tardar\u00eda en plasmarlo.<\/strong> Seg\u00fan se consum\u00edan los minutos se apreci\u00f3 que las probabilidades de asestar el golpe que el partido reclamaba iban decayendo.\n<\/p>\n<p>            <a href=\"https:\/\/www.deia.eus\/athletic\/2025\/09\/20\/mejor-peor-valencia-athletic-10109148.html\" title=\"Lo mejor y lo peor del Valencia-Athletic\" class=\"new__media\" rel=\"nofollow noopener\" target=\"_blank\"><\/p>\n<p>                <img alt=\"Lo mejor y lo peor del Valencia-Athletic\" data-src=\"https:\/\/www.europesays.com\/es\/wp-content\/uploads\/2025\/09\/b85cae65-6681-4be7-b06f-5e44db3f10a3_16-9-aspect-ratio_default_0.jpg\" class=\"lozad\"\/><\/p>\n<p>        <\/a><\/p>\n<p>        <a href=\"https:\/\/www.deia.eus\/athletic\/2025\/09\/20\/mejor-peor-valencia-athletic-10109148.html\" title=\"Lo mejor y lo peor del Valencia-Athletic\" class=\"new__headline\" rel=\"nofollow noopener\" target=\"_blank\"><br \/>\n            Lo mejor y lo peor del Valencia-Athletic<br \/>\n        <\/a><\/p>\n<p class=\"article-body__text \">\n        De ah\u00ed que no sorprendiese una versi\u00f3n m\u00e1s contemplativa a la vuelta del descanso. Adem\u00e1s de que <strong>el Valencia se esforz\u00f3 en ganar metros<\/strong> y ser m\u00e1s intenso, fue evidente que deca\u00edan las revoluciones del Athletic. Se dir\u00e1 que la bajada de tensi\u00f3n puede obedecer al gasto invertido en la Champions, pero a estas alturas del curso tampoco existe una acumulaci\u00f3n de esfuerzos exagerada. Bueno, si se descuenta a <a href=\"https:\/\/www.deia.eus\/tags\/mikel-jauregizar\/\" title=\"Jauregizar\" class=\"link copy\" rel=\"nofollow noopener\" target=\"_blank\">Jauregizar<\/a>, claro est\u00e1. Nada hab\u00eda ocurrido que llamase la atenci\u00f3n, el Valencia no sent\u00eda el agobio del comienzo y <strong>de repente Santamar\u00eda avanz\u00f3 y en el forcejeo con Vivian, que era el cierre en ese instante, cay\u00f3 al c\u00e9sped.<\/strong> El \u00e1rbitro amonest\u00f3 al central, pero a instancias de sus ayudantes revis\u00f3 la acci\u00f3n y <strong>cambi\u00f3 el color de la tarjeta.<\/strong> Con media hora por delante <strong>tuvo que debutar Laporte<\/strong> y Berenguer pas\u00f3 al banquillo.\n<\/p>\n<p class=\"article-body__text \">\n        Poco despu\u00e9s, triple cambio, hab\u00eda que aguantar el tute contra once e <strong>ingresaron Vesga, Unai G\u00f3mez y Maroan. <\/strong>Asimismo, conven\u00eda proteger a determinados elementos, sobre todo a Galarreta y Sancet. Tambi\u00e9n el Valencia meti\u00f3 m\u00e1s madera arriba, l\u00f3gico. Laporte estuvo en un tris de arruinar su estreno con un despeje defectuoso que sorprendi\u00f3 a todo el mundo y roz\u00f3 el larguero camino del c\u00f3rner. A la salida del mismo, <strong>Santamar\u00eda burl\u00f3 la vigilancia de Areso y corri\u00f3 al primer palo para anticiparse a Williams<\/strong> y cabecear sin oposici\u00f3n. No hubo manera de reaccionar. El Valencia exprimi\u00f3 la posesi\u00f3n con bastante temple y el Athletic, sencillamente, se derrumb\u00f3. No volvi\u00f3 a visitar a Agirrezabala y<strong> en el a\u00f1adido recibi\u00f3 un segundo sopapo,<\/strong> aunque no el primero hubiese bastado.<\/p>\n","protected":false},"excerpt":{"rendered":"En Mestalla enlaz\u00f3 el tercer rev\u00e9s un Athletic que contin\u00faa sin transmitir fiabilidad y anoche desperdici\u00f3 una buena&hellip;\n","protected":false},"author":2,"featured_media":129034,"comment_status":"","ping_status":"","sticky":false,"template":"","format":"standard","meta":{"footnotes":""},"categories":[268],"tags":[2182,168,7954,25,24,280,282,12266,20276,281,23,167],"class_list":{"0":"post-129033","1":"post","2":"type-post","3":"status-publish","4":"format-standard","5":"has-post-thumbnail","7":"category-futbol","8":"tag-athletic","9":"tag-deportes","10":"tag-empieza","11":"tag-es","12":"tag-espana","13":"tag-football","14":"tag-futbol","15":"tag-lio","16":"tag-meterse","17":"tag-soccer","18":"tag-spain","19":"tag-sports"},"share_on_mastodon":{"url":"","error":""},"_links":{"self":[{"href":"https:\/\/www.europesays.com\/es\/wp-json\/wp\/v2\/posts\/129033","targetHints":{"allow":["GET"]}}],"collection":[{"href":"https:\/\/www.europesays.com\/es\/wp-json\/wp\/v2\/posts"}],"about":[{"href":"https:\/\/www.europesays.com\/es\/wp-json\/wp\/v2\/types\/post"}],"author":[{"embeddable":true,"href":"https:\/\/www.europesays.com\/es\/wp-json\/wp\/v2\/users\/2"}],"replies":[{"embeddable":true,"href":"https:\/\/www.europesays.com\/es\/wp-json\/wp\/v2\/comments?post=129033"}],"version-history":[{"count":0,"href":"https:\/\/www.europesays.com\/es\/wp-json\/wp\/v2\/posts\/129033\/revisions"}],"wp:featuredmedia":[{"embeddable":true,"href":"https:\/\/www.europesays.com\/es\/wp-json\/wp\/v2\/media\/129034"}],"wp:attachment":[{"href":"https:\/\/www.europesays.com\/es\/wp-json\/wp\/v2\/media?parent=129033"}],"wp:term":[{"taxonomy":"category","embeddable":true,"href":"https:\/\/www.europesays.com\/es\/wp-json\/wp\/v2\/categories?post=129033"},{"taxonomy":"post_tag","embeddable":true,"href":"https:\/\/www.europesays.com\/es\/wp-json\/wp\/v2\/tags?post=129033"}],"curies":[{"name":"wp","href":"https:\/\/api.w.org\/{rel}","templated":true}]}}