{"id":129035,"date":"2025-09-21T07:06:22","date_gmt":"2025-09-21T07:06:22","guid":{"rendered":"https:\/\/www.europesays.com\/es\/129035\/"},"modified":"2025-09-21T07:06:22","modified_gmt":"2025-09-21T07:06:22","slug":"entro-en-una-espiral-de-destruccion","status":"publish","type":"post","link":"https:\/\/www.europesays.com\/es\/129035\/","title":{"rendered":"\u00abEntr\u00f3 en una espiral de destrucci\u00f3n\u00bb"},"content":{"rendered":"<p><img decoding=\"async\" class=\"voc-author__img\" src=\"https:\/\/www.europesays.com\/es\/wp-content\/uploads\/2025\/08\/autor-7048-foto-2.png\" alt=\"Patricia Marcos\"\/><\/p>\n<p class=\"voc-p\" style=\"\">Tras cuatro a\u00f1os alejada de la televisi\u00f3n, <strong>Ylenia Padilla <\/strong>ha vuelto a saltar a los medios despu\u00e9s de que se desvelara que se encontraba en <strong>paradero desconocido<\/strong> en pleno juicio. La exparticipante de &#8216;Gandia Shore&#8217; y &#8216;GH VIP&#8217; est\u00e1 acusada por un supuesto delito contra la dignidad de la persona por motivo de identidad sexual tras <a href=\"https:\/\/www.abc.es\/gente\/ylenia-padilla-rompe-silencio-sobre-insultos-transfobos-20241028152655-nt.html\" title=\"www.abc.es\" data-voc-vtm-id=\"in-text-traffic\" data-mrf-link=\"www.abc.es\" rel=\"nofollow noopener\" target=\"_blank\">insultar y amenazar a la humorista Elsa Ruiz<\/a>.<\/p>\n<p class=\"voc-p\" style=\"\">Los hechos se remontan a 2021, cuando Ylenia se convirti\u00f3 en foco de la pol\u00e9mica por <strong>sus declaraciones en contra de la ley trans y el colectivo LGTBIQ+<\/strong>. La que fuera uno de los rostros &#8216;estrella&#8217; de Telecinco durante a\u00f1os, lleg\u00f3 a lanzar en sus redes insultos tr\u00e1nsfobos y amenazas contra Elsa Ruiz. Entonces, decidi\u00f3 alejarse de la televisi\u00f3n y desaparecer de las redes sociales. <\/p>\n<p class=\"voc-p\" style=\"\">No obstante, Ylenia ha vuelto a saltar a los medios despu\u00e9s de que &#8216;P\u00fablico&#8217; desvelara el pasado martes que hab\u00eda permanecido en <strong>paradero desconocido<\/strong> cerca de dos meses mientras un juez intentaba notificarle la apertura de un juicio oral por su causa con Elsa Ruiz.<\/p>\n<p class=\"voc-p\" style=\"\">La humorista cont\u00f3 este mi\u00e9rcoles en un v\u00eddeo publicado en Instagram que el odio que recibi\u00f3 en aquella \u00e9poca le llev\u00f3 a <strong>\u00abintentar suicidarme\u00bb<\/strong> y a dejar de trabajar. A pesar de encontrarse mejor, la c\u00f3mica lament\u00f3 que \u00abcada paso en el proceso judicial es rememorar todo de nuevo y revivir este dolor\u00bb.<\/p>\n<p class=\"voc-p\" style=\"\">Elsa arremeti\u00f3 contra Ylenia en su v\u00eddeo por \u00abquerer alargar todav\u00eda m\u00e1s esta situaci\u00f3n y re\u00edrse de m\u00ed y de la Justicia\u00bb. Y es que, tal y como explic\u00f3, la de Benidorm no ha cumplido durante meses \u00abcon su obligaci\u00f3n de <strong>estar localizable<\/strong> ni ha comunicado un cambio de domicilio si es que lo hubiera\u00bb. <\/p>\n<p class=\"voc-p\" style=\"\">Esta semana,<strong> Ylenia quiso dar su versi\u00f3n <\/strong>sobre lo sucedido. En el programa de Cuatro &#8216;En boca de todos&#8217;, neg\u00f3 que estuviese desaparecida y asegur\u00f3 que <strong>\u00abtodo lo que est\u00e1n publicando sobre m\u00ed es falso<\/strong>, como lo ha sido desde el minuto cero\u00bb. Tal y como explic\u00f3, \u00abse ha declarado la nulidad procesal y se ha exigido a fiscal\u00eda que concrete cu\u00e1l es el delito de odio\u00bb.<\/p>\n<p class=\"voc-p\" style=\"\">Adem\u00e1s, Ylenia se defendi\u00f3 asegurando que \u00ab<strong>las cosas feas que dije<\/strong> eran en respuesta a los usuarios que me acosaban en directo, en ning\u00fan caso se refer\u00edan a todo un colectivo del que siempre he sido aliada\u00bb. Y es que, se\u00f1al\u00f3, fue v\u00edctima de un \u00ablinchamiento feroz contra el que se tuvo que defender\u00bb.<\/p>\n<p>\nLa confesi\u00f3n de Bel\u00e9n Esteban sobre el final de su amistad con Ylenia\n<\/p>\n<p class=\"voc-p\" style=\"\">La supuesta desaparici\u00f3n de Ylenia y el juicio en el que est\u00e1 inmersa han sido tema de debate en algunos programas de televisi\u00f3n. Este fue el caso de <strong>&#8216;No somos nadie&#8217;,<\/strong> el nuevo formato del universo &#8216;S\u00e1lvame&#8217; -tras el final de &#8216;La familia de la tele&#8217; en TVE-, presentado por <strong>Mar\u00eda Pati\u00f1o y Carlota Corredera.<\/strong><\/p>\n<p class=\"voc-p\" style=\"\">En el programa de este viernes, los colaboradores hablaron sobre esta cuesti\u00f3n. Entre ellos, <strong>Bel\u00e9n Esteban<\/strong>, quien fuera amiga \u00edntima de Ylenia durante a\u00f1os, especialmente a ra\u00edz de la participaci\u00f3n de ambas en &#8216;GH VIP 3&#8217;. \u00abYo la he querido mucho, mucho, pero hubo un momento en que <strong>la tuve que dejar de seguir y cortar mi amistad<\/strong> completamente con ella\u00bb, lament\u00f3.<\/p>\n<p><img decoding=\"async\" loading=\"lazy\" src=\"https:\/\/www.europesays.com\/es\/wp-content\/uploads\/2025\/09\/ylenia-belen-gran-hermano-kLsE--760x427@diario_abc.jpg\" class=\"voc-img\" width=\"760\" height=\"427\" alt=\"Ylenia Padilla y Bel\u00e9n Esteban en 'GH VIP 3'\" data-voc-vtm-id=\"in-text-traffic\"\/><\/p>\n<p>Ylenia Padilla y Bel\u00e9n Esteban en &#8216;GH VIP 3&#8217;<\/p>\n<p>telecinco<\/p>\n<p class=\"voc-p\" style=\"\">La colaboradora quiso explicar los motivos del final de su amistad con Ylenia. \u00abNo me gustaba lo que dec\u00eda. <strong>Hac\u00eda v\u00eddeos en contra de m\u00ed<\/strong>\u00bb, se\u00f1al\u00f3, visiblemente dolida. Y es que, para Bel\u00e9n, ella se comport\u00f3 \u00abno como una hermana, sino como <strong>una madre<\/strong>\u00bb. \u00abTiene a sus padres, maravillosos, pero cuando ven\u00eda a &#8216;S\u00e1lvame Deluxe&#8217;, con la movida de Kiko Matamoros, yo le dec\u00eda que estuviera tranquila\u00bb, record\u00f3.<\/p>\n<p class=\"voc-p\" style=\"\">Sin embargo, tras a\u00f1os de una amistad muy estrecha, <strong>\u00abYlenia entr\u00f3 en una espiral de destrucci\u00f3n\u00bb,<\/strong> seg\u00fan Bel\u00e9n Esteban, lo que hizo que la colaboradora se alejara de su amiga y no tenga, a d\u00eda de hoy, contacto con ella.<\/p>\n<p class=\"voc-p\" style=\"\">No obstante, Bel\u00e9n Esteban se alegr\u00f3 este viernes de que la que fuera su amiga se haya recuperado. \u00abTengo entendido, y ojal\u00e1 sea as\u00ed, porque yo no le deseo mal, que <strong>est\u00e1 ya mejor<\/strong> y que est\u00e1 en <strong>Benidorm<\/strong>, que es donde vive su familia\u00bb, revel\u00f3.<\/p>\n<p class=\"voc-p\" style=\"\">Durante el programa, Carlota Corredera conect\u00f3 con <strong>Elsa Ruiz<\/strong>, quien se mostr\u00f3 reticente a llegar a un acuerdo extrajudicial con Ylenia. \u00abHa tenido mucho tiempo para ponerse en contacto conmigo y para pedir disculpas o mostrar alg\u00fan gesto de arrepentimiento. Ella no se retracta, as\u00ed que cualquier tipo de acuerdo llega tarde y mal\u00bb, zanj\u00f3.<\/p>\n<p>Reportar un error<\/p>\n","protected":false},"excerpt":{"rendered":"Tras cuatro a\u00f1os alejada de la televisi\u00f3n, Ylenia Padilla ha vuelto a saltar a los medios despu\u00e9s de&hellip;\n","protected":false},"author":2,"featured_media":129036,"comment_status":"","ping_status":"","sticky":false,"template":"","format":"standard","meta":{"footnotes":""},"categories":[174],"tags":[18047,3848,255,146,147,25,24,16142,256,5135,14744,18867,57,23,7725,5151,41555],"class_list":{"0":"post-129035","1":"post","2":"type-post","3":"status-publish","4":"format-standard","5":"has-post-thumbnail","7":"category-famosos","8":"tag-amistad","9":"tag-belen","10":"tag-celebrities","11":"tag-entertainment","12":"tag-entretenimiento","13":"tag-es","14":"tag-espana","15":"tag-esteban","16":"tag-famosos","17":"tag-motivo","18":"tag-padilla","19":"tag-rompio","20":"tag-sobre","21":"tag-spain","22":"tag-tajante","23":"tag-xxx","24":"tag-ylenia"},"share_on_mastodon":{"url":"","error":""},"_links":{"self":[{"href":"https:\/\/www.europesays.com\/es\/wp-json\/wp\/v2\/posts\/129035","targetHints":{"allow":["GET"]}}],"collection":[{"href":"https:\/\/www.europesays.com\/es\/wp-json\/wp\/v2\/posts"}],"about":[{"href":"https:\/\/www.europesays.com\/es\/wp-json\/wp\/v2\/types\/post"}],"author":[{"embeddable":true,"href":"https:\/\/www.europesays.com\/es\/wp-json\/wp\/v2\/users\/2"}],"replies":[{"embeddable":true,"href":"https:\/\/www.europesays.com\/es\/wp-json\/wp\/v2\/comments?post=129035"}],"version-history":[{"count":0,"href":"https:\/\/www.europesays.com\/es\/wp-json\/wp\/v2\/posts\/129035\/revisions"}],"wp:featuredmedia":[{"embeddable":true,"href":"https:\/\/www.europesays.com\/es\/wp-json\/wp\/v2\/media\/129036"}],"wp:attachment":[{"href":"https:\/\/www.europesays.com\/es\/wp-json\/wp\/v2\/media?parent=129035"}],"wp:term":[{"taxonomy":"category","embeddable":true,"href":"https:\/\/www.europesays.com\/es\/wp-json\/wp\/v2\/categories?post=129035"},{"taxonomy":"post_tag","embeddable":true,"href":"https:\/\/www.europesays.com\/es\/wp-json\/wp\/v2\/tags?post=129035"}],"curies":[{"name":"wp","href":"https:\/\/api.w.org\/{rel}","templated":true}]}}