{"id":129039,"date":"2025-09-21T07:09:10","date_gmt":"2025-09-21T07:09:10","guid":{"rendered":"https:\/\/www.europesays.com\/es\/129039\/"},"modified":"2025-09-21T07:09:10","modified_gmt":"2025-09-21T07:09:10","slug":"bailando-con-las-estrellas-elimina-a-su-primer-concursante","status":"publish","type":"post","link":"https:\/\/www.europesays.com\/es\/129039\/","title":{"rendered":"&#8216;Bailando con las estrellas&#8217; elimina a su primer concursante"},"content":{"rendered":"<p><a class=\"v-mdl-ath__fig-a\" href=\"https:\/\/www.lasprovincias.es\/autor\/tamara-villena-3279.html\" title=\"Tamara Villena\" rel=\"nofollow noopener\" target=\"_blank\"><br \/>\n<img decoding=\"async\" class=\"v-mdl-ath__img\" src=\"https:\/\/www.europesays.com\/es\/wp-content\/uploads\/2025\/09\/1757147648_165_autor-3279-foto-2.jpeg\" alt=\"Tamara Villena\"\/><br \/>\n<\/a><\/p>\n<p class=\"v-mdl-ath__p v-mdl-ath__p--6\">\nDomingo, 21 de septiembre 2025, 01:07<\/p>\n<p>| Actualizado 02:02h.<\/p>\n<p class=\"v-p\">El verano ya ha quedado atr\u00e1s y las cadenas de televisi\u00f3n est\u00e1n ya m\u00e1s que inmersas en sus apuestas para la parrilla de esta nueva temporada. Programas como &#8216;El Hormiguero&#8217;, &#8216;La revuelta&#8217;, <a href=\"https:\/\/www.lasprovincias.es\/culturas\/tv\/masterchef-despide-concursantes-anuncia-novedad-nunca-vista-20250915013236-nt.html\" data-voc-vtm-id=\"in-text-traffic\" title=\"&#039;Masterchef&#039; \" rel=\"nofollow noopener\" target=\"_blank\">&#8216;Masterchef&#8217; <\/a>o &#8216;Supervivientes All Stars 2025&#8217; ya llevan varias semanas en emisi\u00f3n y demuestran que los grupos medi\u00e1ticos no se lo piensan dos veces a la hora de incorporar una y otra vez sus formatos estrella a su oferta. <\/p>\n<p class=\"v-p\">Mediaset no solo lo hace con &#8216;Supervivientes All Stars 2025&#8217;, este mes de septiembre tambi\u00e9n hemos visto que otro de sus programas de mayor \u00e9xito en audiencia volv\u00eda a su parrilla del &#8216;prime time&#8217; de los s\u00e1bados. &#8216;Bailando con las estrellas&#8217; es sin duda un caballo ganador para Telecinco, que no escatima a la hora de hacer que algunos de los rostros m\u00e1s conocidos de Espa\u00f1a se lancen a la pista de baile y den lo mejor de s\u00ed semana tras semana. <\/p>\n<p class=\"v-p\">El programa arranc\u00f3 su segunda temporada, con Jes\u00fas V\u00e1zquez y Valeria Mazza como maestros de ceremonias, con un elenco de &#8216;celebrities&#8217; tan conocidas como B\u00e1rbara Rey, Pepe Navarro o Anabel Pantoja. Todos los famosos tienen que preparar sus coreograf\u00edas junto a sus parejas de baile, para despu\u00e9s ser valorados por el jurado del concurso, al que este a\u00f1o se incorporan el dise\u00f1ador de moda Pelayo D\u00edaz y la periodista andaluza Inmaculada Casal, la pareja de la cantante Mar\u00eda del Monte.<\/p>\n<p><a href=\"http:\/\/www.lasprovincias.es\/culturas\/tv\/adara-molinero-activa-protocolo-abandono-supervivientes-all-20250920235135-nt.html#vtm_modulosEngag=mod-rel:culturas:noticia:1:cmp:1-not\" class=\"v-a-link\" aria-label=\"Imagen\" rel=\"nofollow noopener\" target=\"_blank\"><\/p>\n<p><img decoding=\"async\" loading=\"lazy\" src=\"https:\/\/www.europesays.com\/es\/wp-content\/uploads\/2025\/09\/adara-k4WG--366x256@Las Provincias.jpg\" class=\"v-a-img\" width=\"258\" height=\"180\" alt=\"\" data-voc-vtm-id=\"in-text-traffic\"\/><\/p>\n<p><\/a><\/p>\n<p class=\"v-p\">En el estreno del programa la pasada semana, <a href=\"https:\/\/www.lasprovincias.es\/culturas\/tv\/barbara-rey-deslumbra-jurado-publico-bailando-estrellas-20250914020831-nt.html\" data-voc-vtm-id=\"in-text-traffic\" title=\"en el que brill\u00f3 B\u00e1rbara Rey,\" rel=\"nofollow noopener\" target=\"_blank\">en el que brill\u00f3 B\u00e1rbara Rey,<\/a> no hubo ning\u00fan expulsado, pero hay dos parejas que se jugaban su continuidad este s\u00e1bado, las de Pepe Navarro y Aless Gibaja. El presentador y el &#8216;influencer&#8217; quedaron en \u00faltima posici\u00f3n de la lista tras unir los votos del jurado profesional con los del p\u00fablico y ahora deb\u00edan que se merecen seguir viviendo esta experiencia. <\/p>\n<p class=\"v-p\">Sin embargo, tras ver sus actuaciones, el jurado compuesto por Julia G\u00f3mez Cora, Blanca Li, Gorka M\u00e1rquez, Pelayo D\u00edaz e Inmaculada Casal ha emitido, de manera individual, su veredicto. Todos, a excepci\u00f3n de Pelayo, han votado a favor de Navarro, por lo que a Aless Gibaja no le quedeaba otra que despedirse del programa, convirti\u00e9ndose en el primer expulsado de la edici\u00f3n. \u00abNos vamos s\u00faper felices, haber hecho el port\u00e9 en directo para que lo ve\u00e1is ya es un premio\u00bb, se desped\u00eda. <\/p>\n<p class=\"v-p\">Entre las actuaciones de la noche, ha destacado el &#8216;pinchazo&#8217; de la segunda actuaci\u00f3n de B\u00e1rbara Rey, que no ha terminado de convencer al jurado, y los elogios a Anabel Pantoja y Nona Sobo, que ha conseguido un pleno de cinco 8 como valoraci\u00f3n. Tras ver todos los bailes de los concursantes, las votaciones nos dejaban dos nuevos nominados: Pepe Navarro tendr\u00e1 que demostrar otra semana m\u00e1s que merece seguir en el programa y se enfrentar\u00e1 en la pista de baile la pr\u00f3xima semana a Iago Garc\u00eda y su pareja, que este s\u00e1bado han sufrido un resbal\u00f3n en pleno directo en el escenario. <\/p>\n<p>Comenta<\/p>\n<p>Reporta un error<\/p>\n","protected":false},"excerpt":{"rendered":"Domingo, 21 de septiembre 2025, 01:07 | Actualizado 02:02h. El verano ya ha quedado atr\u00e1s y las cadenas&hellip;\n","protected":false},"author":2,"featured_media":129040,"comment_status":"","ping_status":"","sticky":false,"template":"","format":"standard","meta":{"footnotes":""},"categories":[171],"tags":[15762,2884,16584,146,147,25,24,782,977,23,214],"class_list":{"0":"post-129039","1":"post","2":"type-post","3":"status-publish","4":"format-standard","5":"has-post-thumbnail","7":"category-tv","8":"tag-bailando","9":"tag-concursante","10":"tag-elimina","11":"tag-entertainment","12":"tag-entretenimiento","13":"tag-es","14":"tag-espana","15":"tag-estrellas","16":"tag-primer","17":"tag-spain","18":"tag-tv"},"share_on_mastodon":{"url":"","error":""},"_links":{"self":[{"href":"https:\/\/www.europesays.com\/es\/wp-json\/wp\/v2\/posts\/129039","targetHints":{"allow":["GET"]}}],"collection":[{"href":"https:\/\/www.europesays.com\/es\/wp-json\/wp\/v2\/posts"}],"about":[{"href":"https:\/\/www.europesays.com\/es\/wp-json\/wp\/v2\/types\/post"}],"author":[{"embeddable":true,"href":"https:\/\/www.europesays.com\/es\/wp-json\/wp\/v2\/users\/2"}],"replies":[{"embeddable":true,"href":"https:\/\/www.europesays.com\/es\/wp-json\/wp\/v2\/comments?post=129039"}],"version-history":[{"count":0,"href":"https:\/\/www.europesays.com\/es\/wp-json\/wp\/v2\/posts\/129039\/revisions"}],"wp:featuredmedia":[{"embeddable":true,"href":"https:\/\/www.europesays.com\/es\/wp-json\/wp\/v2\/media\/129040"}],"wp:attachment":[{"href":"https:\/\/www.europesays.com\/es\/wp-json\/wp\/v2\/media?parent=129039"}],"wp:term":[{"taxonomy":"category","embeddable":true,"href":"https:\/\/www.europesays.com\/es\/wp-json\/wp\/v2\/categories?post=129039"},{"taxonomy":"post_tag","embeddable":true,"href":"https:\/\/www.europesays.com\/es\/wp-json\/wp\/v2\/tags?post=129039"}],"curies":[{"name":"wp","href":"https:\/\/api.w.org\/{rel}","templated":true}]}}