{"id":129050,"date":"2025-09-21T07:20:11","date_gmt":"2025-09-21T07:20:11","guid":{"rendered":"https:\/\/www.europesays.com\/es\/129050\/"},"modified":"2025-09-21T07:20:11","modified_gmt":"2025-09-21T07:20:11","slug":"el-sinfin-se-abona-al-empate","status":"publish","type":"post","link":"https:\/\/www.europesays.com\/es\/129050\/","title":{"rendered":"El Sinf\u00edn se abona al empate"},"content":{"rendered":"<p>El Blendio Sinf\u00edn enlaza su segundo empate consecutivo (26-26) ante el Trops M\u00e1laga en un partido que comenz\u00f3 con el homenaje a Jos\u00e9 Manuel  &#8230; Herrero Lon, el nuevo entrenador de los santanderinos, que no hab\u00eda recibido la ovaci\u00f3n de La Albericia por una carrera deportiva que ha llegado a su fin con el salto a los banquillos.<\/p>\n<p class=\"v-p\">De momento, en la &#8216;Era Lon&#8217; no se conoce la derrota. Es cierto que tampoco la victoria, pero todo hace presagiar que no tardar\u00e1 en llegar. El duelo entre santanderinos y andaluces arranc\u00f3 con el gol del c\u00e1ntabro Jacob D\u00edaz, que regresaba a la que fue su casa, para romper el empate a cero inicial. El Blendio Sinf\u00edn reaccion\u00f3 r\u00e1pidamente y, aunque Trops M\u00e1laga mantuvo la presi\u00f3n, los santanderinos se despegaron en el marcador con el talento goleador de Gus Alonso, Marcos Aguilella y Macap\u00e1, m\u00e1ximo anotador sinfinista en la vuelta a La Albericia.<\/p>\n<p class=\"v-scr__t\">Blendio Sinf\u00edn<\/p>\n<p class=\"v-scr__p v-scr__p--3\">V\u00edctor Doval, Pol Sanz, Pol Quiroga, Gustavo Alonso (4), Javi Valverde, Marcos Dom\u00ednguez (1), Aar\u00f3n Pardo (1), Marcos Aguilella (5), Mikel Blanco, Luis Pla (2), \u00c1ngel Basualdo, Fede Saud (2), Macap\u00e1 (9), Pablo Rama (1) Jaime Arnau y Mat\u00edas Pay\u00e1 (1).<\/p>\n<p class=\"v-scr__n-c v-scr__n-c--1 \">\n 26\n<\/p>\n<p class=\"v-scr__n-c v-scr__n-c--2\">\n&#8211;\n<\/p>\n<p class=\"v-scr__n-c v-scr__n-c--3 \">\n 26\n<\/p>\n<p class=\"v-scr__t\">Trops M\u00e1laga<\/p>\n<p class=\"v-scr__p v-scr__p--3\">Jorge Villamar\u00edn, Pol Amores (1), Jes\u00fas Arca (1), Jacob D\u00edaz (4), Caue Silva (3), Adri\u00e1n Portela (2), Javier Camas (2), Fran Garc\u00eda (6), V\u00edctor Banderas (2), Isaac Garc\u00eda, Jaime Baena, Pablo Quintero, Roberto Mu\u00f1oz (2), \u00c1lvaro S\u00e1nchez (2) y David Agudo (1).<\/p>\n<ul class=\"v-u\">\n<li class=\"v-u__l\">\n<p class=\"v-p\">\nParciales:<br \/>\n2-2, 5-5, 8-7, 9-7, 12-8, 14-11 \u2013descanso\u2013 15-13, 17-15, 18-18, 21-20, 21-23 y 26-26.\n<\/p>\n<\/li>\n<li class=\"v-u__l\">\n<p class=\"v-p\">\n<p>\u00c1rbitros:\n<\/p>\n<\/li>\n<\/ul>\n<p class=\"v-p\">Los de negro llegaron al descanso con una ventaja parcial (14-11) que daba cierta tranquilidad a la hora de encarar la segunda mitad del partido. La intensidad fue la nota dominante tras el regreso a la pista. Ambos equipos cometieron errores que llevaron a p\u00e9rdidas importantes; sin embargo, las jugadas fueron muy equilibradas y, aunque Blendio Sinfin recortaba distancias gracias a Macap\u00e1, no acababan de controlar ni el juego ni el electr\u00f3nico ante los malague\u00f1os.<\/p>\n<p class=\"v-p\">Con unos \u00faltimos diez minutos electrizantes, santanderinos y andaluces aprovecharon al m\u00e1ximo sus oportunidades desde los siete metros y algunos robos claves generaron cambios en el ritmo del juego, que desembocaron en un final no apto para cardiacos cuando Luis Pla igual\u00f3 las acciones para cerrar finalmente en un empate dram\u00e1tico 26-26 que reflejaba as\u00ed el esfuerzo de Blendio Sinf\u00edn y Trops M\u00e1laga por conseguir puntos esenciales para la clasificaci\u00f3n general.<\/p>\n","protected":false},"excerpt":{"rendered":"El Blendio Sinf\u00edn enlaza su segundo empate consecutivo (26-26) ante el Trops M\u00e1laga en un partido que comenz\u00f3&hellip;\n","protected":false},"author":2,"featured_media":129051,"comment_status":"","ping_status":"","sticky":false,"template":"","format":"standard","meta":{"footnotes":""},"categories":[278],"tags":[41561,376,168,5192,25,24,375,1034,23,167],"class_list":{"0":"post-129050","1":"post","2":"type-post","3":"status-publish","4":"format-standard","5":"has-post-thumbnail","7":"category-balonmano","8":"tag-abona","9":"tag-balonmano","10":"tag-deportes","11":"tag-empate","12":"tag-es","13":"tag-espana","14":"tag-handball","15":"tag-sinfin","16":"tag-spain","17":"tag-sports"},"share_on_mastodon":{"url":"","error":""},"_links":{"self":[{"href":"https:\/\/www.europesays.com\/es\/wp-json\/wp\/v2\/posts\/129050","targetHints":{"allow":["GET"]}}],"collection":[{"href":"https:\/\/www.europesays.com\/es\/wp-json\/wp\/v2\/posts"}],"about":[{"href":"https:\/\/www.europesays.com\/es\/wp-json\/wp\/v2\/types\/post"}],"author":[{"embeddable":true,"href":"https:\/\/www.europesays.com\/es\/wp-json\/wp\/v2\/users\/2"}],"replies":[{"embeddable":true,"href":"https:\/\/www.europesays.com\/es\/wp-json\/wp\/v2\/comments?post=129050"}],"version-history":[{"count":0,"href":"https:\/\/www.europesays.com\/es\/wp-json\/wp\/v2\/posts\/129050\/revisions"}],"wp:featuredmedia":[{"embeddable":true,"href":"https:\/\/www.europesays.com\/es\/wp-json\/wp\/v2\/media\/129051"}],"wp:attachment":[{"href":"https:\/\/www.europesays.com\/es\/wp-json\/wp\/v2\/media?parent=129050"}],"wp:term":[{"taxonomy":"category","embeddable":true,"href":"https:\/\/www.europesays.com\/es\/wp-json\/wp\/v2\/categories?post=129050"},{"taxonomy":"post_tag","embeddable":true,"href":"https:\/\/www.europesays.com\/es\/wp-json\/wp\/v2\/tags?post=129050"}],"curies":[{"name":"wp","href":"https:\/\/api.w.org\/{rel}","templated":true}]}}