{"id":129064,"date":"2025-09-21T07:29:08","date_gmt":"2025-09-21T07:29:08","guid":{"rendered":"https:\/\/www.europesays.com\/es\/129064\/"},"modified":"2025-09-21T07:29:08","modified_gmt":"2025-09-21T07:29:08","slug":"matias-ale-recordo-el-inicio-de-su-carrera-y-confeso-en-que-gasto-su-fortuna","status":"publish","type":"post","link":"https:\/\/www.europesays.com\/es\/129064\/","title":{"rendered":"Mat\u00edas Al\u00e9 record\u00f3 el inicio de su carrera y confes\u00f3 en qu\u00e9 gast\u00f3 su fortuna"},"content":{"rendered":"<p>Mat\u00edas Al\u00e9 confes\u00f3 en qu\u00e9 gast\u00f3 su fortuna y reflexion\u00f3 sobre el inicio de su carrera<\/p>\n<p class=\"paragraph\">Desde publicidades a programas de televisi\u00f3n, y espect\u00e1culos en la Calle Corrientes, <a href=\"https:\/\/www.infobae.com\/tag\/matias-ale\/\" target=\"_blank\" rel=\"noreferrer nofollow noopener\" title=\"https:\/\/www.infobae.com\/tag\/matias-ale\/\"><b>Mat\u00edas Al\u00e9 <\/b><\/a>atra\u00eda todas las miradas del mundo del espect\u00e1culo en su \u00e9poca dorada, su juventud. Convertido en un gal\u00e1n, el actor supo c\u00f3mo llamar la atenci\u00f3n frente a las c\u00e1maras y convertirse en toda una figura. En todo ese proceso, el influencer logr\u00f3 reunir grandes sumas de dinero, sin embargo, los excesos y la falta de madurez lo llevaron a perder su fortuna. As\u00ed las cosas<b>, el artista confes\u00f3 en una reciente entrevista en qu\u00e9 la gast\u00f3<\/b>. <\/p>\n<p class=\"paragraph\">\u201cTuviste mucho dinero\u201d, comenz\u00f3 dici\u00e9ndole el conductor de Dosissemanal a su invitado, Lejos de negar la situaci\u00f3n, Al\u00e9 expres\u00f3: \u201cMucha, mucha. En ese momento estaba de moda la presencia, las conducciones, todo. Estuve veinte a\u00f1os en la cresta de la ola y siempre era hacer teatro y despu\u00e9s del teatro grabar y despu\u00e9s una publicidad y despu\u00e9s tres bolitos. Mi vieja en ese momento laburaba conmigo, yo llegaba a mi casa y tra\u00eda una bolsa y dec\u00eda: \u201cMam\u00e1, toma, ayudame a ordenar\u201d. Tiraba y segu\u00eda laburando\u201d.<\/p>\n<p class=\"paragraph\">Fue entonces cuando el periodista le pregunt\u00f3 en qu\u00e9 la hab\u00eda gastado. Tras hacer memoria por unos segundos, Mat\u00edas cont\u00f3 qu\u00e9 hac\u00eda en aquella \u00e9poca: \u201c<b>Compraba autos, invert\u00eda, compraba departamentos<\/b>. Despu\u00e9s, no es que fui desordenado, pero cuando te llega todo tan de golpe y no ten\u00e9s personas, tal vez, un padre, una persona que te oriente..\u201d. <\/p>\n<p><img alt=\"Gaston Taylor\" class=\"global-image\" decoding=\"async\" fetchpriority=\"low\" height=\"1280\" loading=\"lazy\" src=\"https:\/\/www.europesays.com\/es\/wp-content\/uploads\/2025\/09\/FRPIU6F4S5B6DPDZDJHU5AIOEY.jpg\" width=\"1920\"\/>Gaston Taylor<\/p>\n<p class=\"paragraph\">Luego, el actor reflexion\u00f3 sobre aquella situaci\u00f3n y confes\u00f3 que le hubiera gustado contar con ayuda de alguien mayor: \u201cYo estaba solo y tus amigos est\u00e1n en la tuya, est\u00e1 cada uno haciendo su vida. Si yo hubiera tenido un tipo que me diga: \u201cMmm, \u00bfPara qu\u00e9 te compr\u00e1s el Porsche? Est\u00e1 bien, date el gustito, despu\u00e9s lo vendemos\u201d. Si alguien me hubiera ordenado, hoy tendr\u00eda cuatro o cinco departamentitos, quien te dice, en Miami, o ac\u00e1, donde sea. Pero no importa, no est\u00e1 mal. Y despu\u00e9s cuando me enferm\u00e9 tambi\u00e9n perd\u00ed mucho. Fueron ocho a\u00f1os de tal vez hacer laburos que tal vez no estaban tan re-remunerados o perder guita en tratamiento, medicina profesional, es un mont\u00f3n\u201d.<\/p>\n<p class=\"paragraph\">En ese sentido, Al\u00e9 le quit\u00f3 importancia al dinero y sorprendi\u00f3 al contar el crecimiento que obtuvo gracias a esa experiencia: \u201cNo est\u00e1 m\u00e1s (la fortuna) y adem\u00e1s hubo un a\u00f1o que tuve un tema con la AFIP tambi\u00e9n, porque estaba desordenado en un punto y tuve que acogerme a una moratoria y perd\u00ed un mont\u00f3n, que est\u00e1 bien, pero digo, no s\u00e9 si era tanto lo que ten\u00eda que pagar, pero me metieron una moratoria de diez a\u00f1os y todos los meses era&#8230; No importa, ya lo cumpl\u00ed, ahora estoy ordenado. Pero tambi\u00e9n todo eso que me pas\u00f3 me permite hoy decir: \u201c\u00bfY si me entran diez? Voy a tratar de guardar tres para el d\u00eda de ma\u00f1ana, si quiero pagarle una linda facultad a mi hijo o podemos pagar un casamiento\u201d.<\/p>\n<p> Mat\u00edas Ale habl\u00f3 de su casamiento<\/p>\n<p class=\"paragraph\">Actualmente, el artista vive un gran presente personal planeando su boda con<a href=\"https:\/\/www.infobae.com\/teleshow\/2025\/09\/02\/la-boda-de-matias-ale-y-martina-vignolo-fecha-vestidos-de-disenador-y-el-tramite-que-podria-postergarla\/\" target=\"_blank\" rel=\"noreferrer nofollow noopener\" title=\"https:\/\/www.infobae.com\/teleshow\/2025\/09\/02\/la-boda-de-matias-ale-y-martina-vignolo-fecha-vestidos-de-disenador-y-el-tramite-que-podria-postergarla\/\"><b> su novia Martina Vignolo<\/b><\/a>. Semanas atr\u00e1s, la pareja comparti\u00f3 al aire de Bondi Live la emoci\u00f3n de su pr\u00f3ximo casamiento y detallaron c\u00f3mo avanza la preparaci\u00f3n para el gran d\u00eda. <\/p>\n<p class=\"paragraph\">Mat\u00edas fue el primero en anunciarlo, fiel a su estilo: \u201cEl famoso que al que se le termin\u00f3 la joda. Nos casamos. Agenda la fecha. El 24 de octubre. Ya llega\u201d. Entre bromas y gestos c\u00f3mplices, Al\u00e9 fue aportando detalles y confes\u00f3 que se encuentra sensibilizado por toda la situaci\u00f3n que est\u00e1 atravesando: \u201cEl mi\u00e9rcoles, su vestido se lo va a hacer&#8230;\u201d. Martina interrumpi\u00f3 con entusiasmo: \u201cBenito. Benito Fern\u00e1ndez\u201d.<\/p>\n<p class=\"paragraph\">El actor remarc\u00f3 la importancia del proceso y relat\u00f3 una reciente an\u00e9cdota: \u201cEntonces, le digo \u00bf\u2018Amor, cu\u00e1ndo ten\u00e9s la prueba?\u2019 Que yo trato de no meterme mucho. Y ella me dice: \u2018El mi\u00e9rcoles\u2019. Y a m\u00ed se me escap\u00f3 \u2018Claro, porque yo el mi\u00e9rcoles voy a lo de George, Giorgio Radaelli, que me hacen la ropa a m\u00ed\u2019. Y me dice: \u2018\u00bfTe vas a probar la ropa?\u2019 y yo \u2018S\u00ed, amor\u2019\u201d.<\/p>\n","protected":false},"excerpt":{"rendered":"Mat\u00edas Al\u00e9 confes\u00f3 en qu\u00e9 gast\u00f3 su fortuna y reflexion\u00f3 sobre el inicio de su carrera Desde publicidades&hellip;\n","protected":false},"author":2,"featured_media":129065,"comment_status":"","ping_status":"","sticky":false,"template":"","format":"standard","meta":{"footnotes":""},"categories":[174],"tags":[255,146,147,25,24,256,23],"class_list":{"0":"post-129064","1":"post","2":"type-post","3":"status-publish","4":"format-standard","5":"has-post-thumbnail","7":"category-famosos","8":"tag-celebrities","9":"tag-entertainment","10":"tag-entretenimiento","11":"tag-es","12":"tag-espana","13":"tag-famosos","14":"tag-spain"},"share_on_mastodon":{"url":"","error":""},"_links":{"self":[{"href":"https:\/\/www.europesays.com\/es\/wp-json\/wp\/v2\/posts\/129064","targetHints":{"allow":["GET"]}}],"collection":[{"href":"https:\/\/www.europesays.com\/es\/wp-json\/wp\/v2\/posts"}],"about":[{"href":"https:\/\/www.europesays.com\/es\/wp-json\/wp\/v2\/types\/post"}],"author":[{"embeddable":true,"href":"https:\/\/www.europesays.com\/es\/wp-json\/wp\/v2\/users\/2"}],"replies":[{"embeddable":true,"href":"https:\/\/www.europesays.com\/es\/wp-json\/wp\/v2\/comments?post=129064"}],"version-history":[{"count":0,"href":"https:\/\/www.europesays.com\/es\/wp-json\/wp\/v2\/posts\/129064\/revisions"}],"wp:featuredmedia":[{"embeddable":true,"href":"https:\/\/www.europesays.com\/es\/wp-json\/wp\/v2\/media\/129065"}],"wp:attachment":[{"href":"https:\/\/www.europesays.com\/es\/wp-json\/wp\/v2\/media?parent=129064"}],"wp:term":[{"taxonomy":"category","embeddable":true,"href":"https:\/\/www.europesays.com\/es\/wp-json\/wp\/v2\/categories?post=129064"},{"taxonomy":"post_tag","embeddable":true,"href":"https:\/\/www.europesays.com\/es\/wp-json\/wp\/v2\/tags?post=129064"}],"curies":[{"name":"wp","href":"https:\/\/api.w.org\/{rel}","templated":true}]}}