{"id":129068,"date":"2025-09-21T07:32:15","date_gmt":"2025-09-21T07:32:15","guid":{"rendered":"https:\/\/www.europesays.com\/es\/129068\/"},"modified":"2025-09-21T07:32:15","modified_gmt":"2025-09-21T07:32:15","slug":"de-la-tension-del-estreno-a-lo-que-afectan-las-audiencias","status":"publish","type":"post","link":"https:\/\/www.europesays.com\/es\/129068\/","title":{"rendered":"de la \u00abtensi\u00f3n\u00bb del estreno a lo que \u00abafectan\u00bb las audiencias"},"content":{"rendered":"<p class=\"article-text\">\n        Una semana en <strong>Honduras<\/strong>, en una inmersi\u00f3n profesional que <a href=\"https:\/\/www.eldiario.es\/vertele\/noticias\/supervivientes-all-stars-video-concursantes-playa-uva-graba-vida-infiltramos-ver-realidad-condiciones-telecinco_1_12611688.html\" target=\"_blank\" data-mrf-recirculation=\"links-noticia\" class=\"link\" rel=\"nofollow noopener\">verTele ha ido compartiendo<\/a> con los lectores, nos ha bastado para comprobar las <strong>complicad\u00edsimas condiciones clim\u00e1ticas<\/strong> en las que se est\u00e1 desarollando la segunda edici\u00f3n de <strong>Supervivientes All Star<\/strong> en <strong>Telecinco<\/strong>. Cada tarde, fuertes tormentas suelen asolar los <strong>Cayos Cochinos<\/strong> en los que se graba el reality, <a href=\"https:\/\/www.eldiario.es\/vertele\/noticias\/supervivientes-all-stars-accidente-fani-honduras-amenazado-gala-gran-telecinco-tormenta-vivio-evacuaciones_1_12602556.html\" target=\"_blank\" data-mrf-recirculation=\"links-noticia\" class=\"link\" rel=\"nofollow noopener\">amenazando incluso el curso normal de sus galas<\/a> en directo. Hablamos con <strong>Laura Madrue\u00f1o<\/strong> despu\u00e9s de una dura noche de temporal que la ha obligado a dormir en la isla -en <a href=\"https:\/\/www.eldiario.es\/vertele\/noticias\/supervivientes-all-stars-ojo-no-ve-entresijos-gala-telecinco-vivimos-honduras_1_12597131.html\" target=\"_blank\" data-mrf-recirculation=\"links-noticia\" class=\"link\" rel=\"nofollow noopener\">las caba\u00f1as de las que el equipo dispone<\/a> para estas situaciones adversas-, impidi\u00e9ndole volver al hotel de la producci\u00f3n tras el programa.\n    <\/p>\n<p>    <a href=\"https:\/\/www.eldiario.es\/noticias\/supervivientes-all-stars-video-concursantes-playa-uva-graba-vida-infiltramos-ver-realidad-condiciones-telecinco_1_12611688.html\" data-mrf-recirculation=\"saber-mas\" data-dl-event=\"saber-mas\" rel=\"nofollow noopener\" target=\"_blank\"><\/p>\n<p class=\"know-more__title\">As\u00ed graba &#8216;Supervivientes All Stars&#8217; la vida de los concursantes: nos infiltramos en Playa Uva para ver su realidad<\/p>\n<p>            <img decoding=\"async\" class=\"lazy\" loading=\"lazy\" data-src=\"https:\/\/static.eldiario.es\/clip\/31da85fc-77fa-4b2c-9e20-41e100eb9635_16-9-aspect-ratio_default_0.jpg\" src=\"data:image\/svg+xml,%3Csvg xmlns=\" http:=\"\" viewbox=\"0 0 880 495\" alt=\"As\u00ed graba 'Supervivientes All Stars' la vida de los concursantes: nos infiltramos en Playa Uva para ver su realidad\"\/><\/p>\n<p>                        <\/a><\/p>\n<p class=\"article-text\">\n        \u201cEsta es mi quinta edici\u00f3n en los \u00faltimos tres a\u00f1os y es cierto que este \u00faltimo a\u00f1o ha sido el que m\u00e1s tiempo hemos tenido que pasar en el cayo debido a los temporales. En la edici\u00f3n pasada, durante el mes de abril, tuvimos tormentas muy fuertes y<strong> tuve que pasar una semana entera en los cayos porque no pod\u00edan ir ni las barcas ni los helic\u00f3pteros. <\/strong>Imaginad toda la semana con mal tiempo, que no puedes ni salir de la caba\u00f1a&#8230; Pues es realmente duro\u201d, expresa la presentadora de Mediaset a <a href=\"https:\/\/www.eldiario.es\/vertele\" target=\"_blank\" data-mrf-recirculation=\"links-noticia\" class=\"link\" rel=\"nofollow noopener\">verTele<\/a>, ya en el complejo hotelero en el que <strong>Cuarzo <\/strong>tiene su centro de operaciones.\n    <\/p>\n<p class=\"article-text\">\n        Desde una palapa ubicada junto a la piscina del recinto, similar a la que habita junto a los robinsones cada jueves, la madrile\u00f1a nos hace balance de esta nueva edici\u00f3n de &#8216;segundas oportunidades&#8217; del formato, cuyo <strong>estreno se vio boicoteado por las protestas<\/strong> de una minor\u00eda gar\u00edfuna a las que la productora liderada por <a href=\"https:\/\/www.eldiario.es\/vertele\/noticias\/supervivientes-responde-protestas-honduras-da-version-conflicto-han-utilizado-ruido-telecinco-all-stars_1_12601218.html\" target=\"_blank\" data-mrf-recirculation=\"links-noticia\" class=\"link\" rel=\"nofollow noopener\">Juanra Gonzalo ya nos dio respuesta y explicaci\u00f3n<\/a>: \u201cFue muy complicado, porque ah\u00ed s\u00ed que ya era algo que se nos escapaba a nosotros totalmente de todo tipo de gui\u00f3n\u201d, recuerda Madrue\u00f1o.<strong> \u201cHab\u00eda mucha tensi\u00f3n obviamente en todo el equipo y la gala se hizo eterna\u201d<\/strong>, a\u00f1ade, poniendo en valor la \u201csolidez\u201d del equipo para sacar adelante una emisi\u00f3n tan complicada como aquella.\n    <\/p>\n<p class=\"article-text\">\n        Laura Madrue\u00f1o, que nos cuenta su d\u00eda a d\u00eda en Honduras y sus planes de futuro en Telecinco, <strong>valora con cautela las discretas audiencias<\/strong> que, de momento, est\u00e1 teniendo esta segunda entrega de Supervivientes All Stars. Y es que aunque los registros han ido<a href=\"https:\/\/www.eldiario.es\/vertele\/audiencias-tv\/jueves-18-septiembre-2025-el-hormiguero-domina-access-supervivientes-crece-despues-vuelta-buenafuente_1_12615215.html\" target=\"_blank\" data-mrf-recirculation=\"links-noticia\" class=\"link\" rel=\"nofollow noopener\"> creciendo en las dos \u00faltimas emisiones<\/a>, y pese a que el programa ha liderado en dos de sus tres galas principales, lo cierto es que los datos siguen alejados de las grandes cifras en las que se suele mover el reality,<strong> que todav\u00eda no ha sido capaz de alcanzar el mill\u00f3n de espectadores<\/strong> en ninguna de sus noches.\n    <\/p>\n<p class=\"article-text\">\n        \u201cQuiz\u00e1s es porque los concursantes ya han venido otra vez, o tambi\u00e9n por la \u00e9poca del a\u00f1o, que nunca hemos hecho \ufeffSupervivientes\ufeff en esta \u00e9poca. Pero estamos yo creo en el momento m\u00e1s incierto de la televisi\u00f3n\u201d, reflexiona Madrue\u00f1o, reconociendo que las audiencias \u201cafectan\u201d, teniendo en cuenta el gran esfuerzo que se est\u00e1 haciendo en la producci\u00f3n.<strong> \u201cCuando el dato no te acompa\u00f1a, pues obviamente a todos nos afecta\u201d.<\/strong>\n    <\/p>\n<p>            <img decoding=\"async\" class=\"lazy\" loading=\"lazy\" data-src=\"https:\/\/static.eldiario.es\/clip\/777518db-35a8-402f-8a6d-53a0bffb4685_16-9-discover-aspect-ratio_default_0.jpg\" src=\"data:image\/svg+xml,%3Csvg xmlns=\" http:=\"\" viewbox=\"0 0 1200 675\" alt=\"Laura Madrue\u00f1o, presentadora de 'Supervivientes' desde la isla\"\/><\/p>\n<p class=\"article-text\">\n        <strong>\u00bfOcurre mucho lo de quedaros atrapados en el cayo por las tormentas? <\/strong>\n    <\/p>\n<p class=\"article-text\">\n        Este a\u00f1o nos ha pasado varias veces por los temporales.\n    <\/p>\n<p class=\"article-text\">\n        <strong>\u00bfEs eso lo que m\u00e1s est\u00e1 diferenciando a esta edici\u00f3n, in\u00e9dita en un mes de septiembre, respecto a las anteriores?<\/strong>\n    <\/p>\n<p class=\"article-text\">\n        Pues no s\u00e9 qu\u00e9 decirte, porque si os acord\u00e1is en la pasada edici\u00f3n, para esa \u00e9poca en la que se supone que no \u00edbamos a tener tanta lluvia, por abril yo creo que tuvimos como cinco semanas de temporal tras temporal, fue dur\u00edsimo. Creo que eso es lo m\u00e1s dif\u00edcil de gestionar aqu\u00ed, el tiempo. Como hab\u00e9is visto, Supervivientes tiene en s\u00ed mismo un directo dif\u00edcil y muy largo, por lo que estas tormentas hacen que todo sea mucho m\u00e1s impredecible, mucho m\u00e1s dif\u00edcil de gestionar al final en un directo de cuatro horas.\n    <\/p>\n<p class=\"article-text\">\n        <strong>Mucha gente no sabe lo que ocurre detr\u00e1s de c\u00e1maras cuando hay tormentas y que incluso ten\u00e9is que quedaros a dormir en el cayo al no poder volver al hotel. \u00bfOs sucede a menudo o es algo puntual? <\/strong>\n    <\/p>\n<p class=\"article-text\">\n        Pues depende. Esta es mi quinta edici\u00f3n en los \u00faltimos tres a\u00f1os y es cierto que este \u00faltimo ha sido el que m\u00e1s tiempo hemos tenido que pasar en el cayo debido a los temporales. En la edici\u00f3n pasada, durante el mes de abril, tuvimos tormentas muy fuertes y tuve que pasar una semana entera en los cayos porque no pod\u00edan ir ni las barcas ni los helic\u00f3pteros. Imaginad toda la semana con mal tiempo, que no puedes ni salir de la caba\u00f1a&#8230; Pues es realmente duro. En esta lo estamos viviendo todo con incertidumbre, porque nunca hemos venido aqu\u00ed en esta \u00e9poca del a\u00f1o y estamos viendo que ya llevamos aqu\u00ed dos semanas y todos los d\u00edas hay tormentas a la misma hora, todos los d\u00edas hay cortes de luz&#8230; Pues claro, hay que estar muy atentos a los concursantes tambi\u00e9n porque en cualquier momento les tenemos que desalojar, los juegos cambian por completo, la escaleta cambia por completo&#8230; Lo m\u00e1s dif\u00edcil es enfrentarnos al tiempo sumado a las dificultades que ya tiene el programa.\n    <\/p>\n<p class=\"article-text\">\n        <strong>Dejando el clima a un lado, \u00bfc\u00f3mo viviste t\u00fa esa gala de estreno en la que la escaleta se vino abajo por las protestas?<\/strong>\n    <\/p>\n<p class=\"article-text\">\n        Pues tambi\u00e9n fue muy complicado, porque ah\u00ed s\u00ed que ya era algo que se nos escapaba a nosotros totalmente de todo tipo de guion, y esa incertidumbre hace todav\u00eda que todo sea m\u00e1s dif\u00edcil. Hab\u00eda mucha tensi\u00f3n obviamente en todo el equipo y la gala se hizo eterna, porque t\u00fa tienes una escaleta en la cabeza donde tienes todo m\u00e1s o menos ordenado, que luego pueden cambiar cosas, pero cuando la escaleta no nos vale de nada desde el principio pues es muy dif\u00edcil. Sobre todo porque tampoco pod\u00edamos hacer nada. Pero bueno, esperemos que nos dejen hacer el programa el tiempo que estemos aqu\u00ed.\n    <\/p>\n<p class=\"article-text\">\n        <strong>Ese d\u00eda Jorge Javier tuvo todo el peso desde el plat\u00f3. \u00bfHablasteis tras el programa? \u00bfQu\u00e9 os dijisteis? <\/strong>\n    <\/p>\n<p class=\"article-text\">\n        Hablamos previamente que ten\u00edamos muchas ganas de conectar. Luego no hablamos porque acabamos los dos muy agotados. Yo recuerdo estar en La Palapa sin saber ni la hora que era, no ten\u00eda referencia de si era de d\u00eda o de noche. Pasaba el tiempo y al final \u00edbamos impsovisando constantemente entre Madrid y aqu\u00ed, que eso es tambi\u00e9n complicado de irlo gestionando, as\u00ed que fue muy duro para los dos. Yo creo que en esos momentos lo m\u00e1s importante es que el equipo sea s\u00f3lido.\n    <\/p>\n<blockquote class=\"quote\">\n<p class=\"quote-text\">En el estreno hab\u00eda mucha tensi\u00f3n en todo el equipo y la gala se hizo eterna <\/p>\n<p>\n                        Laura Madrue\u00f1o\n                                  <\/p>\n<\/blockquote>\n<p class=\"article-text\">\n        <strong>Estos d\u00edas aqu\u00ed hemos visto que todo funciona como un reloj. \u00bfT\u00fa tambi\u00e9n tienes esa seguridad de saber que pase lo que pase van a reaccionar r\u00e1pido?<\/strong>\n    <\/p>\n<p class=\"article-text\">\n        S\u00ed, claro, obvio. Yo no soy nada sin el equipo aqu\u00ed, el equipo es fundamental, el equipo tiene que estar superengrasado, supercoordinado y ya est\u00e1is viendo sobre el terreno que es lo m\u00e1s importante, porque si falla cualquier pieza del equipo, al final es un poco como un castillo de naipes. El trabajo en equipo aqu\u00ed es m\u00e1s importante que nunca.\n    <\/p>\n<p class=\"article-text\">\n        <strong>\u00bfC\u00f3mo vives los directos? <\/strong>\n    <\/p>\n<p class=\"article-text\">\n        Esto es muy dif\u00edcil. Yo al principio dije: \u201c\u00a1Qu\u00e9 locura es esta!\u201d Porque no tienes ninguna pantalla, no ves absolutamente nada de lo que est\u00e1 pasando en Madrid, no tienes referencia de nada. Encima, el set es enorme, las c\u00e1maras est\u00e1n lej\u00edsimos, no tienes cue, no tienes guion&#8230; Y s\u00ed, por supuesto que tengo un guion escrito, que lo hago m\u00edo tambi\u00e9n y luego lo cuento a mi manera, pero es verdad que tenemos ese punto de improvisaci\u00f3n constante. El programa est\u00e1 vivo y cambia todo el rato: tienes reacciones de los concursantes, tambi\u00e9n se lesionan&#8230; Todo va cambiando sobre la marcha, que es tambi\u00e9n la chispa de Supervivientes, por eso este programa es tan m\u00e1gico, porque es un directo que cambia constantemente.\n    <\/p>\n<p class=\"article-text\">\n        <strong>\u00bfQu\u00e9 es lo m\u00e1s dif\u00edcil del directo y lo que m\u00e1s disfrutas?<\/strong>\n    <\/p>\n<p class=\"article-text\">\n        Pues creo que eso mismo, quiz\u00e1s la adrenalina de tener que tomar tantas decisiones sobre la marcha. A veces es muy dif\u00edcil, pero tambi\u00e9n es lo que m\u00e1s disfruto. Lo que m\u00e1s disfruto de este programa es que me reta constantemente en cada gala, que no me aburro nunca, para m\u00ed es un challenge constante el tener que estar con esa agilidad mental todo el rato. Eso es bonito.\n    <\/p>\n<p class=\"article-text\">\n        <strong>\u00bfEst\u00e1s muy atenta a lo que se dice en redes sobre el programa y a los comentarios de la gente? <\/strong>\n    <\/p>\n<p class=\"article-text\">\n        Bueno, he intentado no estar demasiado pendiente, porque al final eso tambi\u00e9n como presentadores yo creo que nos perjudica. A los que tenemos esa exposici\u00f3n p\u00fablica, si est\u00e1s todo el d\u00eda leyendo los comentarios de la gente y tal, al final te afecta. Y m\u00e1s estando aqu\u00ed, que est\u00e1s tan aislado, a ocho horas de diferencia. S\u00ed que leo un poco la prensa, leo todo lo que coment\u00e1is, pero no tanto los comentarios de redes, porque creo que por mi salud mental estoy contenta con el trabajo que hacemos, s\u00e9 cu\u00e1ndo lo hacemos bien, cu\u00e1ndo lo hacemos mejor, cu\u00e1ndo lo hacemos peor, cuando las audiencias nos acompa\u00f1an o no, pero intento mantenerme un poco al margen y no estar todo el d\u00eda leyendo eso para quiz\u00e1s tampoco intoxicarme mucho.\n    <\/p>\n<p class=\"article-text\">\n        <strong>\u00bfY c\u00f3mo est\u00e1s viviendo las audiencias de esta edici\u00f3n, que parece que est\u00e1 costando un poquito m\u00e1s de lo normal? <\/strong>\n    <\/p>\n<p class=\"article-text\">\n        S\u00ed, bueno, pues a ver, tenemos que ir viendo. Yo creo que llevamos todav\u00eda pocas galas, en la otra edici\u00f3n del All Stars tambi\u00e9n ocurri\u00f3 lo mismo. Quiz\u00e1s es porque los concursantes ya han venido otra vez, o tambi\u00e9n por la \u00e9poca del a\u00f1o, que nunca hemos hecho Supervivientes en esta \u00e9poca. Pero estamos en el momento m\u00e1s incierto de la televisi\u00f3n, hay much\u00edsima m\u00e1s competencia, los gustos cambian y las costumbres yo creo que tambi\u00e9n est\u00e1n cambiando a la hora de consumir tele, ya lo sab\u00e9is. Entonces hay que probar, hay que seguir apostando por diferentes cosas y ver qu\u00e9 funciona y qu\u00e9 no. Pero pienso que es pronto, vamos a ver qu\u00e9 tal seguimos avanzando.\n    <\/p>\n<p class=\"article-text\">\n        <strong>\u00bfTe suelen preocupar mucho los datos? <\/strong>\n    <\/p>\n<p class=\"article-text\">\n        Bueno, al final te afecta, obviamente. Despu\u00e9s de la paliza que nos dimos ayer, que he venido medio pachucha de que cogimos fr\u00edo, que fue una gala muy dura de 4 horas, con la tormenta, con el viento, con todos los cambios que tuvimos&#8230; Estamos intentando hacerlo lo mejor posible para conseguir un buen dato y cuando el dato no te acompa\u00f1a, pues obviamente a todos nos afecta. Aunque lo cierto es que tampoco podemos hacer m\u00e1s, porque si el trabajo est\u00e1 bien hecho, pues aqu\u00ed se da todo al 100%. Yo no s\u00e9 hacerlo de otra manera, en estas condiciones tienes que estar al 100% y cuando el dato no acompa\u00f1a, pues bueno&#8230;\n    <\/p>\n<p>            <img decoding=\"async\" class=\"lazy\" loading=\"lazy\" data-src=\"https:\/\/static.eldiario.es\/clip\/ffe5472f-999e-418a-bb83-f0dce8282724_16-9-aspect-ratio_default_1126175.jpg\" src=\"data:image\/svg+xml,%3Csvg xmlns=\" http:=\"\" viewbox=\"0 0 1600 900\" alt=\"Laura Madrue\u00f1o, junto a Miri y Gloria Camila en 'Supervivientes All Stars'\"\/><\/p>\n<p class=\"article-text\">\n        <strong>\u00bfQu\u00e9 concursante te est\u00e1 sorprendiendo m\u00e1s? <\/strong>\n    <\/p>\n<p class=\"article-text\">\n        Pues a los que ya he tenido aqu\u00ed tantos meses, porque les tengo mucho cari\u00f1o y los conozco mucho. Aqu\u00ed vivimos todo de forma muy intensa y es mucho tiempo juntos en la edici\u00f3n normal. Y luego a los que no conozco tanto, pues estoy muy contenta con el casting, la verdad. Yo creo que tambi\u00e9n ya han venido y ya saben lo que tienen que hacer, no es como cuando llegan de primeras. Me est\u00e1 sorprendiendo quiz\u00e1s Alejandro Albal\u00e1, me gusta, Adara me encanta, porque ya la conozco y ya llevo tres a\u00f1os aqu\u00ed con ella [risas]. No s\u00e9, me gusta el casting en general, yo creo que Gloria Camila tambi\u00e9n est\u00e1 fuerte y ya nos dio un momentazo ah\u00ed con Miri en la Noria Infernal, con las dos en el agua lloviendo. Pienso que lo est\u00e1n jugando todos muy bien.\n    <\/p>\n<p class=\"article-text\">\n        <strong>\u00bfVes fuerte a Adara?<\/strong>\n    <\/p>\n<p class=\"article-text\">\n        S\u00ed, s\u00ed, s\u00ed, la veo fuerte. Adem\u00e1s con el t\u00e1ndem que ha hecho con su madre tambi\u00e9n. Yo aprend\u00ed much\u00edsimo con el Puente de las emociones de Elena.\n    <\/p>\n<p class=\"article-text\">\n        <strong>\u00bfTe involucras mucho emocionalmente con los concursantes?  <\/strong>\n    <\/p>\n<p class=\"article-text\">\n        S\u00ed, yo creo que es inevitable. Bueno, es que yo soy muy emocional tambi\u00e9n. A veces cuesta mucho y no puedo separar. Yo aqu\u00ed soy como soy, no hago ning\u00fan personaje. Y lo que me gusta de este programa es que me permite ser yo al 100%. Porque s\u00ed, tenemos un gui\u00f3n de juegos para explicar al espectador un poco c\u00f3mo va, pero en general, estas ah\u00ed las cuatro horas de directo. No es como en un informativo, aqu\u00ed tienes que estar de otra manera, aqu\u00ed todo fluye sobre la marcha y tienes que reaccionar. Eso creo que es un privilegio, un programa que te permita ser t\u00fa misma al 100% durante tantas horas.\n    <\/p>\n<p class=\"article-text\">\n        <strong>\u00bfC\u00f3mo viviste ese susto con Fani? \u00bfC\u00f3mo gestionas esos momentos de alarma? <\/strong>\n    <\/p>\n<p class=\"article-text\">\n        Pues lo paso bastante mal. Los juegos tienen un m\u00ednimo riesgo, pero obviamente los concursantes en este programa son lo m\u00e1s importante y no queremos que les pase nada porque todo depende de ellos. Entonces, cuando tenemos alguna lesi\u00f3n, yo enseguida miro al doctor. El equipo m\u00e9dico est\u00e1 al pie del ca\u00f1\u00f3n y enseguida interviene. Ahi me dijeron que era solo un golpe. Si fuese algo m\u00e1s grave ya me ir\u00edan orientando para saber qu\u00e9 ha pasado. Aqu\u00ed se han vivido momentos de mucha tensi\u00f3n, con Alejandro, que se le sali\u00f3 la rodilla, con Aurah&#8230; Lo paso realmente mal porque son parte del equipo y lo m\u00e1s importante de Supervivientes.\n    <\/p>\n<p class=\"article-text\">\n        <strong>\u00bfCu\u00e1l es el mayor susto que te has llevado en <\/strong><strong>Supervivientes<\/strong><strong>? <\/strong>\n    <\/p>\n<p class=\"article-text\">\n        El golpe de Bosco en la Noria. Me acuerdo que me mare\u00e9 y me qued\u00e9 sentada un rato. Adem\u00e1s, es que cuando narras la Noria Infernal te mareas ya de por s\u00ed, porque estar mirando m\u00e1s de 15 minutos el giro te marea mucho. Entonces, normalmente me siento, porque a veces no puedo estar de pie. Y recuerdo que lo escuch\u00e9 muy fuerte, cay\u00f3 al mar y fue superimpactante vivirlo en directo. M\u00e1s cuando llev\u00e1bamos ya aqu\u00ed tant\u00edsimos meses trabajando juntos. Menos mal que no le pas\u00f3 nada y que no le pasa nada nunca a ninguno.\n    <\/p>\n<blockquote class=\"quote\">\n<p class=\"quote-text\">La gente en casa est\u00e1 con que hay trampas y la culpa es m\u00eda luego. (&#8230;) Pero yo intento estar con mil ojos y es muchas veces imposible verlo todo<\/p>\n<p>\n                        Laura Madrue\u00f1o\n                                  <\/p>\n<\/blockquote>\n<p class=\"article-text\">\n        <strong>\u00bfSueles probar los juegos en los ensayos? <\/strong>\n    <\/p>\n<p class=\"article-text\">\n        Pues normalmente no, porque tengo que estar tambi\u00e9n haciendo mi parte del ensayo. Pruebo m\u00e1s los que no son f\u00edsicos, pruebo los est\u00e1ticos. Sobre todo, para ver si son muy dif\u00edciles o no. Me gusta mucho con algunos, cuando voy a hacer la explicaci\u00f3n, hacer un poco la demo ante las c\u00e1maras para que la gente vea en casa que es verdad que cuesta y que a m\u00ed, por ejemplo, se me cae la pelotita en cinco segundos.\n    <\/p>\n<p class=\"article-text\">\n        <strong>\u00bfTe es muy dif\u00edcil detectar las trampas de los concursantes en las pruebas? <\/strong>\n    <\/p>\n<p class=\"article-text\">\n        A ver, en algunos casos s\u00ed. En algunos muy grandes, por las dimensiones que tiene, tienes que estar con mil ojos, sobre todo cuando son tantos concursantes a la vez. En el del otro d\u00eda, los cubos se quedaban delante del list\u00f3n de madera y no ve\u00eda si estaban poniendo el pie por delante o por detr\u00e1s, entonces ah\u00ed s\u00ed que necesito que se vea por las c\u00e1maras y desde control me lo chiven. Y ah\u00ed est\u00e1 \u00c1ngel [Lude\u00f1a, el director] avisandome de uno u otro. Entonces, es un poco lo que yo veo y lo que ven todos los ojos que est\u00e1n en el control, que son mis ojos tambi\u00e9n. Porque luego la gente en casa ya sab\u00e9is que est\u00e1 con que \u201chay trampas\u201d. Y la culpa es m\u00eda luego. Es como: \u201c\u00a1Dios m\u00edo! Que yo intento estar con mil ojos y es muchas veces imposible verlo todo\u201d.\n    <\/p>\n<p class=\"article-text\">\n        <strong>\u00bfSer\u00edas capaz de ser una superviviente? No de participar en el programa, sino de aguantar en esas condiciones&#8230;<\/strong>\n    <\/p>\n<p class=\"article-text\">\n        El tema de la pesca y de la supervivencia bueno, pero lo de dormir ah\u00ed en la arena es lo que peor llevar\u00eda. Eso y lo de convivir con la gente tambi\u00e9n [risas]. Pero el momento de estar sola, pescar, hacerme mi fuego y sobrevivir, quiz\u00e1s. Luego tambi\u00e9n es que los bichos&#8230; \u00a1Mirad c\u00f3mo est\u00e1n los concursantes! Yo creo que nos est\u00e1n picando ahora mucho m\u00e1s que en primavera, porque como se est\u00e1n generando todas estas tormentas por la tarde, luego se queda una calma ah\u00ed y en ese momento salen todos los bichos y nos abrasan.\n    <\/p>\n<p class=\"article-text\">\n        <strong>\u00bfQu\u00e9 haces en Honduras durante tu tiempo libre? <\/strong>\n    <\/p>\n<p class=\"article-text\">\n        Hago deporte y descanso, porque tenemos solo un d\u00eda completo libre. Si el tiempo me acompa\u00f1a y puedo, voy a bucear, pero normalmente es muy complicado que ese d\u00eda libre haga buen tiempo y que haya buena mar. Pero alg\u00fan d\u00eda s\u00ed que me escapo a bucear porque me encanta. Y el resto del d\u00eda a d\u00eda, como es solo un poco la ma\u00f1ana, al final venimos derrotados. Si es como estos d\u00edas, que nos quedamos a dormir en el cayo, dormido poco. Y tras todo el d\u00eda, que est\u00e1s con la adrenalina del directo, a m\u00ed eso me deja destrozada. Lo que hago, como digo, es deporte. Hago deporte casi todos los d\u00edas y es mi v\u00eda de escape aqu\u00ed.\n    <\/p>\n<p class=\"article-text\">\n        <strong>\u00bfVes alguna serie?<\/strong>\n    <\/p>\n<p class=\"article-text\">\n        Leo, leo m\u00e1s, s\u00ed, leo libros. Me gusta mucho.\n    <\/p>\n<p class=\"article-text\">\n        <strong>\u00bfY c\u00f3mo es tu vida cuando vuelves a Madrid? \u00bfTe cuesta adaptarte?<\/strong>\n    <\/p>\n<p class=\"article-text\">\n        Bueno, cada a\u00f1o ha sido un poco distinto, pero s\u00ed que te cuesta volver tambi\u00e9n. O sea te cuesta un poco la adaptaci\u00f3n, tambi\u00e9n est\u00e1s muchos meses fuera de casa, luego echas de menos cosas de aqu\u00ed&#8230; Es complicado, es complejo para la cabeza.\n    <\/p>\n<p>            <img decoding=\"async\" class=\"lazy\" loading=\"lazy\" data-src=\"https:\/\/static.eldiario.es\/clip\/a54b2794-8fe0-465f-bb7c-238dac4b4eab_16-9-aspect-ratio_default_1126177.jpg\" src=\"data:image\/svg+xml,%3Csvg xmlns=\" http:=\"\" viewbox=\"0 0 1048 589\" alt=\"Laura Madrue\u00f1o, durante los ensayos de 'Supervivientes'\"\/><\/p>\n<p class=\"article-text\">\n        <strong>\u00bfTe gustar\u00eda afrontar nuevos proyectos en Telecinco adem\u00e1s de <\/strong><strong>Supervivientes<\/strong><strong>? \u00bfHasta donde llega tu ambici\u00f3n profesional?<\/strong>\n    <\/p>\n<p class=\"article-text\">\n        Siempre me apetece hacer cosas nuevas, diferentes y seguir aprendiendo, porque me encanta lo que hago.\n    <\/p>\n<p class=\"article-text\">\n        <strong>\u00bfTe gustar\u00eda algo en concreto? <\/strong>\n    <\/p>\n<p class=\"article-text\">\n        No lo s\u00e9, a m\u00ed me encantan los informativos. Me han encantado siempre y siempre me encantar\u00e1 hacer informativos. Y el entretenimiento me gusta mucho, porque siempre digo que hace falta re\u00edrse m\u00e1s en televisi\u00f3n y el entretenimiento nos permite re\u00edrnos. As\u00ed que me apetece hacer de todo, s\u00ed.\n    <\/p>\n<p class=\"article-text\">\n        <strong>Tras<\/strong><strong> Supervivientes 2025<\/strong><strong>, hubo mucho revuelo porque no se hab\u00eda confirmado que ibas a estar en el <\/strong><strong>All Stars.<\/strong><strong> \u00bfSabes si estar\u00e1s en la siguiente?<\/strong>\n    <\/p>\n<p class=\"article-text\">\n        Que te conteste la cadena, a ver qu\u00e9 dice [risas]. Yo tengo contrato de cadena y ahora mismo estoy aqu\u00ed, pero&#8230;\n    <\/p>\n<p class=\"article-text\">\n        <strong>\u00bfPero a ti te gustar\u00eda seguir en el formato? <\/strong>\n    <\/p>\n<p class=\"article-text\">\n        Bueno, ya veremos, es que son decisiones que tenemos que ir viendo en el momento.\n    <\/p>\n<p>    <a href=\"https:\/\/www.eldiario.es\/vertele\/entrevistas\/pepe-navarro-bailando-con-las-estrellas-telecinco-define-crisis-canal-critica-tv-ahora-gente-autocensura-demasiado_1_12613586.html\" data-mrf-recirculation=\"saber-mas-abajo\" data-dl-event=\"saber-mas-abajo\" rel=\"nofollow noopener\" target=\"_blank\"><\/p>\n<p class=\"know-more__title\">Pepe Navarro &#8216;baila&#8217; en Telecinco, define la crisis del canal y critica la TV de ahora: \u00abLa gente se autocensura demasiado\u00bb\n<\/p>\n<p>            <img decoding=\"async\" class=\"lazy\" loading=\"lazy\" data-src=\"https:\/\/static.eldiario.es\/clip\/d872714d-16c7-4e9c-a954-7904312b05ef_16-9-aspect-ratio_default_0.jpg\" src=\"data:image\/svg+xml,%3Csvg xmlns=\" http:=\"\" viewbox=\"0 0 880 495\" alt=\"Pepe Navarro 'baila' en Telecinco, define la crisis del canal y critica la TV de ahora: &quot;La gente se autocensura demasiado&quot;\"\/><\/p>\n<p>                        <\/a><\/p>\n<p class=\"article-text\">\n        .\n    <\/p>\n","protected":false},"excerpt":{"rendered":"Una semana en Honduras, en una inmersi\u00f3n profesional que verTele ha ido compartiendo con los lectores, nos ha&hellip;\n","protected":false},"author":2,"featured_media":129069,"comment_status":"","ping_status":"","sticky":false,"template":"","format":"standard","meta":{"footnotes":""},"categories":[171],"tags":[21265,2509,21332,146,147,25,24,1055,4596,3459,11612,23,3947,8487,214],"class_list":{"0":"post-129068","1":"post","2":"type-post","3":"status-publish","4":"format-standard","5":"has-post-thumbnail","7":"category-tv","8":"tag-afectan","9":"tag-audiencias","10":"tag-camaras","11":"tag-entertainment","12":"tag-entretenimiento","13":"tag-es","14":"tag-espana","15":"tag-estreno","16":"tag-habla","17":"tag-laura","18":"tag-madrueno","19":"tag-spain","20":"tag-supervivientes","21":"tag-tension","22":"tag-tv"},"share_on_mastodon":{"url":"","error":""},"_links":{"self":[{"href":"https:\/\/www.europesays.com\/es\/wp-json\/wp\/v2\/posts\/129068","targetHints":{"allow":["GET"]}}],"collection":[{"href":"https:\/\/www.europesays.com\/es\/wp-json\/wp\/v2\/posts"}],"about":[{"href":"https:\/\/www.europesays.com\/es\/wp-json\/wp\/v2\/types\/post"}],"author":[{"embeddable":true,"href":"https:\/\/www.europesays.com\/es\/wp-json\/wp\/v2\/users\/2"}],"replies":[{"embeddable":true,"href":"https:\/\/www.europesays.com\/es\/wp-json\/wp\/v2\/comments?post=129068"}],"version-history":[{"count":0,"href":"https:\/\/www.europesays.com\/es\/wp-json\/wp\/v2\/posts\/129068\/revisions"}],"wp:featuredmedia":[{"embeddable":true,"href":"https:\/\/www.europesays.com\/es\/wp-json\/wp\/v2\/media\/129069"}],"wp:attachment":[{"href":"https:\/\/www.europesays.com\/es\/wp-json\/wp\/v2\/media?parent=129068"}],"wp:term":[{"taxonomy":"category","embeddable":true,"href":"https:\/\/www.europesays.com\/es\/wp-json\/wp\/v2\/categories?post=129068"},{"taxonomy":"post_tag","embeddable":true,"href":"https:\/\/www.europesays.com\/es\/wp-json\/wp\/v2\/tags?post=129068"}],"curies":[{"name":"wp","href":"https:\/\/api.w.org\/{rel}","templated":true}]}}