{"id":129070,"date":"2025-09-21T07:33:10","date_gmt":"2025-09-21T07:33:10","guid":{"rendered":"https:\/\/www.europesays.com\/es\/129070\/"},"modified":"2025-09-21T07:33:10","modified_gmt":"2025-09-21T07:33:10","slug":"el-musico-utrerano-andres-barrios-nominado-a-los-latin-grammy-2025-en-la-categoria-de-mejor-album-de-musica-flamenca","status":"publish","type":"post","link":"https:\/\/www.europesays.com\/es\/129070\/","title":{"rendered":"El m\u00fasico utrerano Andr\u00e9s Barrios nominado a los Latin Grammy 2025 en la categor\u00eda de \u2018Mejor \u00e1lbum de m\u00fasica flamenca\u2019"},"content":{"rendered":"<p> <img decoding=\"async\" class=\"img-responsive\" src=\"https:\/\/www.europesays.com\/es\/wp-content\/uploads\/2025\/09\/andres-barrios-premio-atenea-10.jpg\" alt=\"El m\u00fasico utrerano Andr\u00e9s Barrios nominado a los Latin Grammy 2025 en la categor\u00eda de \u2018Mejor \u00e1lbum de m\u00fasica flamenca\u2019\"\/><img loading=\"lazy\" decoding=\"async\" src=\"https:\/\/www.europesays.com\/es\/wp-content\/uploads\/2025\/07\/dental-siete-banner-principal-pareja-mayor-marzo-17.jpg\" alt=\"\"   width=\"750\" height=\"161\"\/><\/p>\n<p>El pr\u00f3ximo jueves 13 de noviembre, la m\u00edtica ciudad de Las Vegas (Estados Unidos), va a concentrar todas las miradas de la industria musical, ya que va a tener lugar la ceremonia de entrega de los <strong>Latin Grammy 2025<\/strong>. Una gala en la que va a haber presencia utrerana, ya que un artista de la ciudad se encuentra entre los candidatos para hacerse con un galard\u00f3n.<\/p>\n<p>Se trata nada m\u00e1s y nada menos que del pianista utrerano Andr\u00e9s Barrios, quien va a participar en estos importantes premios, concretamente en la categor\u00eda de \u2018Mejor \u00e1lbum de m\u00fasica flamenca\u2019. El m\u00fasico utrerano es uno de los candidatos <strong>gracias a su <a href=\"https:\/\/www.utreradigital.com\/web\/rotundo-exito-de-andres-barrios-en-el-teatro-enrique-de-la-cuadra-donde-presento-su-ultimo-album-km-0-galeria-de-imagenes\/\" rel=\"nofollow noopener\" target=\"_blank\">disco \u2018KM.0\u2019<\/a><\/strong>.<\/p>\n<p>Barrios va a competir con otras alternativas discogr\u00e1ficas como \u2018Flamencas\u2019, de Las Migas, \u2018Azabache\u2019 de Kiki Morente o \u2018Sangre Sucia\u2019 de \u00c1ngeles Toledano. El mero hecho de estar nominado en estos<strong> premios tan importantes<\/strong> a nivel internacional, supone ya en s\u00ed mismo un gran \u00e9xito para el artista utrerano.<\/p>\n<p>Andr\u00e9s, que ya ha pisado con su piano algunos de los <strong>escenarios m\u00e1s destacados de todo el mundo<\/strong>, compartir\u00e1 protagonismo con los m\u00fasicos m\u00e1s famosos del panorama latino, entre los que destaca <a href=\"https:\/\/www.billboard.com\/espanol\/musica\/latin-grammy-2025-nominados-lista-completa-bad-bunny-1236067579\/\" rel=\"nofollow noopener\" target=\"_blank\">Bad Bunny<\/a>, qui\u00e9n atesora hasta doce menciones para estos premios.<\/p>\n<p><img fetchpriority=\"high\" decoding=\"async\" src=\"https:\/\/www.europesays.com\/es\/wp-content\/uploads\/2025\/07\/Caja-Rural-151.jpg\" alt=\"\"   width=\"2457\" height=\"390\"\/><\/p>\n","protected":false},"excerpt":{"rendered":"El pr\u00f3ximo jueves 13 de noviembre, la m\u00edtica ciudad de Las Vegas (Estados Unidos), va a concentrar todas&hellip;\n","protected":false},"author":2,"featured_media":129071,"comment_status":"","ping_status":"","sticky":false,"template":"","format":"standard","meta":{"footnotes":""},"categories":[170],"tags":[146,147,25,24,184,185,23],"class_list":{"0":"post-129070","1":"post","2":"type-post","3":"status-publish","4":"format-standard","5":"has-post-thumbnail","7":"category-musica","8":"tag-entertainment","9":"tag-entretenimiento","10":"tag-es","11":"tag-espana","12":"tag-music","13":"tag-musica","14":"tag-spain"},"share_on_mastodon":{"url":"","error":""},"_links":{"self":[{"href":"https:\/\/www.europesays.com\/es\/wp-json\/wp\/v2\/posts\/129070","targetHints":{"allow":["GET"]}}],"collection":[{"href":"https:\/\/www.europesays.com\/es\/wp-json\/wp\/v2\/posts"}],"about":[{"href":"https:\/\/www.europesays.com\/es\/wp-json\/wp\/v2\/types\/post"}],"author":[{"embeddable":true,"href":"https:\/\/www.europesays.com\/es\/wp-json\/wp\/v2\/users\/2"}],"replies":[{"embeddable":true,"href":"https:\/\/www.europesays.com\/es\/wp-json\/wp\/v2\/comments?post=129070"}],"version-history":[{"count":0,"href":"https:\/\/www.europesays.com\/es\/wp-json\/wp\/v2\/posts\/129070\/revisions"}],"wp:featuredmedia":[{"embeddable":true,"href":"https:\/\/www.europesays.com\/es\/wp-json\/wp\/v2\/media\/129071"}],"wp:attachment":[{"href":"https:\/\/www.europesays.com\/es\/wp-json\/wp\/v2\/media?parent=129070"}],"wp:term":[{"taxonomy":"category","embeddable":true,"href":"https:\/\/www.europesays.com\/es\/wp-json\/wp\/v2\/categories?post=129070"},{"taxonomy":"post_tag","embeddable":true,"href":"https:\/\/www.europesays.com\/es\/wp-json\/wp\/v2\/tags?post=129070"}],"curies":[{"name":"wp","href":"https:\/\/api.w.org\/{rel}","templated":true}]}}