{"id":129080,"date":"2025-09-21T07:40:11","date_gmt":"2025-09-21T07:40:11","guid":{"rendered":"https:\/\/www.europesays.com\/es\/129080\/"},"modified":"2025-09-21T07:40:11","modified_gmt":"2025-09-21T07:40:11","slug":"el-circulo-rojo-siente-que-milei-ya-es-macri-un-ano-antes-que-el-pro-los-libertarios-entraron-en-una-crisis-sin-salida","status":"publish","type":"post","link":"https:\/\/www.europesays.com\/es\/129080\/","title":{"rendered":"El C\u00edrculo Rojo siente que Milei ya es Macri | Un a\u00f1o antes que el PRO, los libertarios entraron en una crisis sin salida"},"content":{"rendered":"<p>El Gobierno de Javier Milei est\u00e1 en una crisis sin salida, cambiaria, de actividad, de credibilidad pol\u00edtica y camina -sin herramientas de car\u00e1cter pol\u00edtico a la vista- hacia el mismo destino final que la gesti\u00f3n de su padrino pol\u00edtico, Mauricio Macri. Esta certeza es la que el C\u00edrculo Rojo confirm\u00f3 esta semana, luego de una corrida furiosa que, combinada con n\u00fameros de espanto en la econom\u00eda dom\u00e9stica, consagr\u00f3 una debilidad nunca antes vista en las filas de La Libertad Avanza. <b>Para el poder econ\u00f3mico, \u00abMilei ya es Macri\u00bb, pero a una velocidad mayor, cuando todav\u00eda le queda m\u00e1s de la mitad del mandato<\/b>. Un Gobierno que perdi\u00f3, sobre todo, la centralidad pol\u00edtica, y que vuelve a a pedir rescate geopol\u00edtico en d\u00f3lares de Estados Unidos, en un viaje del Presidente a una reuni\u00f3n con Donald Trump esta semana.\u00a0<\/p>\n<p>Horas atr\u00e1s, Coninagro, una de las tres entidades de la Mesa de Enlace, organiz\u00f3 una jornada en la Bolsa de Cereales en la que se sinti\u00f3 en carne viva este clima de aceptaci\u00f3n transicional. La c\u00e1mara de cooperativas agrarias invit\u00f3 al gobernador bonaerense, Axel Kicillof, y a su par de Santa Fe, Maximiliano Pullaro, adem\u00e1s de a otras figuras opositoras de alto perfil. Fueron los m\u00e1s requeridos de un mit\u00edn en el que <b>el jefe de Gabinete, Guillermo Francos, se sincer\u00f3: \u00abcometimos muchos errores, pero piensen de d\u00f3nde venimos\u00bb, expres\u00f3 en su discurso, casi como un ruego<\/b>. Francos est\u00e1 agotado de ser el fronting, en solitario, de un gobierno que a\u00fan en la derrota sigue extremo. Cuando el jefe de ministros se baj\u00f3 del escenario, los presentes ya estaban en otra sinton\u00eda.\u00a0<\/p>\n<p>Como en otros circulos empresarios, se especul\u00f3 all\u00ed sobre una teor\u00eda muy extendida entre los ceos: que el ex gobernador de C\u00f3rdoba, Juan Schiaretti, gane una banca en octubre, quede al frente de Diputados en lugar de Mart\u00edn Menem y sea una especie de garante de una transici\u00f3n a otro Gobierno que nadie sabe bien qu\u00e9 podr\u00eda ser. <b>La idea, peregrina, es relevante no por el contenido (impracticable y rid\u00edcula por varias razones), sino porque aparece como una idea de camino alternativo a Milei. Se mete en las charlas<\/b>.\u00a0<\/p>\n<p>Esta degradaci\u00f3n de la credibilidad, esa idea de un gobierno que no tiene herramientas para resolver la coyuntura, a Macri le pas\u00f3 reci\u00e9n a fines del 2018. Ya en 2019 perdi\u00f3 casi todo el dinero del pr\u00e9stamo del Fondo Monetario (FMI) y se vio obligado a reponer el cepo para no caer antes de tiempo. Milei est\u00e1, para el poder econ\u00f3mico, en un estatus peor: <b>Caputo -que seg\u00fan el propio Milei se \u00abfum\u00f3\u00bb 15 mil millones de d\u00f3lares del FMI con Macri- se comi\u00f3, en un a\u00f1o y 8 meses, 20 mil millones de d\u00f3lares del blanqueo, 18 mil millones de d\u00f3lares de la soja, otro tanto v\u00eda el antiguo d\u00f3lar Blend, y va camino a consumirse los 20 mil millones que le prest\u00f3, hace unos meses, el FMI<\/b>.\u00a0<\/p>\n<p>Seg\u00fan confiaron a <b>P\u00e1ginaI12<\/b> fuentes de la City, Caputo confiesa en reuniones con inversores y ceos que el tope de dinero para intervenir y que el precio no se dispare no es mayor a los 4800 millones de d\u00f3lares. En ninguna reuni\u00f3n reservada mencion\u00f3 un respaldo de 22 mil millones, como sali\u00f3 a vocear en p\u00fablico horas antes de la espiralizaci\u00f3n de la corrida. El problema es que en 72 horas vendi\u00f3 1100 millones. <b>Cuando llegue al l\u00edmite (que se alcanzar\u00e1 bastante antes que el swap de monedas que se busca con el Tesoro estadounidense) tiene dos opciones: cambiar los DEGS del FMI por divisa estadounidense, de donde podr\u00eda sacar 13 mil millones; o intentar alguna operaci\u00f3n de canje con el oro del Banco Central (BCRA) que mandaron de manera sospechosa al exterior<\/b>. Si bien no se sabe cu\u00e1nto oro se fue afuera, las existencias totales son de 7000 millones. Algunos especulan, en la banca nacional y extranjera, con que el lunes las ventas podr\u00edan rozar los 1000 millones en un d\u00eda. Si eso pasa, es cepo cambiario o final.\u00a0<\/p>\n<p>\u00abLa devaluaci\u00f3n est\u00e1 pasando\u00bb<\/p>\n<p>Para el poder econ\u00f3mico, sin embargo, la opci\u00f3n es solo una: la devaluaci\u00f3n. \u00abLo descartamos, ya est\u00e1 pasando, de hecho\u00bb, cont\u00f3 a este diario un importante dirigente de la Uni\u00f3n Industrial (UIA). <b>Esta semana, dos multinacionales de los alimentos y la exportaci\u00f3n empezaron a planificar el 2026 con un d\u00f3lar entre 1800 y 2000 pesos<\/b>. Eso est\u00e1 por encima de la previsi\u00f3n oficial del Gobierno para los pr\u00f3ximos tres a\u00f1os, que se vio en el Presupuesto que elabor\u00f3 Carlos \u00abDa Vinci\u00bb Guberman, el funcionario de Hacienda al que los empresarios le pusieron, con sorna y por su creatividad con el l\u00e1piz, el nombre del artista del dibujo y la pintura renacentista italiana. M\u00e1s all\u00e1 de esa irrealidad, el d\u00f3lar a casi 2000 muestra el precio que tiene la divisa para los empresarios.\u00a0<\/p>\n<p>Una vista r\u00e1pida a la historia corta de la corridas cambiarias expone un dato impactante: de las 21 ventas m\u00e1s grandes de d\u00f3lares en proceso de corridas, s\u00f3lo dos fueron en los a\u00f1os del kirchnerismo (Redrado y Vanoli en el BCRA), el resto son de los gobiernos de Macri y Milei. <b>La cifra -publicada por el economista Christian Buteler en base a registros del Central- tiene a Stuzenegger, Caputo, Dujovne y Lacunza monopolizando el ranking<\/b>.\u00a0<\/p>\n<p>Lo relevante aqu\u00ed es que la dilapidaci\u00f3n de d\u00f3lares de Caputo tiene el objetivo de congelar el precio del d\u00f3lar para que la inflaci\u00f3n no suba. Y no s\u00f3lo que la inflaci\u00f3n sube igual, sino que la actividad es un p\u00e1ramo. Una de esas empresas que planifica el 2026 con un d\u00f3lar a 1800 est\u00e1 dentro de la Coordinadora de Productores de Alimentos (COPAL). La entidad, que monopolizan Arcor, Molinos, Ledesma, Coca Cola, Mastellone y otros gigantes, mostr\u00f3 en una reuni\u00f3n reciente una perspectiva alarmante: un 2026 de ca\u00edda en las ventas, cuando ya hoy las son las peores en d\u00e9cadas. <b>El dato de color es que una de las tres grandes alimenticias nacionales avis\u00f3 que se desplom\u00f3 la venta de polenta y que los rubros de cervezas, harinas y arroz no reaccionan en ventas<\/b>. \u00abNo sabemos si esto es un nuevo modelo que lleg\u00f3 para quedarse o es un reacomodamiento del consumo\u00bb, agregan. Todo indica que es lo primero.\u00a0<\/p>\n<p>La consultora Scentia report\u00f3 que, en agosto, el consumo masivo no creci\u00f3. Si se toman los 19 meses del gobierno de Milei, en solo dos no hubo ca\u00eddas (abril, con alza del 0,2 por ciento, y agosto con 0). <b>La tensi\u00f3n de precios por la devaluaci\u00f3n, en tanto, se da en una doble v\u00eda: por un lado, hace una semana varios grandes de los alimentos, entre ellos Unilever, les mandaron a los supermercados listas con aumentos promedio del 5 por ciento<\/b>. En el pelot\u00f3n aparecieron Coca Cola con el 3 de incremento, Molinos con 4 por ciento y Ayud\u00edn y SC Johnson con 7 por ciento. Otros, adem\u00e1s, decidieron aumentos encubiertos bajando promociones de dos por uno, tres por dos y descuentos en productos. Esto fue antes del momento m\u00e1s caliente de la corrida. Naturalmente, el regulador del pase a precios sigue siendo el derrumbe en las ventas, que se produce por una depredaci\u00f3n salarial que Milei orden\u00f3, tambi\u00e9n, para intentar bajar la inflaci\u00f3n. En paralelo, la crisis ya se carga empleos en blanco en actividades clave. Seg\u00fan el Instituto Argentina Grande, que comanda el ministro Gabriel Katopodis, se perdieron 114.990 puestos de trabajo registrados entre noviembre de 2023 y junio de 2025, principalmente en<br \/>\nConstrucci\u00f3n (-61.300) e Industrias Manufactureras (-35.200).<\/p>\n<p>La campera de \u00abToto\u00bb y la razzia en el FMI<\/p>\n<p>Los multimillonarios del mundo, entre ellos Jeff Bezos, de Amazon y el exiliado fiscal Marcos Galper\u00edn, de Mercado Libre, suelen llegar all\u00ed en aviones privados. En Hailey, Idaho, Estados Unidos, se realiza <b>el campamento de ricos Sun Valley, organizado por el banco boutique Allen &amp; Company. Meses atr\u00e1s, fueron all\u00ed Milei y Caputo, que se trajo un chaleco del evento, prenda que no para de usar sobre su habitual camisa blanca<\/b>, incluso cuando intenta justificar la crisis econ\u00f3mica, que les pega a los m\u00e1s pobres y los sectores medios, a los que ni siquiera llegan a fin de mes. \u00abNo s\u00e9, le gusta, jaja\u00bb, se sonri\u00f3, con la impunidad residual de los libertarios, una fuente de Hacienda cuando este diario consult\u00f3 por qu\u00e9 anda con ese chaleco en todos lados.\u00a0<\/p>\n<p>Caputo instruy\u00f3, en las \u00faltimas horas, a dos funcionarios de Hacienda a que viajen a los Estados Unidos a buscar lo que adelant\u00f3 el viernes este diario. Un cr\u00e9dito directo de la administraci\u00f3n Donald Trump para salvar el programa econ\u00f3mico. El vocero de Milei, Manuel Adorni, inform\u00f3 este s\u00e1bado que Milei se ver\u00e1 cara a cara, este martes, con Trump, pero tambi\u00e9n con la titular del FMI, Kristalina Georgieva.\u00a0<b>Fuentes que conocen la negociaci\u00f3n aseguraron que \u00abToto\u00bb quiere \u00abotros\u00bb 10 mil millones de d\u00f3lares, como m\u00ednimo, de respaldo<\/b>. Y que el ministro trabaja en un esquema para que ese dinero no se testee en el Congreso. Si bien la ley Guzm\u00e1n se borr\u00f3 con un decreto de Milei, no quiere accidentes: \u00abva a ser u swap, igual que el de China\u00bb, arriesgan en Gobierno. De acuerdo a fuentes oficiales, este respaldo no ser\u00eda inmediato, sino que se especula con que llegar\u00eda en dos semanas. Es decir, el Gobierno caminar\u00e1 sobre brasas calientes, de nuevo, este lunes, cuando los mercados sigan tironeando la situaci\u00f3n cambiaria. El anuncio de la reuni\u00f3n con Trump se hizo, precisamente, para intentar influenciar a una mayor calma en el inicio de la semana.\u00a0<\/p>\n<p><b>\u00abEs un esfuerzo est\u00e9ril, lo que no hay ac\u00e1 es confianza, le pueden poner un ca\u00f1o directo con canilla libre de d\u00f3lares e igual lo van a correr\u00bb, sintetiz\u00f3 un UIA boy<\/b>, que se prepara para la convenci\u00f3n anual de la entidad, en la que parece habr\u00e1 un discurso duro contra el Gobierno de Milei. Los empresarios miran estudios de opini\u00f3n en los que Milei est\u00e1 muy mal socialmente, en su consideraci\u00f3n, y no hay reporte que muestre a los libertarios con chances de tener una gran elecci\u00f3n en octubre. Ergo, esperan debilidades pol\u00edticas a\u00fan mayores.\u00a0<\/p>\n<p>De todos modos, la llave maestra del c\u00e9nit de la crisis parece tenerla el FMI, que por ahora sigue en prudente silencio. <b>Este lunes, mientras Milei vuela a Washington, llega al pa\u00eds una misi\u00f3n t\u00e9cnica que viene con la intenci\u00f3n de analizar escenarios de crisis. Se reunir\u00e1n con la CGT, los empresarios, y algunos ex ministros de Econom\u00eda<\/b>. Cuando esto ocurre, es porque quieren saber qu\u00e9 pasa en Argentina de boca de gente que no es del Gobierno. Se\u00f1ales. Mientras tanto, luego de la salida de Ghita Gopinath, la segunda de Georgieva, el organismo report\u00f3 esta semana el ingreso de Nigel Chalk al frente del Hemisferio Occidental. Reemplaz\u00f3 al chileno Rodrigo Vald\u00e9s, muy cr\u00edtico de la gesti\u00f3n de Caputo. Gopinath fue clave en el aval del cr\u00e9dito millonario a Milei. Como al final del Gobierno de Macri, parece haber empezado, una vez m\u00e1s, la razzia en el FMI por cr\u00e9ditos pol\u00edticos altamente cuestionables.\u00a0<\/p>\n","protected":false},"excerpt":{"rendered":"El Gobierno de Javier Milei est\u00e1 en una crisis sin salida, cambiaria, de actividad, de credibilidad pol\u00edtica y&hellip;\n","protected":false},"author":2,"featured_media":129081,"comment_status":"","ping_status":"","sticky":false,"template":"","format":"standard","meta":{"footnotes":""},"categories":[42],"tags":[17,18,95,13,14,11,61,62,63,64,19,20,9,10,15,16,12,21,22,65,66,67],"class_list":{"0":"post-129080","1":"post","2":"type-post","3":"status-publish","4":"format-standard","5":"has-post-thumbnail","7":"category-internacional","8":"tag-breaking-news","9":"tag-breakingnews","10":"tag-economia","11":"tag-featured-news","12":"tag-featurednews","13":"tag-headlines","14":"tag-internacional","15":"tag-international","16":"tag-international-news","17":"tag-internationalnews","18":"tag-latest-news","19":"tag-latestnews","20":"tag-news","21":"tag-noticias","22":"tag-noticias-destacadas","23":"tag-noticiasdestacadas","24":"tag-titulares","25":"tag-ultimas-noticias","26":"tag-ultimasnoticias","27":"tag-world","28":"tag-world-news","29":"tag-worldnews"},"share_on_mastodon":{"url":"","error":""},"_links":{"self":[{"href":"https:\/\/www.europesays.com\/es\/wp-json\/wp\/v2\/posts\/129080","targetHints":{"allow":["GET"]}}],"collection":[{"href":"https:\/\/www.europesays.com\/es\/wp-json\/wp\/v2\/posts"}],"about":[{"href":"https:\/\/www.europesays.com\/es\/wp-json\/wp\/v2\/types\/post"}],"author":[{"embeddable":true,"href":"https:\/\/www.europesays.com\/es\/wp-json\/wp\/v2\/users\/2"}],"replies":[{"embeddable":true,"href":"https:\/\/www.europesays.com\/es\/wp-json\/wp\/v2\/comments?post=129080"}],"version-history":[{"count":0,"href":"https:\/\/www.europesays.com\/es\/wp-json\/wp\/v2\/posts\/129080\/revisions"}],"wp:featuredmedia":[{"embeddable":true,"href":"https:\/\/www.europesays.com\/es\/wp-json\/wp\/v2\/media\/129081"}],"wp:attachment":[{"href":"https:\/\/www.europesays.com\/es\/wp-json\/wp\/v2\/media?parent=129080"}],"wp:term":[{"taxonomy":"category","embeddable":true,"href":"https:\/\/www.europesays.com\/es\/wp-json\/wp\/v2\/categories?post=129080"},{"taxonomy":"post_tag","embeddable":true,"href":"https:\/\/www.europesays.com\/es\/wp-json\/wp\/v2\/tags?post=129080"}],"curies":[{"name":"wp","href":"https:\/\/api.w.org\/{rel}","templated":true}]}}