{"id":129123,"date":"2025-09-21T08:14:08","date_gmt":"2025-09-21T08:14:08","guid":{"rendered":"https:\/\/www.europesays.com\/es\/129123\/"},"modified":"2025-09-21T08:14:08","modified_gmt":"2025-09-21T08:14:08","slug":"8-amarillas-2-expulsados-penalti-mal-pitado-y-kevin-amonestado-siendo-el-lesionado-en-esa-jugada","status":"publish","type":"post","link":"https:\/\/www.europesays.com\/es\/129123\/","title":{"rendered":"8 amarillas, 2 expulsados, penalti mal pitado y Kevin amonestado siendo el lesionado en esa jugada"},"content":{"rendered":"<p>\t\t\t\t\t\tPol\u00e9mica arbitral<br \/>\n\t\t\t\t\t\t<strong>21 sep 2025<\/strong> . Actualizado a las 01:58 h.\t\t\t\t\t\t<\/p>\n<p class=\"first-paragraph txt\">El surrealista acta arbitral del partido del <strong>Real Sporting de Gij\u00f3n<\/strong>. Los asturianos acabaron la contienda con 7 faltas en contra y sin embargo, vieron 8 tarjetas amarillas, entre ellos <a class=\"link-txt\" href=\"https:\/\/www.lavozdeasturias.es\/noticia\/sporting1905\/2025\/09\/20\/claro-error-arbitral-contra-sporting-thalys-debio-expulsado-lesionar-kevin-vazquez-segun-expertos-arbitrales\/00031758401738478431380.htm\" target=\"_blank\" rel=\"nofollow noopener\">Kevin V\u00e1zquez<\/a> en una jugada en la que \u00e9l fue el lesionado; acabaron con <a class=\"link-txt\" href=\"https:\/\/www.lavozdeasturias.es\/noticia\/sporting1905\/2025\/09\/20\/grave-error-arbitral-destrozo-sporting-iba-ganando-rosas-debio-expulsado-segun-expertos\/00031758403513001192237.htm\" target=\"_blank\" rel=\"nofollow noopener\">2 hombres expulsados<\/a>;\u00a0y el VAR tuvo que anular un penalti mal pitado por una inexistente mano de Justin Smith.<\/p>\n<p class=\"txt\">As\u00ed qued\u00f3 el acta de\u00a0Miguel \u00c1ngel P\u00e9rez (Comit\u00e9 de \u00c1rbitros de la Federaci\u00f3n Madrile\u00f1a de F\u00fatbol). Asistido por Gonzalo L\u00f3pez y Sergio Rebollo:<\/p>\n<p class=\"txt\">\u00abEn el minuto 45 el jugador (2) <strong>Rosas Alonso, Guillermo<\/strong> fue amonestado por el siguiente motivo: Por desplazar el bal\u00f3n, retrasando la reanudaci\u00f3n del juego cuando le correspond\u00eda ejecutar un saque de meta a su equipo\u00bb.<\/p>\n<p class=\"txt\">\u00abEn el minuto 51 el jugador (2)<strong> Rosas Alonso, Guillermo<\/strong> fue amonestado por el siguiente motivo: Por entrar al terreno de juego estando el bal\u00f3n en juego sin mi autorizaci\u00f3n, tras permanecer fuera del mismo de forma voluntaria\u00bb.<\/p>\n<p class=\"txt\">\u00abEn el minuto 51 el jugador (19) Otero Tovar, Juan Ferney fue amonestado por el siguiente motivo: Por desaprobar con palabras una de mis decisiones\u00bb.<\/p>\n<p class=\"txt\">&#13;<br \/>\n\t\t&#13;<br \/>\n\t\t\t&#13;<br \/>\n\t\t&#13;<br \/>\n\t\t&#13;<br \/>\n\t\t&#13;<br \/>\n\t\t\t\t\t\t\t\t\t\t\t\t&#13;<br \/>\n\t\t\t\t\t\t\t\t&#13;<br \/>\n&#13;<br \/>\n&#13;<\/p>\n<p>\t\t\t&#13;<br \/>\n\t&#13;<\/p>\n<p>\t\t\t<a href=\"https:\/\/www.lavozdeasturias.es\/noticia\/sporting1905\/2025\/09\/20\/claro-error-arbitral-contra-sporting-thalys-debio-expulsado-lesionar-kevin-vazquez-segun-expertos-arbitrales\/00031758401738478431380.htm\" data-analytics=\"link-embed\" rel=\"nofollow noopener\" target=\"_blank\">Claro error arbitral contra el Sporting, Thalys debi\u00f3 ser expulsado por lesionar a Kevin V\u00e1zquez seg\u00fan los expertos arbitrales<\/a><\/p>\n<p class=\"a-min-author\">\n<p>\t\t\t\t\t\t\t\t\t\t\tAlejandro Vigil Mor\u00e1n<\/p>\n<p>\t&#13;<br \/>\n\t&#13;<br \/>\n&#13;<br \/>\n\t\t\t\t&#13;<br \/>\n\t\t\t\t&#13;<br \/>\n\t&#13;<br \/>\n\t\t\t&#13;<br \/>\n\t\t\t&#13;<br \/>\n\t\t&#13;\n<\/p>\n<p class=\"txt\">\u00abEn el minuto 52 el jugador (14) <strong>CORREDERA ALARDI, ALEXANDRE<\/strong> fue amonestado por el siguiente motivo: Por desaprobar con palabras una de mis decisiones\u00bb.<\/p>\n<p class=\"txt\">\u00abEn el minuto 75 el jugador (20) Vazquez Comesa\u00f1a, Kevin fue amonestado por el siguiente motivo: Por disputar el bal\u00f3n a un contrario de forma temeraria, entrando con el pie por delante en forma de plancha\u00bb.<\/p>\n<p class=\"txt\">\u00abEn el minuto 79 el jugador (15) VAZQUEZ PEREZ, PABLO fue amonestado por el siguiente motivo: Por desaprobar con palabras una de mis decisiones\u00bb.<\/p>\n<p class=\"txt\">\u00abEn el minuto 87 el jugador (4) PERRIN, LUCAS ETIENNE BENJAMIN fue amonestado por el siguiente motivo: Por jugar sujetar a un adversario sin estar el bal\u00f3n en disputa entre ambos, cortando su avance\u00bb.<\/p>\n<p class=\"txt\">\u00abEn el minuto 90 el jugador (14) <strong>CORREDERA ALARDI, ALEXANDRE<\/strong> fue amonestado por el siguiente motivo: Por dirigirse a m\u00ed, aplaudiendo en se\u00f1al de mofa, despu\u00e9s de haber tomado una decisi\u00f3n\u00bb.<\/p>\n<p class=\"txt\">\u00abEn el minuto 81 el jugador (6) Luz Horta, Andr\u00e9 Filipe fue amonestado por el siguiente motivo: Por sujetar a un adversario de forma ostensible, impidiendo su avance\u00bb.<\/p>\n<p class=\"txt\">\u00abEn el minuto 90 el jugador (3) MU\u00d1OZ MIQUEL, ALEJANDRO JOSE fue amonestado por el siguiente motivo: Por desaprobar con palabras una de mis decisiones\u00bb.<\/p>\n<p class=\"txt\">&#13;<br \/>\n\t\t&#13;<br \/>\n\t\t\t&#13;<br \/>\n\t\t&#13;<br \/>\n\t\t&#13;<br \/>\n\t\t&#13;<br \/>\n\t\t\t\t\t\t\t\t\t\t\t\t&#13;<br \/>\n\t\t\t\t\t\t\t\t&#13;<br \/>\n&#13;<br \/>\n&#13;<\/p>\n<p>\t\t\t&#13;<br \/>\n\t&#13;<\/p>\n<p>\t\t\t<a href=\"https:\/\/www.lavozdeasturias.es\/noticia\/sporting1905\/2025\/09\/20\/grave-error-arbitral-destrozo-sporting-iba-ganando-rosas-debio-expulsado-segun-expertos\/00031758403513001192237.htm\" data-analytics=\"link-embed\" rel=\"nofollow noopener\" target=\"_blank\">El grave error arbitral que destroz\u00f3\u00a0al Sporting cuando iba ganando, Rosas no debi\u00f3 ser expulsado seg\u00fan los expertos<\/a><\/p>\n<p class=\"a-min-author\">\n<p>\t\t\t\t\t\t\t\t\t\t\tAlejandro Vigil Mor\u00e1n<\/p>\n<p>\t&#13;<br \/>\n\t&#13;<br \/>\n&#13;<br \/>\n\t\t\t\t&#13;<br \/>\n\t\t\t\t&#13;<br \/>\n\t&#13;<br \/>\n\t\t\t&#13;<br \/>\n\t\t\t&#13;<br \/>\n\t\t&#13;\n<\/p>\n<p class=\"txt\">\u00abEn el minuto 90 el jugador (18) BONINI, FEDERICO fue amonestado por el siguiente motivo: Por golpear en la cabeza de forma temeraria a un contrario en la disputa del bal\u00f3n\u00bb.<\/p>\n<p>&#13;<br \/>\n\tArchivado en:&#13;<br \/>\n\t\t\t\t\t<a href=\"https:\/\/www.lavozdeasturias.es\/temas\/sporting-de-gijon\/\" target=\"_blank\" class=\"mg-l\" rel=\"nofollow noopener\">Sporting de Gij\u00f3n<\/a>&#13;<br \/>\n\t&#13;<\/p>\n","protected":false},"excerpt":{"rendered":"Pol\u00e9mica arbitral 21 sep 2025 . Actualizado a las 01:58 h. El surrealista acta arbitral del partido del&hellip;\n","protected":false},"author":2,"featured_media":129124,"comment_status":"","ping_status":"","sticky":false,"template":"","format":"standard","meta":{"footnotes":""},"categories":[268],"tags":[168,25,24,280,282,281,23,4783,167],"class_list":{"0":"post-129123","1":"post","2":"type-post","3":"status-publish","4":"format-standard","5":"has-post-thumbnail","7":"category-futbol","8":"tag-deportes","9":"tag-es","10":"tag-espana","11":"tag-football","12":"tag-futbol","13":"tag-soccer","14":"tag-spain","15":"tag-sporting-de-gijon","16":"tag-sports"},"share_on_mastodon":{"url":"","error":""},"_links":{"self":[{"href":"https:\/\/www.europesays.com\/es\/wp-json\/wp\/v2\/posts\/129123","targetHints":{"allow":["GET"]}}],"collection":[{"href":"https:\/\/www.europesays.com\/es\/wp-json\/wp\/v2\/posts"}],"about":[{"href":"https:\/\/www.europesays.com\/es\/wp-json\/wp\/v2\/types\/post"}],"author":[{"embeddable":true,"href":"https:\/\/www.europesays.com\/es\/wp-json\/wp\/v2\/users\/2"}],"replies":[{"embeddable":true,"href":"https:\/\/www.europesays.com\/es\/wp-json\/wp\/v2\/comments?post=129123"}],"version-history":[{"count":0,"href":"https:\/\/www.europesays.com\/es\/wp-json\/wp\/v2\/posts\/129123\/revisions"}],"wp:featuredmedia":[{"embeddable":true,"href":"https:\/\/www.europesays.com\/es\/wp-json\/wp\/v2\/media\/129124"}],"wp:attachment":[{"href":"https:\/\/www.europesays.com\/es\/wp-json\/wp\/v2\/media?parent=129123"}],"wp:term":[{"taxonomy":"category","embeddable":true,"href":"https:\/\/www.europesays.com\/es\/wp-json\/wp\/v2\/categories?post=129123"},{"taxonomy":"post_tag","embeddable":true,"href":"https:\/\/www.europesays.com\/es\/wp-json\/wp\/v2\/tags?post=129123"}],"curies":[{"name":"wp","href":"https:\/\/api.w.org\/{rel}","templated":true}]}}