{"id":129150,"date":"2025-09-21T08:28:14","date_gmt":"2025-09-21T08:28:14","guid":{"rendered":"https:\/\/www.europesays.com\/es\/129150\/"},"modified":"2025-09-21T08:28:14","modified_gmt":"2025-09-21T08:28:14","slug":"exito-consolidado-y-compromiso-educativo-la-diputacion-de-albacete-renueva-su-proyecto-de-maletas-didacticas-para-el-curso-2025-2026","status":"publish","type":"post","link":"https:\/\/www.europesays.com\/es\/129150\/","title":{"rendered":"\u00c9xito consolidado y compromiso educativo: la Diputaci\u00f3n de Albacete renueva su proyecto de \u2018Maletas Did\u00e1cticas\u2019 para el curso 2025\/2026"},"content":{"rendered":"<p>Albacete, 21 de septiembre de 2025.- La Diputaci\u00f3n Provincial de Albacete, a trav\u00e9s de su Servicio de Educaci\u00f3n y Cultura, ha anunciado la renovaci\u00f3n y ampliaci\u00f3n del proyecto \u2018Maletas Did\u00e1cticas\u2019, una iniciativa que ya se ha convertido en referente provincial en el \u00e1mbito educativo. Dirigido a centros de Educaci\u00f3n Primaria y Secundaria, este recurso consiste en el pr\u00e9stamo gratuito de material did\u00e1ctico variado (libros, juegos, pel\u00edculas y peque\u00f1as exposiciones) para enriquecer el aprendizaje y apoyar la labor docente en diferentes \u00e1reas clave.<\/p>\n<p>Un balance que habla por s\u00ed solo<\/p>\n<p>El pasado curso 2024\/2025 ha dejado constancia del \u00e9xito del programa, con una demanda creciente y una gran acogida entre los centros educativos de la provincia. As\u00ed, han sido unas 51 las solicitudes recibidas y 50 los pr\u00e9stamos finalmente formalizados. Han participado 29 centros (20 de Primaria y 9 de Secundaria) de 16 localidades, incluyendo Albacete, Almansa, Caudete, Hell\u00edn, La Roda y Villarrobledo.<\/p>\n<p>Entre las tem\u00e1ticas, las m\u00e1s solicitadas han sido las de \u2018Mujeres Cient\u00edficas\u2019 (con 16 pr\u00e9stamos), seguidas por la de Danza (12), Artes Pl\u00e1sticas (11) y Emociones (11).<\/p>\n<p>Tem\u00e1ticas que transforman las aulas<\/p>\n<p>Cada maleta es una herramienta de viaje por el conocimiento, con materiales gr\u00e1ficos y audiovisuales acompa\u00f1ados de una gu\u00eda did\u00e1ctica que facilita su aplicaci\u00f3n:<\/p>\n<ul>\n<li style=\"font-weight: 400;\" aria-level=\"1\">La propuesta de \u2018Mujeres Cient\u00edficas\u2019, pretende inspirar a ni\u00f1as y ni\u00f1os mostrando la vida de grandes cient\u00edficas y romper barreras de g\u00e9nero en la ciencia.<\/li>\n<li style=\"font-weight: 400;\" aria-level=\"1\">La de Artes Pl\u00e1sticas, fomentar creatividad, sensibilidad y expresi\u00f3n art\u00edstica a trav\u00e9s de reproducciones de obras ic\u00f3nicas y materiales interactivos.<\/li>\n<li style=\"font-weight: 400;\" aria-level=\"1\">La de Danza, acercar al alumnado al lenguaje universal del cuerpo y la historia de la danza, cultivando la cooperaci\u00f3n y la creatividad.<\/li>\n<li style=\"font-weight: 400;\" aria-level=\"1\">Y la de Emociones, ayudar a comprender y gestionar sentimientos propios y ajenos, fomentando la educaci\u00f3n emocional como herramienta vital.<\/li>\n<\/ul>\n<p>Talleres que enriquecen la experiencia<\/p>\n<p>El proyecto impulsado por la Diputaci\u00f3n de Albacete no se limita al pr\u00e9stamo de materiales, sino que tambi\u00e9n ofrece actividades complementarias. As\u00ed, en el curso 2024\/2025 se impart\u00edan 32 talleres (un 84,21% de la oferta), llegando a 900 alumnos de 19 centros en 11 localidades.<\/p>\n<p>En este caso, algunos de los m\u00e1s destacados han sido: los Talleres de Danza (\u00bfMe concede este baile? Historia de la danza), que ha registrado 8 sesiones; los Talleres de Artes Pl\u00e1sticas, que han ofrecido hasta 6 sesiones sobre grandes pintores; los Talleres de Emociones, con otras 8 sesiones sobre educaci\u00f3n emocional; y los Talleres sobre Mujeres Cient\u00edficas, que han sumado 10 sesiones para visibilizar el talento femenino en la ciencia.<\/p>\n<p>Procedimiento sencillo y gratuito<\/p>\n<p>Para el nuevo curso 2025\/2026, la Diputaci\u00f3n de Albacete vuelve a poner a disposici\u00f3n este recurso. El pr\u00e9stamo es gratuito e incluye el transporte y recogida de las maletas. La permanencia m\u00ednima es de 3 semanas y la m\u00e1xima, de 5.<\/p>\n<p>Una edici\u00f3n m\u00e1s, las solicitudes se atender\u00e1n por orden de entrada, envi\u00e1ndose la convocatoria a los centros en este inicio del curso. M\u00e1s informaci\u00f3n:<a href=\"https:\/\/web.dipualba.es\/maletas-didacticas\/\" rel=\"nofollow noopener\" target=\"_blank\"> Maletas Did\u00e1cticas \u2013 Diputaci\u00f3n de Albacete<\/a><\/p>\n<p>Una apuesta pol\u00edtica por la educaci\u00f3n y la igualdad de oportunidades<\/p>\n<p>El presidente de la Diputaci\u00f3n de Albacete, Santi Caba\u00f1ero, ha subrayado que este tipo de iniciativas forman parte del compromiso del Gobierno Provincial con una educaci\u00f3n de calidad y cercana a los pueblos:<\/p>\n<p>\u201cInvertir en cultura y en educaci\u00f3n es invertir en igualdad de oportunidades. Las Maletas Did\u00e1cticas no s\u00f3lo enriquecen las aulas, sino que ayudan a abrir puertas, despertar vocaciones y sembrar valores que har\u00e1n de nuestra provincia un territorio m\u00e1s justo, inclusivo y con futuro\u201d, ha comentado sobre ello.<\/p>\n<p>Con programas como \u00e9ste, la Diputaci\u00f3n de Albacete demuestra que la educaci\u00f3n va m\u00e1s all\u00e1 de los libros de texto y que, en colaboraci\u00f3n con los centros y docentes, puede convertirse en una aut\u00e9ntica herramienta de transformaci\u00f3n social.<\/p>\n","protected":false},"excerpt":{"rendered":"Albacete, 21 de septiembre de 2025.- La Diputaci\u00f3n Provincial de Albacete, a trav\u00e9s de su Servicio de Educaci\u00f3n&hellip;\n","protected":false},"author":2,"featured_media":129151,"comment_status":"","ping_status":"","sticky":false,"template":"","format":"standard","meta":{"footnotes":""},"categories":[5],"tags":[17,18,4007,25,24,13,14,11,19,20,9,10,15,16,23,12,21,22],"class_list":{"0":"post-129150","1":"post","2":"type-post","3":"status-publish","4":"format-standard","5":"has-post-thumbnail","7":"category-titulares","8":"tag-breaking-news","9":"tag-breakingnews","10":"tag-destacado","11":"tag-es","12":"tag-espana","13":"tag-featured-news","14":"tag-featurednews","15":"tag-headlines","16":"tag-latest-news","17":"tag-latestnews","18":"tag-news","19":"tag-noticias","20":"tag-noticias-destacadas","21":"tag-noticiasdestacadas","22":"tag-spain","23":"tag-titulares","24":"tag-ultimas-noticias","25":"tag-ultimasnoticias"},"share_on_mastodon":{"url":"","error":""},"_links":{"self":[{"href":"https:\/\/www.europesays.com\/es\/wp-json\/wp\/v2\/posts\/129150","targetHints":{"allow":["GET"]}}],"collection":[{"href":"https:\/\/www.europesays.com\/es\/wp-json\/wp\/v2\/posts"}],"about":[{"href":"https:\/\/www.europesays.com\/es\/wp-json\/wp\/v2\/types\/post"}],"author":[{"embeddable":true,"href":"https:\/\/www.europesays.com\/es\/wp-json\/wp\/v2\/users\/2"}],"replies":[{"embeddable":true,"href":"https:\/\/www.europesays.com\/es\/wp-json\/wp\/v2\/comments?post=129150"}],"version-history":[{"count":0,"href":"https:\/\/www.europesays.com\/es\/wp-json\/wp\/v2\/posts\/129150\/revisions"}],"wp:featuredmedia":[{"embeddable":true,"href":"https:\/\/www.europesays.com\/es\/wp-json\/wp\/v2\/media\/129151"}],"wp:attachment":[{"href":"https:\/\/www.europesays.com\/es\/wp-json\/wp\/v2\/media?parent=129150"}],"wp:term":[{"taxonomy":"category","embeddable":true,"href":"https:\/\/www.europesays.com\/es\/wp-json\/wp\/v2\/categories?post=129150"},{"taxonomy":"post_tag","embeddable":true,"href":"https:\/\/www.europesays.com\/es\/wp-json\/wp\/v2\/tags?post=129150"}],"curies":[{"name":"wp","href":"https:\/\/api.w.org\/{rel}","templated":true}]}}