{"id":129179,"date":"2025-09-21T08:46:08","date_gmt":"2025-09-21T08:46:08","guid":{"rendered":"https:\/\/www.europesays.com\/es\/129179\/"},"modified":"2025-09-21T08:46:08","modified_gmt":"2025-09-21T08:46:08","slug":"el-roig-arena-vibra-con-el-esperado-concierto-de-manuel-carrasco","status":"publish","type":"post","link":"https:\/\/www.europesays.com\/es\/129179\/","title":{"rendered":"El Roig Arena vibra con el esperado concierto de Manuel Carrasco"},"content":{"rendered":"<p>El esperado <strong>\u201cTour Salvaje\u201d de Manuel Carrasco<\/strong> recal\u00f3 ayer en el Roig Arena -el nuevo recinto multiusos de Valencia impulsado por Juan Roig- en una noche inolvidable para sus seguidores. Durante dos horas y media de concierto, el artista onubense realiz\u00f3 un recorrido por toda su discograf\u00eda en un espect\u00e1culo que se enmarca en la gira musical m\u00e1s importante de sus m\u00e1s de dos d\u00e9cadas de carrera.<\/p>\n<p>Con una escenograf\u00eda inspirada en la naturaleza y visuales y vestuario en l\u00ednea con esta est\u00e9tica, Manuel Carrasco se ha reencontr\u00f3 con su p\u00fablico valenciano en torno a las 20:30h de la tarde al ritmo de \u201cEl grito del ni\u00f1o\u201d y \u201cPueblo salvaje\u201d. A lo largo de todo el espect\u00e1culo, los asistentes pudieron corear temas emblem\u00e1ticos del artista como \u201cNo dejes de so\u00f1ar\u201d, todo un himno a la perseverancia o \u201cMujer de las mil batallas\u201d.<\/p>\n<p><img loading=\"lazy\" decoding=\"async\" class=\"wp-image-384673 size-medium\" src=\"https:\/\/www.europesays.com\/es\/wp-content\/uploads\/2025\/09\/MANUEL-CARRASCO-ROIG-ARENA-1-600x337.jpg\" alt=\"\" width=\"600\" height=\"337\"  \/>Con una escenograf\u00eda inspirada en la naturaleza y visuales y vestuario en l\u00ednea con esta est\u00e9tica, Manuel Carrasco se ha reencontr\u00f3 con su p\u00fablico valenciano en torno a las 20:30h.<\/p>\n<p>Uno de los momentos m\u00e1s emocionantes del concierto lleg\u00f3 de la mano del coro g\u00f3spel que acompa\u00f1\u00f3 a Carrasco durante la interpretaci\u00f3n de \u201cQue nadie\u201d. El sonido de los tambores marc\u00f3 el paso de \u201cTambores de guerra\u201d, mientras que en \u201cYo quiero vivir\u201d, Carrasco, c\u00e1mara selfie en mano, baj\u00f3 del escenario para cantar junto a su p\u00fablico. Durante el espect\u00e1culo, tambi\u00e9n sonaron \u201cLos sue\u00f1os perdidos\u201d o \u201cMuseo del prado\u201d, canciones de su \u00faltimo trabajo. Adem\u00e1s, dedic\u00f3 una buler\u00eda al pueblo valenciano.<\/p>\n<p>El escenario, con una pasarela m\u00f3vil, permiti\u00f3 a Carrasco acercarse a sus seguidores en diferentes momentos del espect\u00e1culo. El artista puso el broche de oro a la velada con \u201cTan solo t\u00fa\u201d y \u201cTengo el poder\u201d dejando una huella imborrable en los asistentes durante la que fue su primera visita al Roig Arena.<\/p>\n","protected":false},"excerpt":{"rendered":"El esperado \u201cTour Salvaje\u201d de Manuel Carrasco recal\u00f3 ayer en el Roig Arena -el nuevo recinto multiusos de&hellip;\n","protected":false},"author":2,"featured_media":129180,"comment_status":"","ping_status":"","sticky":false,"template":"","format":"standard","meta":{"footnotes":""},"categories":[91],"tags":[41585,146,147,25,24,2915,23],"class_list":{"0":"post-129179","1":"post","2":"type-post","3":"status-publish","4":"format-standard","5":"has-post-thumbnail","7":"category-entretenimiento","8":"tag-conciertos-roig-arena","9":"tag-entertainment","10":"tag-entretenimiento","11":"tag-es","12":"tag-espana","13":"tag-roig-arena","14":"tag-spain"},"share_on_mastodon":{"url":"","error":""},"_links":{"self":[{"href":"https:\/\/www.europesays.com\/es\/wp-json\/wp\/v2\/posts\/129179","targetHints":{"allow":["GET"]}}],"collection":[{"href":"https:\/\/www.europesays.com\/es\/wp-json\/wp\/v2\/posts"}],"about":[{"href":"https:\/\/www.europesays.com\/es\/wp-json\/wp\/v2\/types\/post"}],"author":[{"embeddable":true,"href":"https:\/\/www.europesays.com\/es\/wp-json\/wp\/v2\/users\/2"}],"replies":[{"embeddable":true,"href":"https:\/\/www.europesays.com\/es\/wp-json\/wp\/v2\/comments?post=129179"}],"version-history":[{"count":0,"href":"https:\/\/www.europesays.com\/es\/wp-json\/wp\/v2\/posts\/129179\/revisions"}],"wp:featuredmedia":[{"embeddable":true,"href":"https:\/\/www.europesays.com\/es\/wp-json\/wp\/v2\/media\/129180"}],"wp:attachment":[{"href":"https:\/\/www.europesays.com\/es\/wp-json\/wp\/v2\/media?parent=129179"}],"wp:term":[{"taxonomy":"category","embeddable":true,"href":"https:\/\/www.europesays.com\/es\/wp-json\/wp\/v2\/categories?post=129179"},{"taxonomy":"post_tag","embeddable":true,"href":"https:\/\/www.europesays.com\/es\/wp-json\/wp\/v2\/tags?post=129179"}],"curies":[{"name":"wp","href":"https:\/\/api.w.org\/{rel}","templated":true}]}}