{"id":129195,"date":"2025-09-21T08:56:08","date_gmt":"2025-09-21T08:56:08","guid":{"rendered":"https:\/\/www.europesays.com\/es\/129195\/"},"modified":"2025-09-21T08:56:08","modified_gmt":"2025-09-21T08:56:08","slug":"roger-federer-y-steph-curry-forman-parte-de-una-foto-para-el-recuerdo-atp-tour","status":"publish","type":"post","link":"https:\/\/www.europesays.com\/es\/129195\/","title":{"rendered":"Roger Federer y Steph Curry forman parte de una foto para el recuerdo | ATP Tour"},"content":{"rendered":"<p>        Laver Cup<br \/>\n    Federer y Steph Curry forman parte de una foto para el recuerdo<\/p>\n<p>El antiguo No. 1 y la leyenda de la NBA posaron junto a Alcaraz y Fritz en la Laver Cup<\/p>\n<p>September 21, 2025<\/p>\n<p>            <img decoding=\"async\" src=\"https:\/\/www.europesays.com\/es\/wp-content\/uploads\/2025\/09\/fritz-federer-curry-alcaraz-laver-cup-2025.jpg\" alt=\"Steph Curry se uni\u00f3 a Roger Federer para el sorteo en la red del duelo entre Alcaraz y Fritz en la Laver Cup.\"\/><\/p>\n<p>Getty Images for Laver Cup<\/p>\n<p>        Steph Curry se uni\u00f3 a Roger Federer para el sorteo en la red del duelo entre Alcaraz y Fritz en la Laver Cup.<br \/>\n        By Redacci\u00f3n ATP <\/p>\n<p>Este domingo, uno de los dos equipos conquistar\u00e1 la <a href=\"https:\/\/www.atptour.com\/es\/tournaments\/laver-cup\/9210\/overview\" rel=\"nofollow noopener\" target=\"_blank\">Laver Cup<\/a> en el Chase Center de San Francisco, un escenario muy acostumbrado a los t\u00edtulos gracias a uno de los anfitriones como los Golden State Warriors.<\/p>\n<p>Stephen Curry ha liderado a los Warriors en la conquista de cuatro t\u00edtulos de la NBA desde 2015, incluyendo el de 2022, despu\u00e9s de que el equipo se mudara al Chase Center tres a\u00f1os antes. Ahora, con la <a href=\"https:\/\/www.atptour.com\/es\/tournaments\/laver-cup\/9210\/overview\" rel=\"nofollow noopener\" target=\"_blank\">Laver Cup<\/a> de visita en su territorio, el base estadounidense de 37 a\u00f1os fue protagonista en la noche de este s\u00e1bado cuando salt\u00f3 a la pista para realizar el sorteo del partido entre <a href=\"https:\/\/www.atptour.com\/es\/players\/taylor-fritz\/fb98\/overview\" rel=\"nofollow noopener\" target=\"_blank\">Taylor Fritz<\/a> y el No. 1 del PIF ATP Rankings, <a href=\"https:\/\/www.atptour.com\/es\/players\/carlos-alcaraz\/a0e2\/overview\" rel=\"nofollow noopener\" target=\"_blank\">Carlos Alcaraz<\/a>.<\/p>\n<p>Pero Curry no sali\u00f3 solo a la pista, lo hizo acompa\u00f1ado por <a href=\"https:\/\/www.atptour.com\/es\/players\/roger-federer\/f324\/overview\" rel=\"nofollow noopener\" target=\"_blank\">Roger Federer<\/a>, ante el rugido de una grada abarrotada que colg\u00f3 el cartel de \u2018no hay entradas\u2019. De esta forma, Alcaraz y Fritz posaron junto a las dos leyendas, algo que tampoco quisieron perderse los capitanes y el resto de sus compa\u00f1eros de equipo que se unieron a la instant\u00e1nea grupal.<\/p>\n<p> \u201cEs una locura. Es bastante dif\u00edcil no estar acelerado al jugar un partido que tiene unos preparativos como este\u201d, se\u00f1al\u00f3 Fritz despu\u00e9s de sorprender al espa\u00f1ol. \u201cSin duda, no ha faltado la adrenalina\u201d.<\/p>\n<p>Curry, un gran aficionado al tenis, ha sido un espectador habitual en el <a href=\"https:\/\/www.atptour.com\/es\/tournaments\/us-open\/560\/overview\" rel=\"nofollow noopener\" target=\"_blank\">US Open<\/a> y en esta pasada edici\u00f3n form\u00f3 parte del p\u00fablico que presenci\u00f3 la espectacular final en Flushing Meadows entre el propio Alcaraz y <a href=\"https:\/\/www.atptour.com\/es\/players\/jannik-sinner\/s0ag\/overview\" rel=\"nofollow noopener\" target=\"_blank\">Jannik Sinner<\/a>.<\/p>\n","protected":false},"excerpt":{"rendered":"Laver Cup Federer y Steph Curry forman parte de una foto para el recuerdo El antiguo No. 1&hellip;\n","protected":false},"author":2,"featured_media":129196,"comment_status":"","ping_status":"","sticky":false,"template":"","format":"standard","meta":{"footnotes":""},"categories":[274],"tags":[168,25,24,23,167,327,326],"class_list":{"0":"post-129195","1":"post","2":"type-post","3":"status-publish","4":"format-standard","5":"has-post-thumbnail","7":"category-tenis","8":"tag-deportes","9":"tag-es","10":"tag-espana","11":"tag-spain","12":"tag-sports","13":"tag-tenis","14":"tag-tennis"},"share_on_mastodon":{"url":"","error":""},"_links":{"self":[{"href":"https:\/\/www.europesays.com\/es\/wp-json\/wp\/v2\/posts\/129195","targetHints":{"allow":["GET"]}}],"collection":[{"href":"https:\/\/www.europesays.com\/es\/wp-json\/wp\/v2\/posts"}],"about":[{"href":"https:\/\/www.europesays.com\/es\/wp-json\/wp\/v2\/types\/post"}],"author":[{"embeddable":true,"href":"https:\/\/www.europesays.com\/es\/wp-json\/wp\/v2\/users\/2"}],"replies":[{"embeddable":true,"href":"https:\/\/www.europesays.com\/es\/wp-json\/wp\/v2\/comments?post=129195"}],"version-history":[{"count":0,"href":"https:\/\/www.europesays.com\/es\/wp-json\/wp\/v2\/posts\/129195\/revisions"}],"wp:featuredmedia":[{"embeddable":true,"href":"https:\/\/www.europesays.com\/es\/wp-json\/wp\/v2\/media\/129196"}],"wp:attachment":[{"href":"https:\/\/www.europesays.com\/es\/wp-json\/wp\/v2\/media?parent=129195"}],"wp:term":[{"taxonomy":"category","embeddable":true,"href":"https:\/\/www.europesays.com\/es\/wp-json\/wp\/v2\/categories?post=129195"},{"taxonomy":"post_tag","embeddable":true,"href":"https:\/\/www.europesays.com\/es\/wp-json\/wp\/v2\/tags?post=129195"}],"curies":[{"name":"wp","href":"https:\/\/api.w.org\/{rel}","templated":true}]}}