{"id":129211,"date":"2025-09-21T09:05:12","date_gmt":"2025-09-21T09:05:12","guid":{"rendered":"https:\/\/www.europesays.com\/es\/129211\/"},"modified":"2025-09-21T09:05:12","modified_gmt":"2025-09-21T09:05:12","slug":"lewis-capaldi-lanza-something-in-the-heavens-una-cancion-digna-de-sonar-en-el-verano-en-que-me-enamore-musica","status":"publish","type":"post","link":"https:\/\/www.europesays.com\/es\/129211\/","title":{"rendered":"Lewis Capaldi lanza &#8216;Something in the Heavens&#8217;, una canci\u00f3n digna de sonar en &#8216;El verano en que me enamor\u00e9&#8217; | M\u00fasica"},"content":{"rendered":"<p>Tras contar su historia de superaci\u00f3n con <a href=\"https:\/\/los40.com\/2025\/06\/27\/el-grito-de-lewis-capaldi-sobre-su-salud-que-abre-una-nueva-etapa-musical-survive-mira-el-video-y-la-letra\/\" target=\"_blank\" rel=\"noreferrer nofollow noopener\" title=\"https:\/\/los40.com\/2025\/06\/27\/el-grito-de-lewis-capaldi-sobre-su-salud-que-abre-una-nueva-etapa-musical-survive-mira-el-video-y-la-letra\/\">Survive<\/a>, <a href=\"https:\/\/los40.com\/2025\/07\/10\/los-planes-musicales-de-lewis-capaldi-ep-para-2025-y-disco-en-2026\/\" target=\"_blank\" rel=\"noreferrer nofollow noopener\" title=\"https:\/\/los40.com\/2025\/07\/10\/los-planes-musicales-de-lewis-capaldi-ep-para-2025-y-disco-en-2026\/\"><b>Lewis Capaldi <\/b><\/a><b>ha regresado a las novedades musicales con uno de sus caracter\u00edsticos baladones pop.<\/b> El escoc\u00e9s ha lanzado Something in the Heavens, una canci\u00f3n que vuelve a hacer suspirar a cualquier rom\u00e1ntico empedernido.<\/p>\n<p>El artista ha ido mostrando el tema ante su p\u00fablico de forma in\u00e9dito durante los primeros conciertos de su nueva gira, la cual ya tiene colgado el cartel de entradas vendidas casi al completo hasta 2026. <\/p>\n<p>Junto a la publicaci\u00f3n de este nuevo single, <b>el joven ha compartido un v\u00eddeo, interpret\u00e1ndolo en vivo desde los estudios de Abbey Road.<\/b> Un clip que le ha servido de videoclip. <\/p>\n<p><img decoding=\"async\" src=\"https:\/\/los40.com\/pf\/resources\/img\/logo-40-v-c.svg?d=879\" alt=\"LOS40\" class=\"i-pro\" width=\"68\" height=\"68\" loading=\"lazy\"\/><\/p>\n<p>Escuchando este <b>Something in the Heavens<\/b><b>, y teniendo tan presente el final de la tercera temporada de <\/b><a href=\"https:\/\/los40.com\/2025\/09\/18\/la-millonaria-cifra-que-ha-ganado-taylor-swift-por-todas-las-canciones-de-el-verano-en-que-me-enamore\/\" target=\"_blank\" rel=\"noreferrer nofollow noopener\" title=\"https:\/\/los40.com\/2025\/09\/18\/la-millonaria-cifra-que-ha-ganado-taylor-swift-por-todas-las-canciones-de-el-verano-en-que-me-enamore\/\"><b>The Summer I Turned Pretty<\/b> <\/a>(El verano en que me enamor\u00e9), nos parece oportuno mencionar que este sencillo podr\u00eda formar perfectamente parte de la banda sonora de la <a href=\"https:\/\/los40.com\/2025\/09\/17\/el-verano-en-que-me-enamore-tendra-una-pelicula-para-cerrar-el-universo-de-belly-conrad-y-jeremiah\/\" target=\"_blank\" rel=\"noreferrer nofollow noopener\" title=\"https:\/\/los40.com\/2025\/09\/17\/el-verano-en-que-me-enamore-tendra-una-pelicula-para-cerrar-el-universo-de-belly-conrad-y-jeremiah\/\">futura pel\u00edcula<\/a>, ahora que <a href=\"https:\/\/los40.com\/2025\/09\/17\/el-final-de-el-verano-en-que-me-enamore-que-ningun-fan-esperaba-y-no-por-la-decision-de-belly\/\" target=\"_blank\" rel=\"noreferrer nofollow noopener\" title=\"https:\/\/los40.com\/2025\/09\/17\/el-final-de-el-verano-en-que-me-enamore-que-ningun-fan-esperaba-y-no-por-la-decision-de-belly\/\">la serie ha concluido.<\/a><\/p>\n<p>Sin spoilers y sujeto a la interpretaci\u00f3n de cualquiera: \u00bfNo podr\u00eda ser esto un pensamiento intrusivo de Conrad Fisher?<\/p>\n<p>Fechas por Reino Unido, Irlanda y Australia<\/p>\n<p><b>2025<\/b><\/p>\n<ul>\n<li>20 de septiembre: Co-Op Live, Manchester (SOLD OUT)<\/li>\n<li>21 de septiembre: Co-Op Live, Manchester (SOLD OUT)<\/li>\n<li>23 de septiembre: Utilita Arena, Birmingham (SOLD OUT)<\/li>\n<li>24 de septiembre: Utilita Arena, Birmingham (SOLD OUT)<\/li>\n<li>26 de septiembre: Motorpoint Arena, Nottingham (SOLD OUT)<\/li>\n<li>27 de septiembre: Utilita Arena, Cardiff (SOLD OUT)<\/li>\n<li>29 de septiembre: 3Arena, Dubl\u00edn (SOLD OUT)<\/li>\n<li>30 de septiembre: 3Arena, Dubl\u00edn (SOLD OUT)<\/li>\n<li>30 de noviembre: Wolfbrook Arena, Christchurch (SOLD OUT)<\/li>\n<li>2 de diciembre: Spark Arena, Auckland (SOLD OUT)<\/li>\n<li>4 de diciembre: Entertainment Centre, Brisbane (SOLD OUT)<\/li>\n<li>6 de diciembre: Qudos Bank Arena, Sydney (SOLD OUT)<\/li>\n<li>7 de diciembre: Qudos Bank Arena, Sydney (SOLD OUT)<\/li>\n<li>9 de diciembre: Qudos Bank Arena, Sydney (SOLD OUT)<\/li>\n<li>10 de diciembre: Rod Laver Arena, Melbourne (SOLD OUT)<\/li>\n<li>12 de diciembre: Rod Laver Arena, Melbourne (SOLD OUT)<\/li>\n<li>13 de diciembre: Rod Laver Arena, Melbourne (SOLD OUT)<\/li>\n<li>15 de diciembre: Entertainment Centre, Adelaide (SOLD OUT)<\/li>\n<li>17 de diciembre: Rac Arena, Perth (SOLD OUT)<\/li>\n<\/ul>\n<p><b>2026<\/b><\/p>\n<ul>\n<li>23 de junio: Marlay Park, Dubl\u00edn<\/li>\n<li>24 de junio: Marlay Park, Dubl\u00edn (SOLD OUT)<\/li>\n<li>26 de junio: Thomond Park, Limerick (SOLD OUT)<\/li>\n<li>27 de junio: Powderham Castle, Exeter<\/li>\n<li>28 de junio: Powderham Castle, Exeter (SOLD OUT)<\/li>\n<li>30 de junio: Balckweir Park, Cardiff (SOLD OUT)<\/li>\n<li>1 de julio: Blackweird Park, Cardiff<\/li>\n<li>4 de julio: Roudhay Park, Leeds<\/li>\n<li>11 de julio: BST Hyde Park, Londres <\/li>\n<li>20 de agosto: Belfast Vital, Belfast (SOLD OUT)<\/li>\n<li>22 de agosto: Wythenshawe Park, Manchester (SOLD OUT)<\/li>\n<\/ul>\n<p>Letra traducida de Something in the Heavens, de Lewis Capaldi<\/p>\n<p>Eyes of emerald and white, more precious than gold<\/p>\n<p><b>Ojos de esmeralda y blanco, m\u00e1s preciosos que el oro<\/b><\/p>\n<p>Hands as soft as the sand but harder to hold<\/p>\n<p><b>Manos tan suaves como la arena, pero dif\u00edciles de sostener<\/b><\/p>\n<p>Tonight could be the last time, your heartbeat and mine are ever this close<\/p>\n<p><b>Esta noche podr\u00eda ser la \u00faltima vez que tu coraz\u00f3n y el m\u00edo est\u00e9n tan cerca<\/b><\/p>\n<p>But life can cut like a knife, that&#8217;s just how it goes<\/p>\n<p><b>Pero la vida puede cortar como un cuchillo, as\u00ed es como funciona<\/b><\/p>\n<p>But, till the day I die, I will dream of you<\/p>\n<p><b>Pero, hasta el d\u00eda en que muera, so\u00f1ar\u00e9 contigo<\/b><\/p>\n<p>In a million lives, you&#8217;re the one I&#8217;d choose<\/p>\n<p><b>En un mill\u00f3n de vidas, eres a quien elegir\u00eda<\/b><\/p>\n<p>I&#8217;ll love you till my last breath<\/p>\n<p><b>T<\/b><b>e amar\u00e9 hasta mi \u00faltimo aliento<\/b><\/p>\n<p>You&#8217;re gone, but<\/p>\n<p><b>Te has ido, pero<\/b><\/p>\n<p>Something in the Heavens tells me that we&#8217;ll be together again<\/p>\n<p><b>Algo en los cielos me dice que volveremos a estar juntos<\/b><\/p>\n<p>I&#8217;ll see you around the bend<\/p>\n<p><b>Te ver\u00e9 en la vuelta de la esquina<\/b><\/p>\n<p>You&#8217;re gone, but<\/p>\n<p><b>Te has ido, pero<\/b><\/p>\n<p>Something in the Heavens tells me that we&#8217;ll be together again<\/p>\n<p><b>Algo en los cielos me dice que volveremos a estar juntos<\/b><\/p>\n<p>Sounds of gathering clouds are all that I hear<\/p>\n<p><b>Los sonidos de las nubes acumul\u00e1ndose son todo lo que escucho<\/b><\/p>\n<p>Just days of permanent grey since you disappeared<\/p>\n<p><b>Solo hay d\u00edas de gris permanente desde que desapareciste<\/b><\/p>\n<p>But, till the day I die, I will dream of you<\/p>\n<p><b>Pero, hasta el d\u00eda en que muera, so\u00f1ar\u00e9 contigo<\/b><\/p>\n<p>In a million lives, you&#8217;re the one I&#8217;d choose<\/p>\n<p><b>En un mill\u00f3n de vidas, eres a quien elegir\u00eda<\/b><\/p>\n<p>I&#8217;ll love you till my last breath<\/p>\n<p><b>Te amar\u00e9 hasta mi \u00faltimo aliento<\/b><\/p>\n<p>You&#8217;re gone, but<\/p>\n<p><b>Te has ido, pero<\/b><\/p>\n<p>Something in the Heavens tells me that we&#8217;ll be together again<\/p>\n<p><b>Algo en los cielos me dice que volveremos a estar juntos<\/b><\/p>\n<p>I&#8217;ll see you around the bend<\/p>\n<p><b>Te ver\u00e9 en la vuelta de la esquina<\/b><\/p>\n<p>You&#8217;re gone, but<\/p>\n<p><b>Te has ido, pero<\/b><\/p>\n<p>Something in the Heavens tells me that we&#8217;ll be together again<\/p>\n<p><b>Algo en los cielos me dice que volveremos a estar juntos<\/b><\/p>\n<p>Together again<\/p>\n<p><b>Juntos otra vez<\/b><\/p>\n<p>Oh-ooh<\/p>\n<p>Something in the Heavens tells me that we&#8217;ll be together again<\/p>\n<p><b>Algo en los cielos me dice que volveremos a estar juntos<\/b><\/p>\n<p>Ooh-ooh-ooh<\/p>\n<p>Ooh-ooh-ooh-ooh<\/p>\n<p>Ooh-ooh-ooh<\/p>\n<p>Something in the Heavens tell me that we&#8217;ll be together again<\/p>\n<p><b>Algo en los cielos me dice que volveremos a estar juntos<\/b><\/p>\n","protected":false},"excerpt":{"rendered":"Tras contar su historia de superaci\u00f3n con Survive, Lewis Capaldi ha regresado a las novedades musicales con uno&hellip;\n","protected":false},"author":2,"featured_media":129212,"comment_status":"","ping_status":"","sticky":false,"template":"","format":"standard","meta":{"footnotes":""},"categories":[170],"tags":[146,147,25,24,184,185,23],"class_list":{"0":"post-129211","1":"post","2":"type-post","3":"status-publish","4":"format-standard","5":"has-post-thumbnail","7":"category-musica","8":"tag-entertainment","9":"tag-entretenimiento","10":"tag-es","11":"tag-espana","12":"tag-music","13":"tag-musica","14":"tag-spain"},"share_on_mastodon":{"url":"","error":""},"_links":{"self":[{"href":"https:\/\/www.europesays.com\/es\/wp-json\/wp\/v2\/posts\/129211","targetHints":{"allow":["GET"]}}],"collection":[{"href":"https:\/\/www.europesays.com\/es\/wp-json\/wp\/v2\/posts"}],"about":[{"href":"https:\/\/www.europesays.com\/es\/wp-json\/wp\/v2\/types\/post"}],"author":[{"embeddable":true,"href":"https:\/\/www.europesays.com\/es\/wp-json\/wp\/v2\/users\/2"}],"replies":[{"embeddable":true,"href":"https:\/\/www.europesays.com\/es\/wp-json\/wp\/v2\/comments?post=129211"}],"version-history":[{"count":0,"href":"https:\/\/www.europesays.com\/es\/wp-json\/wp\/v2\/posts\/129211\/revisions"}],"wp:featuredmedia":[{"embeddable":true,"href":"https:\/\/www.europesays.com\/es\/wp-json\/wp\/v2\/media\/129212"}],"wp:attachment":[{"href":"https:\/\/www.europesays.com\/es\/wp-json\/wp\/v2\/media?parent=129211"}],"wp:term":[{"taxonomy":"category","embeddable":true,"href":"https:\/\/www.europesays.com\/es\/wp-json\/wp\/v2\/categories?post=129211"},{"taxonomy":"post_tag","embeddable":true,"href":"https:\/\/www.europesays.com\/es\/wp-json\/wp\/v2\/tags?post=129211"}],"curies":[{"name":"wp","href":"https:\/\/api.w.org\/{rel}","templated":true}]}}