{"id":129215,"date":"2025-09-21T09:08:08","date_gmt":"2025-09-21T09:08:08","guid":{"rendered":"https:\/\/www.europesays.com\/es\/129215\/"},"modified":"2025-09-21T09:08:08","modified_gmt":"2025-09-21T09:08:08","slug":"doble-bronce-para-la-cantera-espanola-en-el-belgian-junior-2025","status":"publish","type":"post","link":"https:\/\/www.europesays.com\/es\/129215\/","title":{"rendered":"Doble bronce para la cantera espa\u00f1ola en el Belgian Junior 2025"},"content":{"rendered":"<p style=\"text-align: justify;\">El b\u00e1dminton espa\u00f1ol\u00a0ha cerrado\u00a0su participaci\u00f3n en el Belgian Junior 2025 este domingo, con un balance de dos medallas gracias a los bronces conseguidos por Mario Rodr\u00edguez en individual masculino y por el dobles masculino compuesto por\u00a0Xoel \u00c1lvarez y Adri\u00e1n Rodr\u00edguez.<\/p>\n<p style=\"text-align: justify;\">Rodr\u00edguez, deportista del Centro de Alto Rendimiento de Madrid, firm\u00f3 un torneo sobresaliente que le llev\u00f3 hasta las semifinales, donde se midi\u00f3 al taiwan\u00e9s Yung Neng Chuang, una de las grandes promesas del b\u00e1dminton mundial. El granadino plant\u00f3 cara en un primer set muy disputado, aunque acab\u00f3 cediendo por 18-21 y 12-21, qued\u00e1ndose a las puertas de la final. Con este resultado, se asegur\u00f3 un meritorio bronce que confirma su gran progresi\u00f3n en la categor\u00eda sub-19.<\/p>\n<p style=\"text-align: justify;\">El otro podio espa\u00f1ol lleg\u00f3 en el dobles masculino de la mano de Xoel \u00c1lvarez y Adri\u00e1n Rodr\u00edguez, terceros cabezas de serie, que se abrieron paso hasta las semifinales pero poco pudieron hacer ante los m\u00e1ximos favoritos, los franceses Timeo Bourgin y Orph\u00e9 Queton-Bouissou.<\/p>\n<p style=\"text-align: justify;\">M\u00e1s all\u00e1 de las medallas, tambi\u00e9n hay que destacar\u00a0la presencia espa\u00f1ola en los cuartos de final. La pareja mixta formada por Xoel \u00c1lvarez y Sara del Castillo se abri\u00f3 paso con peleadas victorias\u00a0antes de caer frente a los franceses Bourgin y Raffin.<\/p>\n<p style=\"text-align: justify;\">Esta competici\u00f3n ha servido como\u00a0piedra de toque para la joven delegaci\u00f3n espa\u00f1ola, que afronta un intenso calendario internacional. En el caso de Mario Rodr\u00edguez, su actuaci\u00f3n en Herstal es un aval de confianza de cara al pr\u00f3ximo Campeonato del Mundo Junior, que se disputar\u00e1 en octubre en Guwahati, Assam (India).<\/p>\n<p style=\"text-align: justify;\">Con dos medallas de bronce y varias plazas de cuartos de final, Espa\u00f1a cierra el Belgian Junior 2025 con buenas sensaciones y con la vista puesta en seguir creciendo en la \u00e9lite internacional del b\u00e1dminton juvenil.<\/p>\n","protected":false},"excerpt":{"rendered":"El b\u00e1dminton espa\u00f1ol\u00a0ha cerrado\u00a0su participaci\u00f3n en el Belgian Junior 2025 este domingo, con un balance de dos medallas&hellip;\n","protected":false},"author":2,"featured_media":129216,"comment_status":"","ping_status":"","sticky":false,"template":"","format":"standard","meta":{"footnotes":""},"categories":[93],"tags":[168,25,24,23,167],"class_list":{"0":"post-129215","1":"post","2":"type-post","3":"status-publish","4":"format-standard","5":"has-post-thumbnail","7":"category-deportes","8":"tag-deportes","9":"tag-es","10":"tag-espana","11":"tag-spain","12":"tag-sports"},"share_on_mastodon":{"url":"","error":""},"_links":{"self":[{"href":"https:\/\/www.europesays.com\/es\/wp-json\/wp\/v2\/posts\/129215","targetHints":{"allow":["GET"]}}],"collection":[{"href":"https:\/\/www.europesays.com\/es\/wp-json\/wp\/v2\/posts"}],"about":[{"href":"https:\/\/www.europesays.com\/es\/wp-json\/wp\/v2\/types\/post"}],"author":[{"embeddable":true,"href":"https:\/\/www.europesays.com\/es\/wp-json\/wp\/v2\/users\/2"}],"replies":[{"embeddable":true,"href":"https:\/\/www.europesays.com\/es\/wp-json\/wp\/v2\/comments?post=129215"}],"version-history":[{"count":0,"href":"https:\/\/www.europesays.com\/es\/wp-json\/wp\/v2\/posts\/129215\/revisions"}],"wp:featuredmedia":[{"embeddable":true,"href":"https:\/\/www.europesays.com\/es\/wp-json\/wp\/v2\/media\/129216"}],"wp:attachment":[{"href":"https:\/\/www.europesays.com\/es\/wp-json\/wp\/v2\/media?parent=129215"}],"wp:term":[{"taxonomy":"category","embeddable":true,"href":"https:\/\/www.europesays.com\/es\/wp-json\/wp\/v2\/categories?post=129215"},{"taxonomy":"post_tag","embeddable":true,"href":"https:\/\/www.europesays.com\/es\/wp-json\/wp\/v2\/tags?post=129215"}],"curies":[{"name":"wp","href":"https:\/\/api.w.org\/{rel}","templated":true}]}}