{"id":129217,"date":"2025-09-21T09:09:08","date_gmt":"2025-09-21T09:09:08","guid":{"rendered":"https:\/\/www.europesays.com\/es\/129217\/"},"modified":"2025-09-21T09:09:08","modified_gmt":"2025-09-21T09:09:08","slug":"la-mejor-pastilla-para-dormir-es-leer-porque-reduce-el-estres-en-un-68","status":"publish","type":"post","link":"https:\/\/www.europesays.com\/es\/129217\/","title":{"rendered":"La mejor pastilla para dormir es leer porque reduce el estr\u00e9s en un 68%"},"content":{"rendered":"<p data-gtm-element-container=\"modulo-texto-link\" class=\"paragraph\">El insomnio o los trastornos del sue\u00f1o son muy comunes en la sociedad actual. Vivir en un pa\u00eds occidental hace desarrollar h\u00e1bitos que pueden ser perjudiciales para tener un correcto sue\u00f1o reparador, como <strong>estar frente al m\u00f3vil hasta escasos minutos antes de dormir <\/strong>o proceder a pernoctar con un alto nivel de estr\u00e9s o incluso justo despu\u00e9s de ingerir una cena copiosa.<\/p>\n<p data-gtm-element-container=\"modulo-texto-link\" class=\"paragraph\">Seg\u00fan la <a href=\"https:\/\/ses.org.es\/\" rel=\"nofollow noreferrer noopener\" target=\"_blank\"><strong>Sociedad Espa\u00f1ola del Sue\u00f1o<\/strong><\/a>, son m\u00e1s de cuatro millones de espa\u00f1oles los que sufren alg\u00fan trastorno grave del sue\u00f1o e incluso la mitad de adultos de todo el pa\u00eds no logran dormir bien de forma recurrente. Por ello, es conveniente escuchar a referentes de la medicina para tratar de encontrar algunos trucos que ayuden a mejorar la calidad del sue\u00f1o.\u00a0<\/p>\n<p>                <img loading=\"lazy\" decoding=\"async\" data-full-src=\"https:\/\/www.mundodeportivo.com\/uploads\/2025\/09\/10\/68c1baef1aec8.jpeg\" alt=\"Uno de cada tres adultos espa\u00f1oles se despierta con la sensaci\u00f3n de no&#13;&#10;haber tenido un sue\u00f1o reparador, seg\u00fan el \u00faltimo informe de la SEN\" width=\"449\" height=\"299\" src=\"https:\/\/www.europesays.com\/es\/wp-content\/uploads\/2025\/09\/68c1baef1aec8.jpeg\" class=\"lazy\"\/><\/p>\n<p class=\"caption-title \">Uno de cada tres adultos espa\u00f1oles se despierta con la sensaci\u00f3n de no&#13;<br \/>\nhaber tenido un sue\u00f1o reparador, seg\u00fan el \u00faltimo informe de la SEN<\/p>\n<p>                    Pexels<\/p>\n<p data-gtm-element-container=\"modulo-texto-link\" class=\"paragraph\"><a href=\"https:\/\/www.instagram.com\/doctorrojass\/\" rel=\"nofollow noreferrer noopener\" target=\"_blank\"><strong>Aurelio Rojas<\/strong><\/a> es un famoso cardi\u00f3logo que acostumbra a compartir\u00a0 consejos de bienestar con sus seguidores. En uno de estos \u00faltimos, habl\u00f3 de \u00abla mejor pastilla para dormir&#8230; leer\u00bb.<\/p>\n<p data-gtm-element-container=\"modulo-texto-link\" class=\"paragraph\">\u00abLas personas que leen antes de irse a dormir reducen en un 68% su estr\u00e9s, lo que es muy sorprendente porque es mucho m\u00e1s efectivo que hacer ejercicio o escuchar cualquier canci\u00f3n\u00bb, coment\u00f3 el especialista. Rojas saca esta conclusi\u00f3n de un estudio de la <strong>Universidad de Sussex<\/strong> que confirma lo que dice, as\u00ed que es mucho m\u00e1s recomendable leer un libro a papel que llevar a cabo cualquier otra actividad.<\/p>\n<p data-gtm-element-container=\"modulo-texto-link\" class=\"paragraph\">Es importante recalcar que<strong> la lectura debe ser a papel,<\/strong> no a trav\u00e9s de una pantalla. La luz que desprenden las pantallas activan m\u00e1s nuestro cerebro y perjudica el proceso normal de descanso, as\u00ed que lo conveniente es utilizar un libro, sin importar la longitud o la tem\u00e1tica porque lo que interesa es el acto de leer sobre cualquier \u00e1mbito.<\/p>\n<blockquote class=\"instagram-media\" data-instgrm-captioned=\"\" data-instgrm-version=\"6\" style=\"background: #FFF; border: 0; border-radius: 3px; box-shadow: 0 0 1px 0 rgba(0,&#10;0, 0, 0.5), 0 1px 10px 0 rgba(0, 0, 0, 0.15); margin: 1px; max-width: 658px; padding: 0;&#10;width: 99.375%; width: -webkit-calc(100% - 2px); width: calc(100% - 2px);\">\n<\/blockquote>\n<p data-gtm-element-container=\"modulo-texto-link\" class=\"paragraph\">El cardi\u00f3logo termin\u00f3 explicando cu\u00e1l es el tiempo medio que se lee antes de que las personas se queden dormidas: \u00abLo m\u00e1s sorprendente es el tiempo, pues solo seis minutos de lectura antes de dormir pueden hacer magia en tu mente. Muchas personas dicen que se quedan dormidas muy r\u00e1pidamente en tan solo un par de p\u00e1ginas y esto es precisamente lo que dice el estudio.<strong> En seis minutos tu cuerpo entra en un proceso de descanso profundo\u00bb.<\/strong><\/p>\n<p>    Lee tambi\u00e9n<\/p>\n<p data-gtm-element-container=\"modulo-texto-link\" class=\"paragraph\">Es necesario estar algo cansado para conseguir descansar bien cada noche, y eso no se consigue con una vida basada en el sedentarismo. <strong>Hacer ejercicio durante al menos 30 minutos al d\u00eda<\/strong> puede prevenir trastornos del sue\u00f1o, as\u00ed como la obesidad u otras enfermedades como las cardiovasculares.\u00a0<\/p>\n<p><script async src=\"\/\/www.instagram.com\/embed.js\"><\/script><\/p>\n","protected":false},"excerpt":{"rendered":"El insomnio o los trastornos del sue\u00f1o son muy comunes en la sociedad actual. Vivir en un pa\u00eds&hellip;\n","protected":false},"author":2,"featured_media":129218,"comment_status":"","ping_status":"","sticky":false,"template":"","format":"standard","meta":{"footnotes":""},"categories":[92],"tags":[25,24,165,166,23],"class_list":{"0":"post-129217","1":"post","2":"type-post","3":"status-publish","4":"format-standard","5":"has-post-thumbnail","7":"category-salud","8":"tag-es","9":"tag-espana","10":"tag-health","11":"tag-salud","12":"tag-spain"},"share_on_mastodon":{"url":"","error":""},"_links":{"self":[{"href":"https:\/\/www.europesays.com\/es\/wp-json\/wp\/v2\/posts\/129217","targetHints":{"allow":["GET"]}}],"collection":[{"href":"https:\/\/www.europesays.com\/es\/wp-json\/wp\/v2\/posts"}],"about":[{"href":"https:\/\/www.europesays.com\/es\/wp-json\/wp\/v2\/types\/post"}],"author":[{"embeddable":true,"href":"https:\/\/www.europesays.com\/es\/wp-json\/wp\/v2\/users\/2"}],"replies":[{"embeddable":true,"href":"https:\/\/www.europesays.com\/es\/wp-json\/wp\/v2\/comments?post=129217"}],"version-history":[{"count":0,"href":"https:\/\/www.europesays.com\/es\/wp-json\/wp\/v2\/posts\/129217\/revisions"}],"wp:featuredmedia":[{"embeddable":true,"href":"https:\/\/www.europesays.com\/es\/wp-json\/wp\/v2\/media\/129218"}],"wp:attachment":[{"href":"https:\/\/www.europesays.com\/es\/wp-json\/wp\/v2\/media?parent=129217"}],"wp:term":[{"taxonomy":"category","embeddable":true,"href":"https:\/\/www.europesays.com\/es\/wp-json\/wp\/v2\/categories?post=129217"},{"taxonomy":"post_tag","embeddable":true,"href":"https:\/\/www.europesays.com\/es\/wp-json\/wp\/v2\/tags?post=129217"}],"curies":[{"name":"wp","href":"https:\/\/api.w.org\/{rel}","templated":true}]}}