{"id":129219,"date":"2025-09-21T09:10:09","date_gmt":"2025-09-21T09:10:09","guid":{"rendered":"https:\/\/www.europesays.com\/es\/129219\/"},"modified":"2025-09-21T09:10:09","modified_gmt":"2025-09-21T09:10:09","slug":"rusia-recibe-un-doble-plante-de-los-artistas-estadounidenses-en-su-version-antilgtbi-de-eurovision-cultura","status":"publish","type":"post","link":"https:\/\/www.europesays.com\/es\/129219\/","title":{"rendered":"Rusia recibe un doble plante de los artistas estadounidenses en su versi\u00f3n antiLGTBI de Eurovisi\u00f3n | Cultura"},"content":{"rendered":"<p class=\"\">El Kremlin hab\u00eda prometido lanzar una nueva alternativa a <a href=\"https:\/\/elpais.com\/noticias\/festival-eurovision\/\" target=\"_blank\" rel=\"noreferrer nofollow noopener\" title=\"https:\/\/elpais.com\/noticias\/festival-eurovision\/\">Eurovisi\u00f3n<\/a>, un evento internacional que competir\u00eda con el veterano festival de la m\u00fasica tras <a href=\"https:\/\/elpais.com\/television\/2022-02-25\/eurovision-no-permitira-la-participacion-de-rusia-tras-la-crisis-sin-precedentes-en-ucrania.html\" target=\"_blank\" rel=\"noreferrer nofollow noopener\" title=\"https:\/\/elpais.com\/television\/2022-02-25\/eurovision-no-permitira-la-participacion-de-rusia-tras-la-crisis-sin-precedentes-en-ucrania.html\">la suspensi\u00f3n de Rusia<\/a> por su invasi\u00f3n de Ucrania en 2022. Intervisi\u00f3n arrancaba con una enorme proyecci\u00f3n virtual de un vaquero que presentaba a la artista estadounidense, un golpe propagand\u00edstico contra Occidente en plena guerra. Pero el pinchazo fue estratosf\u00e9rico. Los norteamericanos plantaron dos veces a Rusia y los espectadores se encontraron con un show previsible que en muchos momentos era un clon de sus canales de propaganda. Nada raro, su organizaci\u00f3n no corr\u00eda a cargo de nadie del mundo de la televisi\u00f3n, sino de la poderosa <a href=\"https:\/\/elpais.com\/internacional\/2025-09-18\/dimite-un-alto-cargo-del-kremlin-critico-con-la-invasion-de-ucrania.html?outputType=amp\" target=\"_blank\" rel=\"noreferrer nofollow noopener\" title=\"https:\/\/elpais.com\/internacional\/2025-09-18\/dimite-un-alto-cargo-del-kremlin-critico-con-la-invasion-de-ucrania.html?outputType=amp\">Administraci\u00f3n Presidencial<\/a> de Vlad\u00edmir Putin.<\/p>\n<p class=\"\">En el evento participaban 23 artistas invitados por el Kremlin, la mayor\u00eda de naciones amigas como las rep\u00fablicas de Asia Central, China, Serbia, Venezuela, Cuba, Brasil e India, entre otras. Mosc\u00fa no facilit\u00f3 el criterio para la elecci\u00f3n de los artistas.<\/p>\n<p class=\"\">\u201cPor razones ajenas a los organizadores y a la delegaci\u00f3n estadounidense, y debido a una presi\u00f3n pol\u00edtica sin precedentes del Gobierno australiano, la cantante Vassy [ciudadana estadounidense y australiana] no podr\u00e1 actuar en la final del concurso\u201d, dec\u00eda el mensaje que los organizadores publicaron con el concurso ya en marcha.<\/p>\n<p class=\"\">El cantante Brandon Howard hab\u00eda sido invitado en un primer momento para representar a Estados Unidos, pero el artista se retir\u00f3 \u201cpor motivos familiares\u201d tres d\u00edas antes de celebrarse el evento y fue reemplazado a \u00faltima hora por la cantante australiana Vassy. <\/p>\n<p><img decoding=\"auto\" class=\"_re lazyload a_m-h\" height=\"276\"  width=\"414\"  src=\"https:\/\/www.europesays.com\/es\/wp-content\/uploads\/2025\/09\/7IFXQHZQP5N3PEE6ZSCDW5J67U.jpg\" loading=\"lazy\"\/>Los participantes en el concurso ruso.Alexander Zemlianichenko (AP)<\/p>\n<p class=\"\">El esc\u00e1ndalo no acab\u00f3 aqu\u00ed. Rusia ha declarado lo que denomina \u201cel movimiento internacional LGBT\u201d como una \u201c<a href=\"https:\/\/elpais.com\/internacional\/2023-11-30\/el-supremo-ruso-avala-prohibir-el-movimiento-lgtbi-por-extremista.html\" target=\"_blank\" rel=\"noreferrer nofollow noopener\" title=\"https:\/\/elpais.com\/internacional\/2023-11-30\/el-supremo-ruso-avala-prohibir-el-movimiento-lgtbi-por-extremista.html\">organizaci\u00f3n extremista<\/a>\u201d, por lo que es punible con la c\u00e1rcel cualquier manifestaci\u00f3n p\u00fablica homosexual. Tras la nominaci\u00f3n de Vassy, los medios rusos descubrieron que alguien hab\u00eda borrado de la Wikipedia que la artista fue embajadora de la Campa\u00f1a NOH8, una ONG dedicada a promover el derecho al matrimonio LGBTQ+.<\/p>\n<p class=\"\">Y a estas bajas se sum\u00f3 tambi\u00e9n la del productor estadounidense Araz Mamet, que tambi\u00e9n se borr\u00f3 misteriosamente como miembro del jurado al mismo tiempo que su colaborador Brandon Howard. Su sustituto fue el exvocalista de Deep Purple Joe Lynn Turner.<\/p>\n<p>Un programa dise\u00f1ado desde el Kremlin<\/p>\n<p class=\"\">Intervisi\u00f3n era un producto excesivamente ruso y esto mismo pod\u00eda lastrar su proyecci\u00f3n internacional frente a Eurovisi\u00f3n. En una supuesta improvisaci\u00f3n que pareci\u00f3 totalmente preparada por los organizadores, el cantante ruso, Yaroslav Dr\u00f3nov, conocido como Sham\u00e1n, se apart\u00f3 de la votaci\u00f3n. La cantante vietnamita Duc Phuc gan\u00f3 concurso.<\/p>\n<p class=\"\">\u201cLes pido a los estimados miembros del jurado que no califiquen mi actuaci\u00f3n de hoy. Represento a Rusia, y Rusia ya ha ganado al tenerlos a todos aqu\u00ed con nosotros\u201d, proclam\u00f3 Sham\u00e1n al acabar su canci\u00f3n. Despu\u00e9s pronunciar\u00eda su grito de guerra habitual: \u201c\u00a1Yo soy ruso!\u00bb<\/p>\n<p class=\"\">Era tan evidente que detr\u00e1s del programa estaba la Administraci\u00f3n Presidencial de Putin, que el primer invitado en ser entrevistado fue el ministro de Exteriores, Sergu\u00e9i Lavrov, para dar un discurso sobre los BRICS.<\/p>\n<p class=\"\">Vlad\u00edmir Putin abri\u00f3 antes el festival con un v\u00eddeo grabado. Con gesto serio, el mandatario habl\u00f3 de que \u201clas naciones tienen derecho a preservar su identidad y a desarrollarse libremente\u201d mientras su intento de someter definitivamente a Ucrania se prolonga ya m\u00e1s de tres a\u00f1os y medio. \u201cEl respeto por los valores tradicionales es la idea fundamental del concurso\u201d, agreg\u00f3 el mandatario de un pa\u00eds en el que <a href=\"https:\/\/elpais.com\/internacional\/2025-09-01\/buscar-en-internet-navalni-lgtb-o-greenpeace-sera-delito-en-rusia.html\" target=\"_blank\" rel=\"noreferrer nofollow noopener\" title=\"https:\/\/elpais.com\/internacional\/2025-09-01\/buscar-en-internet-navalni-lgtb-o-greenpeace-sera-delito-en-rusia.html\">est\u00e1 prohibido<\/a> apoyar en p\u00fablico a los homosexuales.<\/p>\n<p class=\"\">El Kremlin no dej\u00f3 ning\u00fan detalle al azar durante la retransmisi\u00f3n. \u201c\u00a1Rusia! \u00a1Rusia! \u00a1Rusia!\u201d, coreaba el p\u00fablico al un\u00edsono al arrancar el concurso. En las gradas las \u00fanicas banderas visibles eran rusas o del banco BTV, y <a href=\"https:\/\/elpais.com\/television\/2021-04-11\/manizha-la-cantante-que-incita-al-odio-con-su-cancion-para-eurovision-tengo-un-mensaje-y-lo-llevare-hasta-el-final.html\" target=\"_blank\" rel=\"noreferrer nofollow noopener\" title=\"https:\/\/elpais.com\/television\/2021-04-11\/manizha-la-cantante-que-incita-al-odio-con-su-cancion-para-eurovision-tengo-un-mensaje-y-lo-llevare-hasta-el-final.html\">ning\u00fan atisbo homosexual<\/a> asomaba a pantalla. <\/p>\n<p><img decoding=\"auto\" class=\"_re lazyload a_m-h\" height=\"276\"  width=\"414\"  src=\"https:\/\/www.europesays.com\/es\/wp-content\/uploads\/2025\/09\/QKKTGNRZRRMV7CIIJVP7OYRGMI.jpg\" loading=\"lazy\"\/>El vietnamita Duc Phuc, ganador del evento.Alexander Zemlianichenko (AP)<\/p>\n<p class=\"\">\u201cSoy ruso, mi sangre es de mi padre\/ Soy ruso y tengo suerte \/ Soy ruso para molestia de todo el mundo\u201d, cantaban unas j\u00f3venes rubia con la bandera rusa pintada en brazos y ropa en la principal televisi\u00f3n de la propaganda, Pervy Kanal. <\/p>\n<p class=\"\">Estos versos pertenecen a una canci\u00f3n de Sham\u00e1n. Un artista elevado al cielo por la Administraci\u00f3n Presidencial de Putin y que al principio de la guerra fue criticado por grabar un videoclip en la Plaza Roja vistiendo una est\u00e9tica peligrosamente parecida a los atuendos del Tercer Reich.<\/p>\n<p class=\"\">Esta misma semana, <a href=\"https:\/\/elpais.com\/elpais\/2017\/04\/14\/gente\/1492176434_300213.html\" target=\"_self\" rel=\"nofollow noopener\" title=\"https:\/\/elpais.com\/elpais\/2017\/04\/14\/gente\/1492176434_300213.html\">la reina del pop ruso Alla Pugacheva<\/a>, hoy en el exilio por sus cr\u00edticas a la guerra, mostr\u00f3 su tristeza por el giro dado por Sham\u00e1n. \u201cMe duele ver esto, pero el dinero triunf\u00f3 sobre la bondad. El hombre consigui\u00f3 lo que quer\u00eda. Es un hombre talentoso, pero no pens\u00e9 que fuera tan pragm\u00e1tico\u201d, lamentaba la cantante en una entrevista.<\/p>\n<p class=\"\">Intervisi\u00f3n 2025 es un proyecto propagand\u00edstico exclusivo del Kremlin aunque explote el nombre del festival de la canci\u00f3n que organizaron varios pa\u00edses del bloque oriental entre 1977 y 1980.<\/p>\n<p class=\"\">Mientras Eurovisi\u00f3n es organizado por la Uni\u00f3n Europea de Radiodifusi\u00f3n, integrada por 154 organizaciones de 56 pa\u00edses miembros y 20 asociados, Intervisi\u00f3n 2025 es un festival hecho a su medida por el r\u00e9gimen ruso: el consejo de supervisi\u00f3n est\u00e1 presidido por un poderoso cardenal en la sombra de Putin, el primer subjefe de Administraci\u00f3n Presidencial, Sergu\u00e9i Kiriyenko, y que el consejo organizador lo dirige el viceprimer ministro Dmitri Chernyshenko.<\/p>\n<p class=\"\">La previa del acto fue presentada esta semana por el ministro de Exteriores ruso. En la previa enfatiz\u00f3 que Intervisi\u00f3n 2025 se diferenciar\u00eda de Eurovisi\u00f3n en su supuesta universalidad y su defensa de lo que Mosc\u00fa considera \u201cvalores tradicionales\u201d, aunque Rusia no ha invitado a este evento, quiz\u00e1s por recato, a sus nuevos protegidos: los talibanes.<\/p>\n<p class=\"\">\u201cNo cuestionamos el derecho del jurado y de los espectadores de Eurovisi\u00f3n a votar por un hombre con barba, vestido de mujer y con algunas modificaciones corporales probablemente, pero el enfoque de Intervisi\u00f3n es preservar las tradiciones culturales, espirituales y morales\u201d, declar\u00f3 Lavrov en alusi\u00f3n a la Drag Queen <a href=\"https:\/\/elpais.com\/noticias\/conchita-wurst\/\" target=\"_blank\" rel=\"noreferrer nofollow noopener\" title=\"https:\/\/elpais.com\/noticias\/conchita-wurst\/\">Conchita Wurst<\/a>, ganadora del concurso europeo en mayo de 2014, justo cuando Rusia invad\u00eda Crimea y prend\u00eda fuego al este de Ucrania con sus paramilitares.<\/p>\n","protected":false},"excerpt":{"rendered":"El Kremlin hab\u00eda prometido lanzar una nueva alternativa a Eurovisi\u00f3n, un evento internacional que competir\u00eda con el veterano&hellip;\n","protected":false},"author":2,"featured_media":129220,"comment_status":"","ping_status":"","sticky":false,"template":"","format":"standard","meta":{"footnotes":""},"categories":[91],"tags":[209,146,147,25,24,23],"class_list":{"0":"post-129219","1":"post","2":"type-post","3":"status-publish","4":"format-standard","5":"has-post-thumbnail","7":"category-entretenimiento","8":"tag-cultura","9":"tag-entertainment","10":"tag-entretenimiento","11":"tag-es","12":"tag-espana","13":"tag-spain"},"share_on_mastodon":{"url":"","error":""},"_links":{"self":[{"href":"https:\/\/www.europesays.com\/es\/wp-json\/wp\/v2\/posts\/129219","targetHints":{"allow":["GET"]}}],"collection":[{"href":"https:\/\/www.europesays.com\/es\/wp-json\/wp\/v2\/posts"}],"about":[{"href":"https:\/\/www.europesays.com\/es\/wp-json\/wp\/v2\/types\/post"}],"author":[{"embeddable":true,"href":"https:\/\/www.europesays.com\/es\/wp-json\/wp\/v2\/users\/2"}],"replies":[{"embeddable":true,"href":"https:\/\/www.europesays.com\/es\/wp-json\/wp\/v2\/comments?post=129219"}],"version-history":[{"count":0,"href":"https:\/\/www.europesays.com\/es\/wp-json\/wp\/v2\/posts\/129219\/revisions"}],"wp:featuredmedia":[{"embeddable":true,"href":"https:\/\/www.europesays.com\/es\/wp-json\/wp\/v2\/media\/129220"}],"wp:attachment":[{"href":"https:\/\/www.europesays.com\/es\/wp-json\/wp\/v2\/media?parent=129219"}],"wp:term":[{"taxonomy":"category","embeddable":true,"href":"https:\/\/www.europesays.com\/es\/wp-json\/wp\/v2\/categories?post=129219"},{"taxonomy":"post_tag","embeddable":true,"href":"https:\/\/www.europesays.com\/es\/wp-json\/wp\/v2\/tags?post=129219"}],"curies":[{"name":"wp","href":"https:\/\/api.w.org\/{rel}","templated":true}]}}