{"id":129225,"date":"2025-09-21T09:13:09","date_gmt":"2025-09-21T09:13:09","guid":{"rendered":"https:\/\/www.europesays.com\/es\/129225\/"},"modified":"2025-09-21T09:13:09","modified_gmt":"2025-09-21T09:13:09","slug":"al-menos-un-muerto-y-varios-heridos-en-un-tiroteo-durante-un-evento-en-un-club-de-campo-de-new-hampshire","status":"publish","type":"post","link":"https:\/\/www.europesays.com\/es\/129225\/","title":{"rendered":"Al menos un muerto y varios heridos en un tiroteo durante un evento en un club de campo de New Hampshire"},"content":{"rendered":"\n<p> Las autoridades del estado estadounidense de New Hampshire han informado que <strong>una persona ha perdido la vida <\/strong>y varias m\u00e1s han resultado heridas este s\u00e1bado por la noche tras un <a href=\"https:\/\/www.elconfidencial.com\/mundo\/2025-09-10\/quien-charlie-kirk-activista-aliado-trump-1qrt_4206548\/\" target=\"_self\" rel=\"nofollow noopener\">tiroteo<\/a> ocurrido en el club de campo Sky Meadow Country Club, en Nashua, y por el que se ha detenido a una persona, \u00abdescartando que exista una amenaza activa para la comunidad\u00bb. <\/p>\n<p> \u00abEl Departamento de Polic\u00eda de Nashua investiga actualmente un incidente en el Sky Meadow Country Club con<strong> m\u00faltiples v\u00edctimas de disparos<\/strong>. Dos sospechosos armados huyeron de la zona. <a href=\"https:\/\/www.elconfidencial.com\/mundo\/2025-03-22\/muertos-heridos-tiroteo-eeuu-parque-nuevo-mexico-1tna_4092109\/\" target=\"_self\" rel=\"nofollow noopener\">Un sospechoso<\/a> ha sido detenido y el otro sigue pr\u00f3fugo. Se anima a cualquier persona que tenga informaci\u00f3n a contactar al Departamento de Polic\u00eda de Nashua\u00bb, ha informado la propia Polic\u00eda en una publicaci\u00f3n en la red social X. <\/p>\n<p> El tiroteo ha tenido lugar durante la celebraci\u00f3n de <strong>un evento social<\/strong> en las instalaciones del citado club, donde se reun\u00eda un gran n\u00famero de personas. Algunos de los all\u00ed presentes, seg\u00fan ha declarado el fiscal general adjunto del estado, <strong>Peter Hinckley<\/strong>, han sufrido heridas por arma de fuego, mientras que otros han resultado lesionadas en medio del caos provocado por el ataque. <\/p>\n<p> Sin embargo, a\u00fan <strong>no ha trascendido el balance total de heridos<\/strong>, y tampoco se conoce por ahora la motivaci\u00f3n del delito o si exist\u00eda alg\u00fan tipo de v\u00ednculo entre los perpetradores y las v\u00edctimas y el lugar de los hechos. <\/p>\n<p>              <img decoding=\"async\" class=\"inTextNews__img\" alt=\"Foto: tiroteo-nueva-york-muertos-policia-herido-eeuu\" src=\"https:\/\/www.europesays.com\/es\/wp-content\/uploads\/2025\/09\/f.elconfidencial.com\/original\/92f\/b77\/240\/92fb77240ae7470e29d4b1a235e9aa0c.jpg\"  \/>     <\/p>\n<p>TE PUEDE INTERESAR<\/p>\n<p>      <a class=\"inTextNews__title\" href=\"https:\/\/www.elconfidencial.com\/mundo\/2025-07-29\/tiroteo-nueva-york-muertos-policia-herido-eeuu_4181933\/\" onclick=\"window.ECCO.emit(&#039;amplitude&#039;, { dataEventName: &#039;click_related_article_module&#039;, data: { related_article_url: &#039;https:\/\/www.elconfidencial.com\/mundo\/2025-07-29\/tiroteo-nueva-york-muertos-policia-herido-eeuu_4181933\/&#039;, related_article_author: &#039;Adriana L\u00f3pez&#039;, related_article_section: &#039;mundo&#039; } })\" rel=\"nofollow noopener\" target=\"_blank\"> Un tiroteo en un rascacielos de Nueva York deja cinco muertos, entre ellos el atacante <\/a>   <\/p>\n<p>    Europa Press   <\/p>\n<p> Si bien, no se ha producido ninguna detenci\u00f3n formal hasta el momento, <a href=\"https:\/\/www.elconfidencial.com\/mundo\/2024-12-16\/policia-eeuu-tiroteo-colegio-wisconsin_4025151\/\" target=\"_self\" rel=\"nofollow noopener\">las autoridades locales<\/a> han confirmado que \u00abuna <strong>persona de inter\u00e9s <\/strong>ha sido puesta bajo custodia para ser interrogada\u00bb. Hinckley ha asegurado que, tras revisar las grabaciones de las c\u00e1maras de vigilancia del lugar, se ha podido identificar al presunto tirador, y se ha descartado que haya un segundo sospechoso, como inicialmente se hab\u00eda considerado. <\/p>\n<p> El alcalde de Nashua, <strong>Jim Donchess<\/strong>, ha lamentado profundamente lo ocurrido y ha calificado el incidente como una tragedia. \u00abUna sola p\u00e9rdida de vida ya es demasiado\u00bb, ha expresado, manifestando su compromiso de que los responsables rindan cuentas ante la justicia. <\/p>\n<p> La ciudad de Nashua se encuentra en la frontera sur de New Hampshire, a unos 45 minutos de la ciudad de <strong>Boston<\/strong>. <\/p>\n<p> Las autoridades del estado estadounidense de New Hampshire han informado que <strong>una persona ha perdido la vida <\/strong>y varias m\u00e1s han resultado heridas este s\u00e1bado por la noche tras un <a href=\"https:\/\/www.elconfidencial.com\/mundo\/2025-09-10\/quien-charlie-kirk-activista-aliado-trump-1qrt_4206548\/\" target=\"_self\" rel=\"nofollow noopener\">tiroteo<\/a> ocurrido en el club de campo Sky Meadow Country Club, en Nashua, y por el que se ha detenido a una persona, \u00abdescartando que exista una amenaza activa para la comunidad\u00bb. <\/p>\n","protected":false},"excerpt":{"rendered":"Las autoridades del estado estadounidense de New Hampshire han informado que una persona ha perdido la vida y&hellip;\n","protected":false},"author":2,"featured_media":129226,"comment_status":"","ping_status":"","sticky":false,"template":"","format":"standard","meta":{"footnotes":""},"categories":[42],"tags":[17,18,13,14,11,61,62,63,64,19,20,9,10,15,16,12,21,22,65,66,67],"class_list":{"0":"post-129225","1":"post","2":"type-post","3":"status-publish","4":"format-standard","5":"has-post-thumbnail","7":"category-internacional","8":"tag-breaking-news","9":"tag-breakingnews","10":"tag-featured-news","11":"tag-featurednews","12":"tag-headlines","13":"tag-internacional","14":"tag-international","15":"tag-international-news","16":"tag-internationalnews","17":"tag-latest-news","18":"tag-latestnews","19":"tag-news","20":"tag-noticias","21":"tag-noticias-destacadas","22":"tag-noticiasdestacadas","23":"tag-titulares","24":"tag-ultimas-noticias","25":"tag-ultimasnoticias","26":"tag-world","27":"tag-world-news","28":"tag-worldnews"},"share_on_mastodon":{"url":"","error":""},"_links":{"self":[{"href":"https:\/\/www.europesays.com\/es\/wp-json\/wp\/v2\/posts\/129225","targetHints":{"allow":["GET"]}}],"collection":[{"href":"https:\/\/www.europesays.com\/es\/wp-json\/wp\/v2\/posts"}],"about":[{"href":"https:\/\/www.europesays.com\/es\/wp-json\/wp\/v2\/types\/post"}],"author":[{"embeddable":true,"href":"https:\/\/www.europesays.com\/es\/wp-json\/wp\/v2\/users\/2"}],"replies":[{"embeddable":true,"href":"https:\/\/www.europesays.com\/es\/wp-json\/wp\/v2\/comments?post=129225"}],"version-history":[{"count":0,"href":"https:\/\/www.europesays.com\/es\/wp-json\/wp\/v2\/posts\/129225\/revisions"}],"wp:featuredmedia":[{"embeddable":true,"href":"https:\/\/www.europesays.com\/es\/wp-json\/wp\/v2\/media\/129226"}],"wp:attachment":[{"href":"https:\/\/www.europesays.com\/es\/wp-json\/wp\/v2\/media?parent=129225"}],"wp:term":[{"taxonomy":"category","embeddable":true,"href":"https:\/\/www.europesays.com\/es\/wp-json\/wp\/v2\/categories?post=129225"},{"taxonomy":"post_tag","embeddable":true,"href":"https:\/\/www.europesays.com\/es\/wp-json\/wp\/v2\/tags?post=129225"}],"curies":[{"name":"wp","href":"https:\/\/api.w.org\/{rel}","templated":true}]}}