{"id":129246,"date":"2025-09-21T09:27:41","date_gmt":"2025-09-21T09:27:41","guid":{"rendered":"https:\/\/www.europesays.com\/es\/129246\/"},"modified":"2025-09-21T09:27:41","modified_gmt":"2025-09-21T09:27:41","slug":"aguirre-desembarca-en-valencia-con-su-libro","status":"publish","type":"post","link":"https:\/\/www.europesays.com\/es\/129246\/","title":{"rendered":"Aguirre desembarca en Val\u00e8ncia con su libro"},"content":{"rendered":"<p class=\"ft-text ft-helper-closenews\">\u00abPor qu\u00e9 lo que funciona es el liberalismo\u00bb. Es la tesis que defender\u00e1 el pr\u00f3ximo mi\u00e9rcoles 1 de octubre a las 19 horas la entre otros cargos expresidenta de la Comunidad de Madrid, <strong>Esperanza Aguirre, <\/strong>en Val\u00e8ncia como parte de la gira de presentaci\u00f3n de su libro. As\u00ed reza el antet\u00edtulo de su obra, &#8216;Una liberal en pol\u00edtica&#8217;, sobre el que hablar\u00e1 en el Palacio Colomina de la Universidad CEU.<\/p>\n<p class=\"ft-text\">Seg\u00fan el cartel del acto difundido en redes sociales, a quien dirigiera la Comunidad de Madrid entre 2003 y 2012 se le anuncia como &#8216;autora del libro y pol\u00edtica&#8217; y estar\u00e1 acompa\u00f1ada por <strong>Vicente Navarro de Luj\u00e1n, <\/strong>rector honorario de la Universidad CEU Cardenal Herrera. Falta ver si alguien del PPCV acude a escucharla y a darle o no la raz\u00f3n en su tesis sobre el liberalismo.<\/p>\n<p data-close=\"closedContent\" class=\"subscribeHideForDisplay\">Suscr\u00edbete para seguir leyendo<\/p>\n","protected":false},"excerpt":{"rendered":"\u00abPor qu\u00e9 lo que funciona es el liberalismo\u00bb. Es la tesis que defender\u00e1 el pr\u00f3ximo mi\u00e9rcoles 1 de&hellip;\n","protected":false},"author":2,"featured_media":129247,"comment_status":"","ping_status":"","sticky":false,"template":"","format":"standard","meta":{"footnotes":""},"categories":[172],"tags":[10163,224,41588,146,147,25,24,1496,225,23,25138,235],"class_list":["post-129246","post","type-post","status-publish","format-standard","has-post-thumbnail","category-libros","tag-aguirre","tag-books","tag-desembarca","tag-entertainment","tag-entretenimiento","tag-es","tag-espana","tag-libro","tag-libros","tag-spain","tag-vaiven","tag-valencia"],"share_on_mastodon":{"url":"","error":""},"_links":{"self":[{"href":"https:\/\/www.europesays.com\/es\/wp-json\/wp\/v2\/posts\/129246","targetHints":{"allow":["GET"]}}],"collection":[{"href":"https:\/\/www.europesays.com\/es\/wp-json\/wp\/v2\/posts"}],"about":[{"href":"https:\/\/www.europesays.com\/es\/wp-json\/wp\/v2\/types\/post"}],"author":[{"embeddable":true,"href":"https:\/\/www.europesays.com\/es\/wp-json\/wp\/v2\/users\/2"}],"replies":[{"embeddable":true,"href":"https:\/\/www.europesays.com\/es\/wp-json\/wp\/v2\/comments?post=129246"}],"version-history":[{"count":0,"href":"https:\/\/www.europesays.com\/es\/wp-json\/wp\/v2\/posts\/129246\/revisions"}],"wp:featuredmedia":[{"embeddable":true,"href":"https:\/\/www.europesays.com\/es\/wp-json\/wp\/v2\/media\/129247"}],"wp:attachment":[{"href":"https:\/\/www.europesays.com\/es\/wp-json\/wp\/v2\/media?parent=129246"}],"wp:term":[{"taxonomy":"category","embeddable":true,"href":"https:\/\/www.europesays.com\/es\/wp-json\/wp\/v2\/categories?post=129246"},{"taxonomy":"post_tag","embeddable":true,"href":"https:\/\/www.europesays.com\/es\/wp-json\/wp\/v2\/tags?post=129246"}],"curies":[{"name":"wp","href":"https:\/\/api.w.org\/{rel}","templated":true}]}}