{"id":129278,"date":"2025-09-21T09:47:07","date_gmt":"2025-09-21T09:47:07","guid":{"rendered":"https:\/\/www.europesays.com\/es\/129278\/"},"modified":"2025-09-21T09:47:07","modified_gmt":"2025-09-21T09:47:07","slug":"que-diria-nunez-del-retraso-del-camp-nou-por-lluis-canut","status":"publish","type":"post","link":"https:\/\/www.europesays.com\/es\/129278\/","title":{"rendered":"\u00bfQu\u00e9 dir\u00eda N\u00fa\u00f1ez del retraso del Camp Nou?, por Lluis Canut"},"content":{"rendered":"<p data-gtm-element-container=\"modulo-texto-link\" class=\"paragraph\"><strong>Josep Llu\u00eds N\u00fa\u00f1ez Clemente<\/strong> fue el presidente m\u00e1s longevo de la historia del Bar\u00e7a, con un mandato que se prolong\u00f3 desde 1978 hasta el 2000. Ni que decir tiene que durante tan largo periodo de tiempo hubo de todo, especialmente por el incontestable empuj\u00f3n patrimonial que le dio a la entidad, desde su amplio conocimiento como reputado constructor. No hubo pr\u00e1cticamente un solo momento en que las instalaciones blaugrana en que se estuviera llevando a cabo alguna obra nueva o de mejora de las existentes. Incluso algunas malas lenguas malmet\u00edan diciendo que era para que las constructoras que las hac\u00edan absorbieran a una parte de la plantilla de <strong>N\u00fa\u00f1ez <\/strong>y <strong>Navarro<\/strong>. Leyendas sostenidas por una oposici\u00f3n latente desde el mismo d\u00eda de su victoria en las urnas en unas re\u00f1idas elecciones presidenciales. Las primeras habidas en democracia.<\/p>\n<p data-gtm-element-container=\"modulo-texto-link\" class=\"paragraph\">El repaso de las obras del nu\u00f1ismo es imponente. El Camp Nou fue objeto de transformaciones constantes. Empezando por la construcci\u00f3n del tercer grader\u00edo, que se prolong\u00f3 m\u00e1s de una temporada, sin que se interrumpiera la disputa de partidos. Con la imagen, en algunos de ellos, como en el de homenaje a <strong>Rexach<\/strong>, de aficionados colgados peligrosamente de las columnas que sosten\u00edan la nueva construcci\u00f3n. La conversi\u00f3n en asientos de todas las localidades del estadio oblig\u00f3 al hundimiento del terreno de juego para ganar media docena m\u00e1s de filas sentadas, con lo que se intentaba compensar la p\u00e9rdida de aforo con la desaparici\u00f3n de la general de pie. El parking de la explanada de la tribuna, la construcci\u00f3n del museo, que tantos ingresos proporciona de forma constante hasta convertirse en el m\u00e1s visitado de la ciudad, m\u00e1s la Botiga, otra destacada fuente de negocio, situaron al FC Barcelona como la entidad con mayor n\u00famero de recursos econ\u00f3micos.<\/p>\n<p data-gtm-element-container=\"modulo-texto-link\" class=\"paragraph\">La conversi\u00f3n de la Masia en residencia para j\u00f3venes promesas, junto a la edificaci\u00f3n del Mini Estadi en el tiempo r\u00e9cord de un a\u00f1o, dieron a la cantera un gran impulso. As\u00ed como la adquisici\u00f3n de los terrenos de la Ciutat Esportiva Joan Gamper, para la que se le negaron a <strong>N\u00fa\u00f1ez <\/strong>los permisos de construcci\u00f3n. Pero la mayor confrontaci\u00f3n estuvo en el veto pol\u00edtico contra el megaproyecto Bar\u00e7a 2000, que pretend\u00eda convertir la periferia del estadio barcelonista en un gran centro l\u00fadico cuya actividad no se limitar\u00eda a los d\u00edas de partido. El Elefant Blau, impulsado por <strong>Joan Laporta<\/strong>, se opuso de manera contumaz a un proyecto que pretend\u00eda poner a la entidad en condiciones de afrontar las exigencias del siglo XXI. Un reto que no se ver\u00e1 cumplido hasta que entre a pleno rendimiento el Espai Bar\u00e7a con el renovado Spotify Camp Nou.<\/p>\n<p data-gtm-element-container=\"modulo-texto-link\" class=\"paragraph\">Por ello no es f\u00e1cil de imaginar el enojo que le ocasionar\u00eda a <strong>N\u00fa\u00f1ez <\/strong>contemplar las enormes p\u00e9rdidas que est\u00e1n significando el retraso de las obras actuales, sin que haya una respuesta en\u00e9rgica de una directiva superada. Mientras el \u2018soci\u2019, al que no le pod\u00eda enga\u00f1ar, vive conformado por las ilusionantes expectativas que le genera el Bar\u00e7a de <strong>Hansi Flick<\/strong>, y pendiente de saber el d\u00eda en que recuperar\u00e1 su remozado asiento y a sus vecinos de localidad en el nuevo Camp Nou.<\/p>\n","protected":false},"excerpt":{"rendered":"Josep Llu\u00eds N\u00fa\u00f1ez Clemente fue el presidente m\u00e1s longevo de la historia del Bar\u00e7a, con un mandato que&hellip;\n","protected":false},"author":2,"featured_media":53027,"comment_status":"","ping_status":"","sticky":false,"template":"","format":"standard","meta":{"footnotes":""},"categories":[268],"tags":[168,25,24,280,282,281,23,167],"class_list":{"0":"post-129278","1":"post","2":"type-post","3":"status-publish","4":"format-standard","5":"has-post-thumbnail","7":"category-futbol","8":"tag-deportes","9":"tag-es","10":"tag-espana","11":"tag-football","12":"tag-futbol","13":"tag-soccer","14":"tag-spain","15":"tag-sports"},"share_on_mastodon":{"url":"","error":""},"_links":{"self":[{"href":"https:\/\/www.europesays.com\/es\/wp-json\/wp\/v2\/posts\/129278","targetHints":{"allow":["GET"]}}],"collection":[{"href":"https:\/\/www.europesays.com\/es\/wp-json\/wp\/v2\/posts"}],"about":[{"href":"https:\/\/www.europesays.com\/es\/wp-json\/wp\/v2\/types\/post"}],"author":[{"embeddable":true,"href":"https:\/\/www.europesays.com\/es\/wp-json\/wp\/v2\/users\/2"}],"replies":[{"embeddable":true,"href":"https:\/\/www.europesays.com\/es\/wp-json\/wp\/v2\/comments?post=129278"}],"version-history":[{"count":0,"href":"https:\/\/www.europesays.com\/es\/wp-json\/wp\/v2\/posts\/129278\/revisions"}],"wp:featuredmedia":[{"embeddable":true,"href":"https:\/\/www.europesays.com\/es\/wp-json\/wp\/v2\/media\/53027"}],"wp:attachment":[{"href":"https:\/\/www.europesays.com\/es\/wp-json\/wp\/v2\/media?parent=129278"}],"wp:term":[{"taxonomy":"category","embeddable":true,"href":"https:\/\/www.europesays.com\/es\/wp-json\/wp\/v2\/categories?post=129278"},{"taxonomy":"post_tag","embeddable":true,"href":"https:\/\/www.europesays.com\/es\/wp-json\/wp\/v2\/tags?post=129278"}],"curies":[{"name":"wp","href":"https:\/\/api.w.org\/{rel}","templated":true}]}}