{"id":129311,"date":"2025-09-21T10:09:09","date_gmt":"2025-09-21T10:09:09","guid":{"rendered":"https:\/\/www.europesays.com\/es\/129311\/"},"modified":"2025-09-21T10:09:09","modified_gmt":"2025-09-21T10:09:09","slug":"mikel-urrutikoetxea-se-despide-a-lo-grande-de-la-pelota","status":"publish","type":"post","link":"https:\/\/www.europesays.com\/es\/129311\/","title":{"rendered":"Mikel Urrutikoetxea se despide a lo grande de la pelota"},"content":{"rendered":"<p>\n        <strong>Mikel Urrutikoetxea<\/strong> (<a href=\"https:\/\/www.deia.eus\/arratia-nerbioi\/zaratamo\/\" title=\"Zaratamo\" class=\"link copy\" rel=\"nofollow noopener\" target=\"_blank\">Zaratamo<\/a>, 1989) nunca olvidar\u00e1 el 20 de septiembre de 2025. Despu\u00e9s de <strong>16 temporadas como profesional, <\/strong>mostr\u00e1ndose como uno de los pelotaris m\u00e1s completos, el de Baiko, fiel a su estilo, sin estridencias, asumiendo que el tiempo en la \u00e9lite ha tocado a su fin, <strong>colg\u00f3 el gerriko ante su p\u00fablico, rodeado de su gente, y con un front\u00f3n Bizkaia, su segunda casa, que le reconoci\u00f3 su fruct\u00edfera carrera.<\/strong> Fue una tarde emotiva, donde el resultado final en el luminoso pas\u00f3 a un segundo plano. Urruti form\u00f3 pareja con Zabaleta para enfrentarse a Altuna III-Albisu. Un duelo de altos vuelos en el que el homenajeado, que visti\u00f3 de azul, dej\u00f3 muestras de su calidad (22-17).\n<\/p>\n<p class=\"article-body__text \">\n        Pocos pueden presumir del curr\u00edculum del pelotari de Zaratamo, uno de los pocos que pueden presumir de contar con las <strong>txapelas de las tres modalidades: Manomanista (2015), Cuatro y Medio (2015) y Parejas (2016). <\/strong>La particularidad es que, pese a ser delantero, esta \u00faltima la logr\u00f3 como zaguero. Y el p\u00fablico del Bizkaia, que no falt\u00f3 a la cita, se lo reconoci\u00f3. Todos los espectadores lucieron un pa\u00f1uelo verde en sus cuellos, con la figura de Urruti y un Eskerrik asko impreso.\u00a0\n<\/p>\n<p class=\"article-body__text \">\n        Un aurresku de honor fue la antesala del \u00faltimo partido del vizcaino, que aguant\u00f3 como pudo la emoci\u00f3n. Entre el p\u00fablico, algunas caras conocidas como la diputada general de Bizkaia, <strong>Elixabete Etxanobe, <\/strong>o el mito del Athletic, <strong>Jos\u00e9 \u00c1ngel Iribar, <\/strong>adem\u00e1s de una<strong> nutrida representaci\u00f3n del mundo pelotazale.<\/strong>\n<\/p>\n<p class=\"article-body__text \">\n        Urruti empez\u00f3 el duelo con un gancho preciso con la zurda ante el que no pudo hacer nada Altuna III. La mejor manera de quitar los nervios. Y en un coser y cantar los azules se pusieron 0-5 en el marcador, aunque los colorados apretaron (6-6). A partir de entonces fue un toma y daca hasta que poco a poco Altuna III y Albisu se pusieron 12-9. Luego con el 13-11, el de Zaratamo <strong>firm\u00f3 una bonita dejada al <\/strong><strong>txoko <\/strong><strong>que fue muy aplaudida.<\/strong> Pero los rivales no aflojaron (17-12). Otra paradita de Mikel y un gancho con la zurda imperial pusieron picante al desenlace. Las \u00faltimas pinceladas de un grande.\u00a0\n<\/p>\n<p class=\"article-body__text \">\n        Una vez terminado el partido lleg\u00f3 el momento de los reconocimientos. Con un gran p\u00f3ster del pelotari, con un sencillo Eskerrik asko, Mikel!, <strong>el protagonista sali\u00f3 vestido de rojo, como los campeones.<\/strong> Acompa\u00f1ado de su pareja y sus dos hijos, primero se emiti\u00f3 un v\u00eddeo en el que aparecieron algunos de sus compa\u00f1eros de andanzas en los frontones, como<strong> Aimar Olaizola, Rub\u00e9n Beloki o Be\u00f1at Rezusta, <\/strong>y de im\u00e1genes para el recuerdo. Tambi\u00e9n recibi\u00f3 el reconocimiento institucional y de la que ha sido su empresa durante todo este tiempo. <strong>Erramun Martikorena<\/strong> y <strong>Anne Etchegoyen <\/strong>pusieron la m\u00fasica, que fue muy aplaudida.<\/p>\n","protected":false},"excerpt":{"rendered":"Mikel Urrutikoetxea (Zaratamo, 1989) nunca olvidar\u00e1 el 20 de septiembre de 2025. Despu\u00e9s de 16 temporadas como profesional,&hellip;\n","protected":false},"author":2,"featured_media":129312,"comment_status":"","ping_status":"","sticky":false,"template":"","format":"standard","meta":{"footnotes":""},"categories":[269],"tags":[299,298,168,6193,25,24,699,5484,23,167,41139],"class_list":{"0":"post-129311","1":"post","2":"type-post","3":"status-publish","4":"format-standard","5":"has-post-thumbnail","7":"category-baloncesto","8":"tag-baloncesto","9":"tag-basketball","10":"tag-deportes","11":"tag-despide","12":"tag-es","13":"tag-espana","14":"tag-grande","15":"tag-mikel","16":"tag-spain","17":"tag-sports","18":"tag-urrutikoetxea"},"share_on_mastodon":{"url":"","error":""},"_links":{"self":[{"href":"https:\/\/www.europesays.com\/es\/wp-json\/wp\/v2\/posts\/129311","targetHints":{"allow":["GET"]}}],"collection":[{"href":"https:\/\/www.europesays.com\/es\/wp-json\/wp\/v2\/posts"}],"about":[{"href":"https:\/\/www.europesays.com\/es\/wp-json\/wp\/v2\/types\/post"}],"author":[{"embeddable":true,"href":"https:\/\/www.europesays.com\/es\/wp-json\/wp\/v2\/users\/2"}],"replies":[{"embeddable":true,"href":"https:\/\/www.europesays.com\/es\/wp-json\/wp\/v2\/comments?post=129311"}],"version-history":[{"count":0,"href":"https:\/\/www.europesays.com\/es\/wp-json\/wp\/v2\/posts\/129311\/revisions"}],"wp:featuredmedia":[{"embeddable":true,"href":"https:\/\/www.europesays.com\/es\/wp-json\/wp\/v2\/media\/129312"}],"wp:attachment":[{"href":"https:\/\/www.europesays.com\/es\/wp-json\/wp\/v2\/media?parent=129311"}],"wp:term":[{"taxonomy":"category","embeddable":true,"href":"https:\/\/www.europesays.com\/es\/wp-json\/wp\/v2\/categories?post=129311"},{"taxonomy":"post_tag","embeddable":true,"href":"https:\/\/www.europesays.com\/es\/wp-json\/wp\/v2\/tags?post=129311"}],"curies":[{"name":"wp","href":"https:\/\/api.w.org\/{rel}","templated":true}]}}