{"id":129313,"date":"2025-09-21T10:10:08","date_gmt":"2025-09-21T10:10:08","guid":{"rendered":"https:\/\/www.europesays.com\/es\/129313\/"},"modified":"2025-09-21T10:10:08","modified_gmt":"2025-09-21T10:10:08","slug":"bajas-del-rayo-vallecano-para-el-encuentro-ante-el-celta-en-vallecas","status":"publish","type":"post","link":"https:\/\/www.europesays.com\/es\/129313\/","title":{"rendered":"Bajas del Rayo Vallecano para el encuentro ante el Celta en Vallecas"},"content":{"rendered":"<p>El\u00a0<a href=\"https:\/\/unionrayo.com\/\" rel=\"nofollow noopener\" target=\"_blank\">Rayo Vallecano<\/a> se mide al <strong><a href=\"https:\/\/rccelta.es\/\" rel=\"nofollow noopener\" target=\"_blank\">Real Club Celta de Vigo<\/a><\/strong> en el <strong>estadio de Vallecas <\/strong>este domingo 21 de septiembre a las 14:00 horas, en el encuentro correspondiente a la 5\u00aa jornada de<a href=\"https:\/\/www.laliga.com\/es-GB\" target=\"_blank\" rel=\"nofollow noopener\">\u00a0LaLiga EA Sports<\/a>. Estos son los jugadores con los que<strong> I\u00f1igo P\u00e9rez<\/strong> no podr\u00e1 contar para el duelo ante el conjunto rojillo.<\/p>\n<p>Bajas para el Rayo Vallecano-Celta<br \/>\nLesionados<\/p>\n<p><strong>Abdul Mumin (lesi\u00f3n) Diego M\u00e9ndez (lesi\u00f3n) Nobel Mendy (duda), Luiz Felipe (lesi\u00f3n), <\/strong><strong>Randy Nteka (lesi\u00f3n)\u00a0<\/strong><\/p>\n<p>Sancionados<\/p>\n<p>No hay ning\u00fan jugador sancionado.<\/p>\n<p>Apercibidos<\/p>\n<p>No hay ning\u00fan jugador apercibido.<\/p>\n","protected":false},"excerpt":{"rendered":"El\u00a0Rayo Vallecano se mide al Real Club Celta de Vigo en el estadio de Vallecas este domingo 21&hellip;\n","protected":false},"author":2,"featured_media":129314,"comment_status":"","ping_status":"","sticky":false,"template":"","format":"standard","meta":{"footnotes":""},"categories":[268],"tags":[168,25,24,280,282,281,23,167],"class_list":{"0":"post-129313","1":"post","2":"type-post","3":"status-publish","4":"format-standard","5":"has-post-thumbnail","7":"category-futbol","8":"tag-deportes","9":"tag-es","10":"tag-espana","11":"tag-football","12":"tag-futbol","13":"tag-soccer","14":"tag-spain","15":"tag-sports"},"share_on_mastodon":{"url":"","error":""},"_links":{"self":[{"href":"https:\/\/www.europesays.com\/es\/wp-json\/wp\/v2\/posts\/129313","targetHints":{"allow":["GET"]}}],"collection":[{"href":"https:\/\/www.europesays.com\/es\/wp-json\/wp\/v2\/posts"}],"about":[{"href":"https:\/\/www.europesays.com\/es\/wp-json\/wp\/v2\/types\/post"}],"author":[{"embeddable":true,"href":"https:\/\/www.europesays.com\/es\/wp-json\/wp\/v2\/users\/2"}],"replies":[{"embeddable":true,"href":"https:\/\/www.europesays.com\/es\/wp-json\/wp\/v2\/comments?post=129313"}],"version-history":[{"count":0,"href":"https:\/\/www.europesays.com\/es\/wp-json\/wp\/v2\/posts\/129313\/revisions"}],"wp:featuredmedia":[{"embeddable":true,"href":"https:\/\/www.europesays.com\/es\/wp-json\/wp\/v2\/media\/129314"}],"wp:attachment":[{"href":"https:\/\/www.europesays.com\/es\/wp-json\/wp\/v2\/media?parent=129313"}],"wp:term":[{"taxonomy":"category","embeddable":true,"href":"https:\/\/www.europesays.com\/es\/wp-json\/wp\/v2\/categories?post=129313"},{"taxonomy":"post_tag","embeddable":true,"href":"https:\/\/www.europesays.com\/es\/wp-json\/wp\/v2\/tags?post=129313"}],"curies":[{"name":"wp","href":"https:\/\/api.w.org\/{rel}","templated":true}]}}