{"id":129315,"date":"2025-09-21T10:11:07","date_gmt":"2025-09-21T10:11:07","guid":{"rendered":"https:\/\/www.europesays.com\/es\/129315\/"},"modified":"2025-09-21T10:11:07","modified_gmt":"2025-09-21T10:11:07","slug":"pablo-lopez-y-laura-rubio-posan-como-marido-y-mujer-tras-su-segunda-boda","status":"publish","type":"post","link":"https:\/\/www.europesays.com\/es\/129315\/","title":{"rendered":"Pablo L\u00f3pez y Laura Rubio posan como marido y mujer tras su segunda boda"},"content":{"rendered":"<p>21\/09\/2025 a las 09:48h.<\/p>\n<p>      <a href=\"https:\/\/www.abc.es\/gente\/javascript:void(0)\" data-voc-component=\"modal-open\" data-target=\"open-comments\" class=\"voc-social__icon voc-social__icon--comments nibara-element\" title=\"Comentarios\" rel=\"nofollow noopener\" target=\"_blank\"><\/p>\n<p><\/a><\/p>\n<p class=\"voc-save-news__paragraph\">Esta funcionalidad es s\u00f3lo para suscriptores<\/p>\n<p><a href=\"https:\/\/secure.abc.es\/suscripcion#vca=suscribete&amp;vso=abc&amp;vmc=on&amp;vli=comentarios-btn-flujo\" data-voc-vtm-id=\"comienzoSuscripcionON\" data-voc-vtm-info=\"btncomentar\" class=\"voc-btn voc-btn--w voc-btn--xs voc-save-news__btn\" rel=\"nofollow noopener\" target=\"_blank\"><br \/>\nSuscribete<br \/>\n<\/a><\/p>\n<p class=\"voc-p\" style=\"\">Dos meses despu\u00e9s de la \u00edntima celebraci\u00f3n de su enlace, el cantante Pablo L\u00f3pez y su mujer, Laura Rubio, han vuelto a pasar por el altar en una ceremonia que ha tenido lugar, por todo lo alto, en la localidad gaditana de Alcal\u00e1 del Valle. A diferencia del primer enlace, en esta ocasi\u00f3n y contra todo pron\u00f3stico, el malague\u00f1o s\u00ed ha querido compartir su felicidad con los medios apostados a las puertas de la finca La Caser\u00eda de Tomillos, en la que ha tenido lugar el evento.<\/p>\n<p class=\"voc-btn__text\">\nVer comentarios<br \/>\n(0)\n<\/p>\n<p>Reportar un error<\/p>\n<p class=\"voc-save-news__paragraph\">Esta funcionalidad es s\u00f3lo para suscriptores<\/p>\n<p><a href=\"https:\/\/secure.abc.es\/suscripcion#vca=suscribete&amp;vso=abc&amp;vmc=on&amp;vli=comentarios-btn-flujo\" data-voc-vtm-id=\"comienzoSuscripcionON\" data-voc-vtm-info=\"btncomentar\" class=\"voc-btn voc-btn--w voc-btn--xs voc-save-news__btn\" rel=\"nofollow noopener\" target=\"_blank\"><br \/>\nSuscribete<br \/>\n<\/a><\/p>\n","protected":false},"excerpt":{"rendered":"21\/09\/2025 a las 09:48h. Esta funcionalidad es s\u00f3lo para suscriptores Suscribete Dos meses despu\u00e9s de la \u00edntima celebraci\u00f3n&hellip;\n","protected":false},"author":2,"featured_media":129316,"comment_status":"","ping_status":"","sticky":false,"template":"","format":"standard","meta":{"footnotes":""},"categories":[174],"tags":[3158,255,146,147,25,24,256,3459,7355,22167,2461,618,41624,14346,3745,23,575],"class_list":{"0":"post-129315","1":"post","2":"type-post","3":"status-publish","4":"format-standard","5":"has-post-thumbnail","7":"category-famosos","8":"tag-boda","9":"tag-celebrities","10":"tag-entertainment","11":"tag-entretenimiento","12":"tag-es","13":"tag-espana","14":"tag-famosos","15":"tag-laura","16":"tag-lopez","17":"tag-marido","18":"tag-mujer","19":"tag-pablo","20":"tag-posan","21":"tag-rubio","22":"tag-segunda","23":"tag-spain","24":"tag-tras"},"share_on_mastodon":{"url":"","error":""},"_links":{"self":[{"href":"https:\/\/www.europesays.com\/es\/wp-json\/wp\/v2\/posts\/129315","targetHints":{"allow":["GET"]}}],"collection":[{"href":"https:\/\/www.europesays.com\/es\/wp-json\/wp\/v2\/posts"}],"about":[{"href":"https:\/\/www.europesays.com\/es\/wp-json\/wp\/v2\/types\/post"}],"author":[{"embeddable":true,"href":"https:\/\/www.europesays.com\/es\/wp-json\/wp\/v2\/users\/2"}],"replies":[{"embeddable":true,"href":"https:\/\/www.europesays.com\/es\/wp-json\/wp\/v2\/comments?post=129315"}],"version-history":[{"count":0,"href":"https:\/\/www.europesays.com\/es\/wp-json\/wp\/v2\/posts\/129315\/revisions"}],"wp:featuredmedia":[{"embeddable":true,"href":"https:\/\/www.europesays.com\/es\/wp-json\/wp\/v2\/media\/129316"}],"wp:attachment":[{"href":"https:\/\/www.europesays.com\/es\/wp-json\/wp\/v2\/media?parent=129315"}],"wp:term":[{"taxonomy":"category","embeddable":true,"href":"https:\/\/www.europesays.com\/es\/wp-json\/wp\/v2\/categories?post=129315"},{"taxonomy":"post_tag","embeddable":true,"href":"https:\/\/www.europesays.com\/es\/wp-json\/wp\/v2\/tags?post=129315"}],"curies":[{"name":"wp","href":"https:\/\/api.w.org\/{rel}","templated":true}]}}