{"id":129323,"date":"2025-09-21T10:16:04","date_gmt":"2025-09-21T10:16:04","guid":{"rendered":"https:\/\/www.europesays.com\/es\/129323\/"},"modified":"2025-09-21T10:16:04","modified_gmt":"2025-09-21T10:16:04","slug":"la-pelicula-del-libro-mas-leido-del-verano-llega-muy-pronto","status":"publish","type":"post","link":"https:\/\/www.europesays.com\/es\/129323\/","title":{"rendered":"la pel\u00edcula del libro m\u00e1s le\u00eddo del verano llega muy pronto"},"content":{"rendered":"<p>La novela <strong>La asistenta de la escritora Freida McFadden<\/strong> se ha convertido en un \u00e9xito a nivel mundial con m\u00e1s de 15 millones de ejemplares vendidos y que ha sido traducido a m\u00e1s de cuarenta idiomas. Por eso hay una gran expectaci\u00f3n sobre la adaptaci\u00f3n de esta pel\u00edcula que est\u00e1 haciendo el director Paul Feig, al que conocemos porque fue el realizador de la inolvidable comedia La boda de mi mejor amigo y las pel\u00edculas Un peque\u00f1o favor y Otro peque\u00f1o favor, la saga que protagonizaron Blake Lively y Anna Kendrick. Adem\u00e1s, no acabamos de enterar que <strong>la pel\u00edcula La asistenta <\/strong>se estrenar\u00e1 en diciembre en Estados Unidos y aqu\u00ed en Espa\u00f1a el 1 de enero de 2026. En esta <a href=\"https:\/\/okdiario.com\/trailer\/trailer-asistenta-sydney-sweeney-amanda-seyfried-protagonizan-thriller-superventas-15424920\" rel=\"nofollow noopener\" target=\"_blank\">nueva pel\u00edcula<\/a> se contar\u00e1 la historia de Millie Calloway, una joven con un pasado turbulento y desesperada por encontrar un trabajo que logra esa oportunidad gracias a Nina Winchester, una mujer rica de Long Island, que la contrata como empleada dom\u00e9stica sin revisar sus antecedentes.<\/p>\n<p>Adem\u00e1s, ya conocemos quien dar\u00e1 vida al personaje de la asistenta y ser\u00e1 nada m\u00e1s y nada menos que <strong>la actriz Sydney Sweeney<\/strong>, a la que conocemos por su trabajo en ficciones como Cualquiera menos t\u00fa o The White Lotus. El papel de la due\u00f1a de la casa lo interpretar\u00e1 la actriz Amanda Seyfried a la que hemos visto en Los Miserables y Mamma Mia! Aunque todav\u00eda queda bastante tiempo para que se estrene, <a href=\"https:\/\/diamondfilms.es\/pelicula\/la-asistenta\" rel=\"nofollow noopener\" target=\"_blank\">Diamond Films<\/a> ya ha distribuido las primeras im\u00e1genes de la pel\u00edcula y el tr\u00e1iler en los que ya se puede ver a estas dos mujeres hablando e interactuando en el cuarto de ba\u00f1o de la vivienda<\/p>\n<p>La novela La Asistenta de Freida McFadden forma parte de <strong>una saga que consta de tres libros principales<\/strong> y una novela corta adicional que complementa la historia. La primera novela se public\u00f3 en abril de 2022 y en 2023 se publicaron las dos siguientes: El secreto de la asistenta y La asistenta te vigila. Freida McFadden es el pseud\u00f3nimo de una escritora y m\u00e9dica estadounidense, especializada en lesiones cerebrales. Este 2025 tambi\u00e9n la escritora ha publicado la novela corta adicional La boda de la asistenta.<\/p>\n<p><img loading=\"lazy\" decoding=\"async\" class=\"size-full wp-image-15444293\" alt=\"pel\u00edcula asistenta\" width=\"1800\" height=\"1038\"  src=\"https:\/\/www.europesays.com\/es\/wp-content\/uploads\/2025\/09\/la-asistenta-pelicula-2025-1.jpg\" \/> Imagen de la pel\u00edcula \u2018La asistenta\u2019.<\/p>\n<p>\u00bfDe qu\u00e9 trata la pel\u00edcula La asistenta?<\/p>\n<p>La protagonista de esta pel\u00edcula es<strong> Millie, una joven que tiene problemas con la justicia que est\u00e1 buscando trabajo<\/strong>. Un d\u00eda tiene la suerte de ser contratada como empleada dom\u00e9stica para Nina y Andrew, una pareja adinerada de alta sociedad. Millie ve en este nuevo trabajo con los Winchester una oportunidad de empezar de cero.<\/p>\n<p>Todo parece perfecto hasta que <strong>un d\u00eda descubre que sus jefes, Nina y Andrew, esconden secretos mucho m\u00e1s peligrosos que los suyos<\/strong>. Poco a poco se da cuenta de que puede encontrarse en una situaci\u00f3n bastante dif\u00edcil que puede afectar a su seguridad personal y tambi\u00e9n a su cordura. Seg\u00fan la sinopsis de Diamond Films: \u00abA medida que se adentra en la vida de la familia, descubrir\u00e1 secretos oscuros que pondr\u00e1n en peligro su seguridad, pero quiz\u00e1 ya sea demasiado tarde\u2026 \u00ab.<\/p>\n<p><img loading=\"lazy\" decoding=\"async\" class=\"size-full wp-image-15444290\" alt=\"pel\u00edcula asistenta\" width=\"1800\" height=\"1043\"  src=\"https:\/\/www.europesays.com\/es\/wp-content\/uploads\/2025\/09\/housemaid_unit_250115_00123rc3-1.jpg\" \/> Imagen de la pel\u00edcula \u2018La asistenta\u2019.<\/p>\n<p>El reparto de la nueva serie<\/p>\n<p>Como ya hemos comentado<strong> la actriz Sydney Sweeney<\/strong> (Cualquiera menos t\u00fa, The White Lotus), interpretar\u00e1 el papel de Millie, la asistenta que oculta a esa familia sus graves problemas. La actriz Amanda Seyfried (Los Miserables, Mamma Mia!) dar\u00e1 vida a Nina, la elegante y misteriosa se\u00f1ora de la casa. Amanda es una actriz muy conocida que sorprendi\u00f3 a todos con su estupenda interpretaci\u00f3n en The Testament of Ann Lee en el pasado festival de Venecia y en 2026 coprotagonizar\u00e1 My Ex-Friend\u2019s Wedding junto a Ariana DeBose.<\/p>\n<p>El actor<strong> Brandon Sklenar<\/strong> (1923, Romper el c\u00edrculo) dar\u00e1 vida a Andrew, el enigm\u00e1tico y sofisticado marido de Nina y la actriz Elizabeth Perkins interpretar\u00e1 a Evelyn Winchester, la madre de Andrew. El actor Mark Grossman dar\u00e1 vida a Scott Crawford, el exnovio de Millie y el actor Michele Morrone (365 d\u00edas, Otro peque\u00f1o favor) a Enzo, el jardinero. Por ahora solo se han dado conocer los nombres de estos actores que formar\u00e1n parte del reparto de la nueva pel\u00edcula La asistenta.<\/p>\n<p>Adem\u00e1s de los nombres de los actores protagonistas de la pel\u00edcula La asistenta, tambi\u00e9n se ha dado a conocer que<strong> el guion que adaptar\u00e1 la obra cuenta con la firma de Rebecca Sonnenshine<\/strong>, conocida por su trabajo en The Boys. Tambi\u00e9n ya se sabe que la banda sonora del proyecto estar\u00e1 firmada por Theodore Shapiro. Este m\u00fasico ya hab\u00eda trabajado con Paul Feig en Jackpot! (2024), La escuela del bien y del mal (2022) u Otro peque\u00f1o favor, la cual se estrenar\u00e1 en 2025. Theodore Shapiro tambi\u00e9n es el responsable de la banda sonora de Severeance, la pel\u00edcula Wolfs o Yellowjackets.<\/p>\n<p>La pel\u00edcula La asistenta es <strong>uno de los estrenos m\u00e1s esperados para el 2026<\/strong> y, si no defrauda y sigue la estela trazada por las novelas, seguro que se convertir\u00e1 en un \u00e9xito de taquilla. Estos meses estaremos muy atentos a todas las noticias que vayan surgiendo sobre este proyecto que seguro va a dar mucho que hablar. Por ahora os dejamos con el primer tr\u00e1iler de La asistenta.<\/p>\n","protected":false},"excerpt":{"rendered":"La novela La asistenta de la escritora Freida McFadden se ha convertido en un \u00e9xito a nivel mundial&hellip;\n","protected":false},"author":2,"featured_media":129324,"comment_status":"","ping_status":"","sticky":false,"template":"","format":"standard","meta":{"footnotes":""},"categories":[169],"tags":[177,146,147,25,24,176,175,23],"class_list":{"0":"post-129323","1":"post","2":"type-post","3":"status-publish","4":"format-standard","5":"has-post-thumbnail","7":"category-cine","8":"tag-cine","9":"tag-entertainment","10":"tag-entretenimiento","11":"tag-es","12":"tag-espana","13":"tag-film","14":"tag-movies","15":"tag-spain"},"share_on_mastodon":{"url":"","error":""},"_links":{"self":[{"href":"https:\/\/www.europesays.com\/es\/wp-json\/wp\/v2\/posts\/129323","targetHints":{"allow":["GET"]}}],"collection":[{"href":"https:\/\/www.europesays.com\/es\/wp-json\/wp\/v2\/posts"}],"about":[{"href":"https:\/\/www.europesays.com\/es\/wp-json\/wp\/v2\/types\/post"}],"author":[{"embeddable":true,"href":"https:\/\/www.europesays.com\/es\/wp-json\/wp\/v2\/users\/2"}],"replies":[{"embeddable":true,"href":"https:\/\/www.europesays.com\/es\/wp-json\/wp\/v2\/comments?post=129323"}],"version-history":[{"count":0,"href":"https:\/\/www.europesays.com\/es\/wp-json\/wp\/v2\/posts\/129323\/revisions"}],"wp:featuredmedia":[{"embeddable":true,"href":"https:\/\/www.europesays.com\/es\/wp-json\/wp\/v2\/media\/129324"}],"wp:attachment":[{"href":"https:\/\/www.europesays.com\/es\/wp-json\/wp\/v2\/media?parent=129323"}],"wp:term":[{"taxonomy":"category","embeddable":true,"href":"https:\/\/www.europesays.com\/es\/wp-json\/wp\/v2\/categories?post=129323"},{"taxonomy":"post_tag","embeddable":true,"href":"https:\/\/www.europesays.com\/es\/wp-json\/wp\/v2\/tags?post=129323"}],"curies":[{"name":"wp","href":"https:\/\/api.w.org\/{rel}","templated":true}]}}