{"id":129365,"date":"2025-09-21T10:42:11","date_gmt":"2025-09-21T10:42:11","guid":{"rendered":"https:\/\/www.europesays.com\/es\/129365\/"},"modified":"2025-09-21T10:42:11","modified_gmt":"2025-09-21T10:42:11","slug":"alberto-rodriguez-a-por-la-concha-de-oro-con-los-tigres","status":"publish","type":"post","link":"https:\/\/www.europesays.com\/es\/129365\/","title":{"rendered":"Alberto Rodr\u00edguez, a por la Concha de Oro con &#8216;Los tigres&#8217;"},"content":{"rendered":"<p>El cineasta sevillano Alberto Rodr\u00edguez, que presenta este s\u00e1bado su nueva pel\u00edcula &#8216;Los Tigres&#8217; con la que compite por la Concha de Oro del Festival de San Sebasti\u00e1n, ha asegurado que<strong> es una \u00abverg\u00fcenza\u00bb que ocurra el \u00abgenocidio de Gaza\u00bb<\/strong> y no haya manifestaciones en contra de una \u00abmatanza indiscriminada\u00bb que \u00abdebi\u00f3 acabarse hace much\u00edsimo tiempo\u00bb.<\/p>\n<p>\u00abEstoy deseando que se produzca un embargo de armas a Israel. Est\u00e1 siendo una cacer\u00eda y al final todos somos c\u00f3mplices. <strong>Me parece bien cualquier medida que se tome pare presionar,<\/strong> desde la opini\u00f3n de un vecino, la bandera en el balc\u00f3n o la retirada de Espa\u00f1a de Eurovisi\u00f3n\u00bb, ha asegurado el cineasta en una entrevista con Europa Press.<\/p>\n<p>Alberto Rodr\u00edguez lamenta qu<strong>e la ONU haya \u00abllegado tarde\u00bb al afirmar que Israel est\u00e1 cometiendo un genocidio<\/strong> en Gaza y se\u00f1ala que hay que tener en cuenta los movimientos de la ONU que \u00abcasi siempre llegan tarde o ni siquiera se producen\u00bb. \u00abTodo est\u00e1 llegando tarde. Esto debi\u00f3 acabarse hace much\u00edsimo tiempo\u00bb, recalca.<\/p>\n<p><strong>CONCHA DE ORO<\/strong><\/p>\n<p>El cineasta andaluz compite en la Secci\u00f3n Oficial de San Sebasti\u00e1n con &#8216;Los Tigres&#8217;, una pel\u00edcula protagonizada por Antonio de la Torre y B\u00e1rbara Lennie, quienes interpretan a unos buzos profesionales encargados de reparar barcos industriales, una profesi\u00f3n \u00abdesconocida\u00bb para el realizador que destaca la <strong>\u00abpeligrosidad\u00bb a la que se enfrentan estos profesionales.<\/strong><\/p>\n<p>\u00abEmpec\u00e9 a escribir sobre la petroqu\u00edmica que hay en Huelva y termin\u00e9 dando con los buzos profesionales,<strong> algo muy llamativo porque desconoc\u00eda un poco la profesi\u00f3n<\/strong>. Su labor no solamente tiene que ver con el mar, sino tambi\u00e9n con los puertos, barcos, reparaciones, con construcciones bajo el agua. Hacen de todo\u00bb, explica Rodr\u00edguez.<\/p>\n<p>Uno de los aspectos que m\u00e1s destaca de los buzos profesionales es la frase que le dijo uno de ellos durante el proceso de documentaci\u00f3n para la cinta. \u00abPara ellos, un d\u00eda bueno es aquel en el que no se mojan. En el momento que ellos van al agua, su vida corre peligro\u00bb, asegura. Tras estas entrevistas, estos hombres \u00abanfibios\u00bb, como \u00e9l mismo les define,<strong> le sirvi\u00f3 de inspiraci\u00f3n para el papel que interpreta Antonio de la Torre.<\/strong><\/p>\n<p>\u00abNos pareci\u00f3 muy interesante que fuera<strong> un hombre s\u00faper dotado debajo del agua, pero que en el momento que toca la superficie todo lo haga mal<\/strong>\u00ab, detalla. &#8216;Los tigres&#8217; est\u00e1 formada por tres capas, seg\u00fan su creador. En primer lugar, la trama se inicia en forma de &#8216;thriller&#8217;, para tener una \u00absubcapa\u00bb cuando comienzan las inmersiones de los protagonistas, quienes se enfrentan a un drama familiar en la \u00faltima etapa.<\/p>\n<p>Sin embargo, la dificultad lleg\u00f3 a la hora de rodar porque no fue consciente del gui\u00f3n que hab\u00eda preparado. \u00ab<strong>Nos dimos cuenta de que iba a ser muy complicado por lo que trat\u00e1bamos de contar.<\/strong> No hemos querido hacer nada que fuera inveros\u00edmil o que pens\u00e1ramos que estaba fuera de la realidad\u00bb, asegura Alberto Rodr\u00edguez, en relaci\u00f3n a las numerosas inmersiones que realizan los actores.<\/p>\n<p>El realizador ensalza el trabajo de Antonio de la Torre y B\u00e1rbara Lennie al encarnar a estos hermanos. \u00abAntonio se mantiene muy activo, es un tipo muy deportista que se cuida mucho y ten\u00eda mucho que ver con parte de lo que \u00edbamos buscando. En el caso de B\u00e1rbara, le gust\u00f3 mucho el gui\u00f3n y tiene una intuici\u00f3n enorme. Es muy f\u00e1cil trabajar con ella\u00bb, ha enfatizado.<\/p>\n<p><strong>DOBLETE EN SAN SEBASTI\u00c1N<\/strong><\/p>\n<p>Una de las curiosidades de la 73 edici\u00f3n es que Alberto Rodr\u00edguez llega a San Sebasti\u00e1n con un<strong> doblete de estrenos.<\/strong> Adem\u00e1s de &#8216;Los Tigres&#8217;, el cineasta estrenar\u00e1 fuera de concurso &#8216;Anatom\u00eda de un instante&#8217;, adaptaci\u00f3n del libro de Javier Cercas sobre el golpe del 23-F.<\/p>\n<p>\u00abTodo ha confluido en el tiempo y se ha cristalizado en el festival al que voy con la responsabilidad de llevar dos proyectos, uno muy personal y otro que es un encargo, que es &#8216;Anatom\u00eda de un instante'\u00bb, ha afirmado.<\/p>\n<p>En clave personal, Alberto Rodr\u00edguez celebra este doblete porque as\u00ed podr\u00e1 vivir durante m\u00e1s d\u00edas el Festival de San Sebasti\u00e1n. \u00abEspero aprovechar para poder ver cine y poder disfrutar de la ciudad y de sus pinchos\u00bb, ha bromeado.<\/p>\n<p>Antonio de la Torre y B\u00e1rbara Lennie son <strong>dos hermanos buzos en &#8216;Los tigres&#8217;<\/strong>, el angustioso thriller subacu\u00e1tico dirigido por Alberto Rodr\u00edguez que se ha presentado este s\u00e1bado en San Sebasti\u00e1n tras un rodaje tan complejo que gener\u00f3 ataques de ansiedad a sus protagonistas, que estuvieron un a\u00f1o sin volver a hacer pel\u00edculas.<\/p>\n<p>Los tres han ofrecido una rueda de prensa en el Festival de Cine Internacional de Donostia<strong> tras la proyecci\u00f3n de esta pel\u00edcula, producida por Movistar Plus+<\/strong>, que compite por la Concha de Oro. Es la primera espa\u00f1ola a concurso de la secci\u00f3n oficial que se abri\u00f3 este viernes 19 y que se extender\u00e1 hasta el pr\u00f3ximo s\u00e1bado 27, cuando se conocer\u00e1 el palmar\u00e9s.<\/p>\n<p>En la trama, e<strong>l Tigre es un buzo imbatible, al que su hermana asiste desde la barcaza en que trabajan<\/strong>. Pero Estrella es tambi\u00e9n su cable a tierra, ya que \u00e9l es un verdadero desastre y se enfrenta a una dif\u00edcil situaci\u00f3n econ\u00f3mica que cree poder resolver cuando encuentra un alijo de coca\u00edna escondido en el casco de un petrolero.<\/p>\n<p>Antonio de la Torre hace un <strong>complicado papel f\u00edsico y mental para interpretar a un personaje que tiene su mismo nombre,<\/strong> ya que desde el principio pensaron en \u00e9l al escribirla, ha confesado Alberto Rodr\u00edguez, con el que trabaj\u00f3 en pel\u00edculas como &#8216;La isla m\u00ednima&#8217;.<\/p>\n<p>El actor ha explicado que para preparar los personajes fueron auxiliados por buzos profesionales.<strong> \u00abEstamos hablando de un colectivo de unos mil en Espa\u00f1a y que son como obreros debajo del agua.<\/strong> Es una presi\u00f3n que es un disparate, peor que la mina. Intent\u00e9 entender c\u00f3mo vive esta gente, y vampirizar su realidad\u00bb, ha enfatizado.<\/p>\n<p>Pero adem\u00e1s, ha contado an\u00e9cdotas que reflejan la dureza de una trama que en buena parte se desarrolla bajo el mar. \u00abFue ponerme el casco y la botella para empezar a respirar por la boca e <strong>inmediatamente me dio un ataque de ansiedad.<\/strong> Esto el primer d\u00eda estando en la superficie\u00bb, dice el actor, que sin embargo acab\u00f3 siendo capaz de ofrecer toda una variedad interpretativa bajo el agua.<\/p>\n<p>Otro momento en que tambi\u00e9n tuvo que<strong> \u00abpelear contra la angustia\u00bb fue una secuencia en que se queda dormido bajo el mar y empez\u00f3 a entrarle agua en las gafas<\/strong>. \u00abYa ten\u00eda el ojo agobiado y digo, bueno, voy a salir porque no puedo m\u00e1s. Pero pens\u00e9, es que como salga, luego voy a volver que tener que bajar otra vez para hacerlo\u00bb, ha recordado.<\/p>\n<p>Por su parte, Lennie tiene menos secuencias sumergida, pero igualmente tuvo que prepararse como buzo.<strong> \u00abAhora nos re\u00edmos, pero realmente fue una pel\u00edcula muy compleja, muy dura,<\/strong> muy ardua para todo el equipo. Yo he tardado un a\u00f1o en volver a rodar. Hubo algo de gran aventura entre lo f\u00edsico y lo emocional\u00bb, ha relatado la actriz, que aborda su primer papel protagonista desde que naci\u00f3 su hija.<\/p>\n<p>El director Alberto Rodr\u00edguez ha explicado que descubrieron que <strong>\u00abtodas las reglas que se usan en un rodaje en superficie no nos serv\u00edan para nada\u00bb,<\/strong> y aprendieron que \u00abla manera de hacerlo era planificarlo todo\u00bb. \u00abAntes de meternos en el agua todo el mundo ten\u00eda que tener clar\u00edsimo lo que \u00edbamos buscando, incluso con planos dibujados, porque no hay tiempo para m\u00e1s\u00bb, ha detallado.<\/p>\n<p>Junto a<strong> esta capa m\u00e1s f\u00edsica de la pel\u00edcula, se encuentra otra emocional<\/strong> que describe la relaci\u00f3n entre los hermanos, condicionada por su padre buzo, que es lo que les ha generado el conflicto que padecen, ha explicado el coguionista, Rafael Cobos.<\/p>\n<p>\u00abLa relaci\u00f3n que mantienen es muy compleja porque tuvieron un trato distinto con \u00e9l. Y forma parte de ese espacio mitol\u00f3gico donde fueron, de alg\u00fan modo, felices y por una vez en su vida vivieron en equilibrio. Pero de alg\u00fan modo es tambi\u00e9n la condena que sufren y padecen, la espina que les ha condicionado\u00bb, ha a\u00f1adido.<\/p>\n","protected":false},"excerpt":{"rendered":"El cineasta sevillano Alberto Rodr\u00edguez, que presenta este s\u00e1bado su nueva pel\u00edcula &#8216;Los Tigres&#8217; con la que compite&hellip;\n","protected":false},"author":2,"featured_media":129366,"comment_status":"","ping_status":"","sticky":false,"template":"","format":"standard","meta":{"footnotes":""},"categories":[91],"tags":[146,147,25,24,23],"class_list":{"0":"post-129365","1":"post","2":"type-post","3":"status-publish","4":"format-standard","5":"has-post-thumbnail","7":"category-entretenimiento","8":"tag-entertainment","9":"tag-entretenimiento","10":"tag-es","11":"tag-espana","12":"tag-spain"},"share_on_mastodon":{"url":"","error":""},"_links":{"self":[{"href":"https:\/\/www.europesays.com\/es\/wp-json\/wp\/v2\/posts\/129365","targetHints":{"allow":["GET"]}}],"collection":[{"href":"https:\/\/www.europesays.com\/es\/wp-json\/wp\/v2\/posts"}],"about":[{"href":"https:\/\/www.europesays.com\/es\/wp-json\/wp\/v2\/types\/post"}],"author":[{"embeddable":true,"href":"https:\/\/www.europesays.com\/es\/wp-json\/wp\/v2\/users\/2"}],"replies":[{"embeddable":true,"href":"https:\/\/www.europesays.com\/es\/wp-json\/wp\/v2\/comments?post=129365"}],"version-history":[{"count":0,"href":"https:\/\/www.europesays.com\/es\/wp-json\/wp\/v2\/posts\/129365\/revisions"}],"wp:featuredmedia":[{"embeddable":true,"href":"https:\/\/www.europesays.com\/es\/wp-json\/wp\/v2\/media\/129366"}],"wp:attachment":[{"href":"https:\/\/www.europesays.com\/es\/wp-json\/wp\/v2\/media?parent=129365"}],"wp:term":[{"taxonomy":"category","embeddable":true,"href":"https:\/\/www.europesays.com\/es\/wp-json\/wp\/v2\/categories?post=129365"},{"taxonomy":"post_tag","embeddable":true,"href":"https:\/\/www.europesays.com\/es\/wp-json\/wp\/v2\/tags?post=129365"}],"curies":[{"name":"wp","href":"https:\/\/api.w.org\/{rel}","templated":true}]}}