{"id":129373,"date":"2025-09-21T10:46:11","date_gmt":"2025-09-21T10:46:11","guid":{"rendered":"https:\/\/www.europesays.com\/es\/129373\/"},"modified":"2025-09-21T10:46:11","modified_gmt":"2025-09-21T10:46:11","slug":"alerta-naranja-lluvia-castellon-aemet-eleva-a-naranja-la-alerta-por-lluvias-en-una-zona-de-castellon","status":"publish","type":"post","link":"https:\/\/www.europesays.com\/es\/129373\/","title":{"rendered":"ALERTA NARANJA LLUVIA CASTELL\u00d3N | Aemet eleva a naranja la alerta por lluvias en una zona de Castell\u00f3n"},"content":{"rendered":"<p class=\"ft-text\">La Agencia Estatal de Meteorolog\u00eda (<a class=\"ft-link ft-link--decoration\" href=\"https:\/\/www.aemet.es\/es\/portada\" rel=\"nofollow noopener\" target=\"_blank\">Aemet<\/a>) ya hab\u00eda advertido que el <strong>domingo iba a ser un d\u00eda lluvioso en Castell\u00f3n<\/strong>. No en vano, hab\u00eda <a class=\"ft-link ft-link--decoration\" href=\"https:\/\/www.elperiodicomediterraneo.com\/castello-provincia\/2025\/09\/19\/verano-trae-bajada-temperaturas-castellon-121739227.html\" rel=\"nofollow noopener\" target=\"_blank\">activado la alerta amarilla en todo el territorio provincial<\/a>.<\/p>\n<p class=\"ft-text\">Sin embargo, la constante <strong>actualizaci\u00f3n de las previsiones<\/strong> ha hecho que se haya elevado a naranja la alerta en una zona de Castell\u00f3n, donde se pueden alcanzar los 40 litros por metro cuadrado en el plazo de solo una hora, puede caer <strong>granizo grande<\/strong> y soplar rachas muy fuertes de viento.<\/p>\n<p>Alerta naranja<\/p>\n<p class=\"ft-text\">Este aviso afecta, en concreto, al<strong> todo el litoral de la provincia y estar\u00e1 activo desde las 12.00 hasta las 22.00 horas<\/strong>.<\/p>\n<p class=\"ft-text\">Esta actualizaci\u00f3n no afecta al resto del territorio, donde se esperan lluvias que pueden alcanzar los 20 litros por metro cuadrado en una hora.<\/p>\n<p>Bajada de las temperaturas<\/p>\n<p class=\"ft-text\">Esto vendr\u00e1 acompa\u00f1ado de un <a class=\"ft-link ft-link--decoration\" href=\"https:\/\/www.elperiodicomediterraneo.com\/castello-provincia\/2025\/09\/21\/alerta-en-castellon-el-otono-llega-con-lluvias-y-bajada-del-mercurio-121788804.html\" rel=\"nofollow noopener\" target=\"_blank\">descenso de las temperaturas que se va a notar mucho ya esta pr\u00f3xima semana<\/a>. Los term\u00f3metros ir\u00e1n suavizando sus m\u00e1ximas por la entrada de un\u00a0<strong>chorro polar<\/strong>, y tambi\u00e9n las m\u00ednimas, con una<strong>\u00a0ca\u00edda del mercurio entre los 4 y los 6 grados<\/strong>\u00a0en las m\u00e1ximas y\u00a0<strong>hasta de 6 en las m\u00ednimas<\/strong>, sobre todo en las zonas de interior, donde har\u00e1 m\u00e1s fresco, con registros 100% oto\u00f1ales.<\/p>\n<p class=\"ft-text ft-helper-align-justify\">Esta es la predicci\u00f3n de Aemet cara a los pr\u00f3ximos d\u00edas:<\/p>\n<p>Castell\u00f3<\/p>\n<p>Morella<\/p>\n<p>Pe\u00f1\u00edscola<\/p>\n<p>Segorbe<\/p>\n<p>Vinar\u00f2s<\/p>\n<p>La Vall d&#8217;Uix\u00f3<\/p>\n<p>Alcal\u00e0 de Xivert<\/p>\n<p>Onda<\/p>\n<p>Vall d&#8217;Alba<\/p>\n","protected":false},"excerpt":{"rendered":"La Agencia Estatal de Meteorolog\u00eda (Aemet) ya hab\u00eda advertido que el domingo iba a ser un d\u00eda lluvioso&hellip;\n","protected":false},"author":2,"featured_media":129374,"comment_status":"","ping_status":"","sticky":false,"template":"","format":"standard","meta":{"footnotes":""},"categories":[8],"tags":[2980,3830,41638,17,18,41636,8369,25,24,13,14,11,19,20,41637,6194,13110,9,10,15,16,23,12,21,22],"class_list":{"0":"post-129373","1":"post","2":"type-post","3":"status-publish","4":"format-standard","5":"has-post-thumbnail","7":"category-espana","8":"tag-aemet","9":"tag-alerta","10":"tag-alerta-naranja","11":"tag-breaking-news","12":"tag-breakingnews","13":"tag-el-tiempo-en-castellon","14":"tag-eleva","15":"tag-es","16":"tag-espana","17":"tag-featured-news","18":"tag-featurednews","19":"tag-headlines","20":"tag-latest-news","21":"tag-latestnews","22":"tag-lluvia-en-castellon","23":"tag-lluvias","24":"tag-naranja","25":"tag-news","26":"tag-noticias","27":"tag-noticias-destacadas","28":"tag-noticiasdestacadas","29":"tag-spain","30":"tag-titulares","31":"tag-ultimas-noticias","32":"tag-ultimasnoticias"},"share_on_mastodon":{"url":"","error":""},"_links":{"self":[{"href":"https:\/\/www.europesays.com\/es\/wp-json\/wp\/v2\/posts\/129373","targetHints":{"allow":["GET"]}}],"collection":[{"href":"https:\/\/www.europesays.com\/es\/wp-json\/wp\/v2\/posts"}],"about":[{"href":"https:\/\/www.europesays.com\/es\/wp-json\/wp\/v2\/types\/post"}],"author":[{"embeddable":true,"href":"https:\/\/www.europesays.com\/es\/wp-json\/wp\/v2\/users\/2"}],"replies":[{"embeddable":true,"href":"https:\/\/www.europesays.com\/es\/wp-json\/wp\/v2\/comments?post=129373"}],"version-history":[{"count":0,"href":"https:\/\/www.europesays.com\/es\/wp-json\/wp\/v2\/posts\/129373\/revisions"}],"wp:featuredmedia":[{"embeddable":true,"href":"https:\/\/www.europesays.com\/es\/wp-json\/wp\/v2\/media\/129374"}],"wp:attachment":[{"href":"https:\/\/www.europesays.com\/es\/wp-json\/wp\/v2\/media?parent=129373"}],"wp:term":[{"taxonomy":"category","embeddable":true,"href":"https:\/\/www.europesays.com\/es\/wp-json\/wp\/v2\/categories?post=129373"},{"taxonomy":"post_tag","embeddable":true,"href":"https:\/\/www.europesays.com\/es\/wp-json\/wp\/v2\/tags?post=129373"}],"curies":[{"name":"wp","href":"https:\/\/api.w.org\/{rel}","templated":true}]}}