{"id":129383,"date":"2025-09-21T10:55:10","date_gmt":"2025-09-21T10:55:10","guid":{"rendered":"https:\/\/www.europesays.com\/es\/129383\/"},"modified":"2025-09-21T10:55:10","modified_gmt":"2025-09-21T10:55:10","slug":"el-baskonia-se-desinfla-ante-el-real-madrid","status":"publish","type":"post","link":"https:\/\/www.europesays.com\/es\/129383\/","title":{"rendered":"El Baskonia se desinfla ante el Real Madrid"},"content":{"rendered":"<p><a class=\"v-mdl-ath__fig-a\" href=\"https:\/\/www.elcorreo.com\/autor\/carlos-perez-de-arrilucea-80.html\" title=\"Carlos P\u00e9rez de Arrilucea\" rel=\"nofollow noopener\" target=\"_blank\"><br \/>\n<img decoding=\"async\" class=\"v-mdl-ath__img\" src=\"https:\/\/www.europesays.com\/es\/wp-content\/uploads\/2025\/08\/autor-80-foto-2.jpeg\" alt=\"Carlos P\u00e9rez de Arrilucea\"\/><br \/>\n<\/a><\/p>\n<p class=\"v-mdl-ath__p v-mdl-ath__p--6\">\nS\u00e1bado, 20 de septiembre 2025<\/p>\n<p>| Actualizado 21\/09\/2025 08:23h.<\/p>\n<p class=\"v-p\">El Baskonia ha cerrado el Trofeo EncestaR\u00edas con una nueva derrota, pero con mejores sensaciones que en el duelo inaugural ante el Valencia. El conjunto azulgrana ha cedido ante el Real Madrid despu\u00e9s de firmar una buena primera parte con lo que incluso su pudo vislumbrar la posibilidad de traerse de Pontevedra el triunfo ante un gigante tambi\u00e9n inmerso en su particular fase de rodaje. Sin embargo, el duelo se hizo demasiado largo para los de Galbiati, que protagonizaron momentos demasiado largos de desconexi\u00f3n a lo largo de una segunda mitad en la que el dominio pas\u00f3 a manos merengues. <\/p>\n<p class=\"v-p\">Al menos, los azulgranas dejaron algunos destellos y tramo en los que su baloncesto lleg\u00f3 a adquirir cierto sentido, una misi\u00f3n casi imposible en una pretemporada marcada por la llegada escalonada de los internacionales y los contratiempos f\u00edsicos. Diakite, con fiebre, y Hrabar, aquejado de problemas musculares, fueron baja de \u00faltima hora ante el Madrid, lo que redujo todav\u00eda m\u00e1s la n\u00f3mina de jugadores disponibles para el t\u00e9cnico italiano. Los problemas quedaron aparcados y el Baskonia pele\u00f3 dos primeros cuartos de un partido disputado al ritmo bajo, como si las piernas pesaran tras el desgaste acumulado del choque disputado el d\u00eda anterior. <\/p>\n<p class=\"v-p\">Los puntos de Spagnolo y la energ\u00eda de Diallo ayudaron al Baskonia a irse en el marcador con un 7-15 mediado el primer cuarto. Andr\u00e9s Feliz era la referencia principal de un Madrid sometido a la cadencia azulgrana, superado por la inteligencia de Frisch, el m\u00e1s destacado en las filas vitorianas, y el juego frontal al aro de Samanic, v\u00eda casi \u00fanica para intentar sacar a Tavares de su \u00e1rea de influencia. En su segundo choque de pretemporada, Luwawu-Cabarrot fue tambi\u00e9n una pieza m\u00e1s integrada y presente en el juego de ataque baskonista. <\/p>\n<p class=\"v-p\">Mientras, el Madrid perd\u00eda a un Llull excluido del encuentro tras cometer una antideportiva y forzar una t\u00e9cnica por protestar. Fue un momento de dispersi\u00f3n merengue que el Baskonia supo aprovechar para alejarse en el luminoso (19-29, minuto 13). La reacci\u00f3n madridista lleg\u00f3 de la mano de Campazzo, Okeke y Tavares. Sufri\u00f3 el Baskonia bajo los aros, por momentos desbordado ante el despliegue f\u00edsico del rival. Encaj\u00f3 un parcial de 21-9 que le hizo perder pie para llegar al descanso por debajo en el luminoso (21-9). <\/p>\n<p class=\"v-p\">El Baskonia se notar\u00eda con menos fuerza y con mayores lagunas en su baloncesto tras el descanso. Se destap\u00f3 Procida como certero triplista para permitir al Madrid tomar el mando del encuentro. Busc\u00f3 Galbiati la fluidez con diferentes permutas, con Spagnolo de base o Cabarrot como manejador de bal\u00f3n para asegurar en lo posible la circulaci\u00f3n de bal\u00f3n. Fueron medidas de socorro puntuales que no cortaron el despegue de un Madrid que cerr\u00f3 el tercer cuarto con un 68-59 a favor. <\/p>\n<p class=\"v-p\">La t\u00f3nica se mantuvo durante los minutos iniciales de la \u00faltima entrega, pero el Baskonia encontr\u00f3 la manera de impedir otra diferencia abultada, un riesgo que se hac\u00eda evidente cuando el plantel de Scariolo alcanz\u00f3 su m\u00e1xima ventaja de quince puntos (74-59, minuto 357). Irrumpi\u00f3 Cl\u00e9ment Frisch como referente anotador azulgrana desde su inteligencia para encontrar buenas posiciones de tiro en el per\u00edmetro. El franc\u00e9s, que firm\u00f3 20 puntos, y 19 de valoraci\u00f3n, dej\u00f3 su impronta como jugador de trazo fino, listo y capaz de tapar ese f\u00edsico &#8216;terrenal&#8217; para puestos interiores con mucha movilidad y criterio en el juego. <\/p>\n<p>Comenta<\/p>\n<p>Reporta un error<\/p>\n","protected":false},"excerpt":{"rendered":"S\u00e1bado, 20 de septiembre 2025 | Actualizado 21\/09\/2025 08:23h. El Baskonia ha cerrado el Trofeo EncestaR\u00edas con una&hellip;\n","protected":false},"author":2,"featured_media":129384,"comment_status":"","ping_status":"","sticky":false,"template":"","format":"standard","meta":{"footnotes":""},"categories":[269],"tags":[1575,299,298,4714,168,41639,25,24,205,798,23,167],"class_list":{"0":"post-129383","1":"post","2":"type-post","3":"status-publish","4":"format-standard","5":"has-post-thumbnail","7":"category-baloncesto","8":"tag-ante","9":"tag-baloncesto","10":"tag-basketball","11":"tag-baskonia","12":"tag-deportes","13":"tag-desinfla","14":"tag-es","15":"tag-espana","16":"tag-madrid","17":"tag-real","18":"tag-spain","19":"tag-sports"},"share_on_mastodon":{"url":"","error":""},"_links":{"self":[{"href":"https:\/\/www.europesays.com\/es\/wp-json\/wp\/v2\/posts\/129383","targetHints":{"allow":["GET"]}}],"collection":[{"href":"https:\/\/www.europesays.com\/es\/wp-json\/wp\/v2\/posts"}],"about":[{"href":"https:\/\/www.europesays.com\/es\/wp-json\/wp\/v2\/types\/post"}],"author":[{"embeddable":true,"href":"https:\/\/www.europesays.com\/es\/wp-json\/wp\/v2\/users\/2"}],"replies":[{"embeddable":true,"href":"https:\/\/www.europesays.com\/es\/wp-json\/wp\/v2\/comments?post=129383"}],"version-history":[{"count":0,"href":"https:\/\/www.europesays.com\/es\/wp-json\/wp\/v2\/posts\/129383\/revisions"}],"wp:featuredmedia":[{"embeddable":true,"href":"https:\/\/www.europesays.com\/es\/wp-json\/wp\/v2\/media\/129384"}],"wp:attachment":[{"href":"https:\/\/www.europesays.com\/es\/wp-json\/wp\/v2\/media?parent=129383"}],"wp:term":[{"taxonomy":"category","embeddable":true,"href":"https:\/\/www.europesays.com\/es\/wp-json\/wp\/v2\/categories?post=129383"},{"taxonomy":"post_tag","embeddable":true,"href":"https:\/\/www.europesays.com\/es\/wp-json\/wp\/v2\/tags?post=129383"}],"curies":[{"name":"wp","href":"https:\/\/api.w.org\/{rel}","templated":true}]}}