{"id":1294,"date":"2025-07-25T04:04:12","date_gmt":"2025-07-25T04:04:12","guid":{"rendered":"https:\/\/www.europesays.com\/es\/1294\/"},"modified":"2025-07-25T04:04:12","modified_gmt":"2025-07-25T04:04:12","slug":"el-baloncesto-sevilla-solicitara-medidas-cautelares-al-consejo-superior-de-deportes-tras-la-negativa-de-la-acb","status":"publish","type":"post","link":"https:\/\/www.europesays.com\/es\/1294\/","title":{"rendered":"El Baloncesto Sevilla solicitar\u00e1 medidas cautelares al Consejo Superior de Deportes tras la negativa de la ACB"},"content":{"rendered":"<p>\u00abEntendemos que esta medida es necesaria para salvaguardar nuestros derechos e intereses, y confiamos en que el CSD actuar\u00e1 con la responsabilidad y celeridad que la situaci\u00f3n requiere\u00bb, explica el club en un comunicado en sus redes sociales<\/p>\n<p><img fetchpriority=\"high\" class=\"voc-img\" src=\"https:\/\/www.europesays.com\/es\/wp-content\/uploads\/2025\/07\/betis-baloncesto-celebracion-madrid-RUhRwZiICgkYVbuddH8ogsK-1200x840@diario_abc.jpg\" loading=\"eager\" decoding=\"async\" alt=\"La plantilla del Betis Baloncesto, celebrando el ascenso deportivo el 8 de junio en la Caja M\u00e1gica, en Madrid\" width=\"1200\" height=\"840\"\/><\/p>\n<p>La plantilla del Betis Baloncesto, celebrando el ascenso deportivo el 8 de junio en la Caja M\u00e1gica, en Madrid    FEB  <\/p>\n<p><img decoding=\"async\" class=\"voc-author__img\" src=\"https:\/\/www.europesays.com\/es\/wp-content\/uploads\/2025\/07\/autor-3704-foto-1.jpeg\" alt=\"Sergio A. \u00c1vila\"\/><\/p>\n<p>24\/07\/2025<br \/>\n<br \/><strong><br \/>\nActualizado 25\/07\/2025 a las 02:54h.<br \/>\n<\/strong><\/p>\n<p class=\"voc-p\" style=\"\">Una hora tard\u00f3 en pronunciarse el <strong>Baloncesto Sevilla<\/strong> contra la resoluci\u00f3n de la <strong>ACB<\/strong> por la que rechaza la afiliaci\u00f3n del equipo hispalense para que pueda diputar la Liga Endesa. Como se preve\u00eda, el club sevillano que pertenece al Grupo Hereda y presidente <strong>Pedro Fern\u00e1ndez<\/strong> (y al que la ACB se refiere como Real Betis Baloncesto SAD) no se quedar\u00eda de brazos cruzados si la resoluci\u00f3n de la Asociaci\u00f3n iba en contra de sus intereses. El Baloncesto Sevilla, seg\u00fan ha informado, acudir\u00e1 ahora al <strong>Consejo Superior de Deportes (CSD)<\/strong> en busca de medidas cautelares que permitan su ingreso en la ACB tras conseguir el ascenso deportivo, que luego no ha podido ratificar en los despachos, el 8 de junio en la Caja M\u00e1gica de Madrid. <\/p>\n<p class=\"voc-p\" style=\"\"> El comunicado emitido por el club en sus redes sociales reza \u00edntegramente as\u00ed: \u00abTras la decisi\u00f3n adoptada hoy por la Asamblea General de la ACB, en la que se ha rechazado nuestra solicitud de afiliaci\u00f3n para la temporada 2025-26, <strong>el club ha decidido acudir al Consejo Superior de Deportes (CSD) para solicitar la adopci\u00f3n de medidas cautelares<\/strong>. Entendemos que esta medida es necesaria para salvaguardar nuestros derechos e intereses, y confiamos en que el CSD actuar\u00e1 con la responsabilidad y celeridad que la situaci\u00f3n requiere. <strong>El club seguir\u00e1 trabajando con la m\u00e1xima seriedad y compromiso, manteniendo informada a su afici\u00f3n y a todos los estamentos deportivos sobre cualquier novedad que se produzca en el proceso<\/strong>\u00bb.<\/p>\n<blockquote class=\"twitter-tweet\">\n<p lang=\"es\" dir=\"ltr\">Comunicado Oficial<\/p>\n<p>Tras la decisi\u00f3n adoptada hoy por la Asamblea General de la ACB, en la que se ha rechazado nuestra solicitud de afiliaci\u00f3n para la temporada 2025-26, el club ha decidido acudir al Consejo Superior de Deportes (CSD) para solicitar la adopci\u00f3n de medidas\u2026 <a href=\"https:\/\/t.co\/JNITfn7bbn\" rel=\"nofollow\">pic.twitter.com\/JNITfn7bbn<\/a><\/p>\n<p>\u2014 Baloncesto Sevilla (@BaloncestoSev) <a href=\"https:\/\/twitter.com\/BaloncestoSev\/status\/1948346643142578278?ref_src=twsrc%5Etfw\" rel=\"nofollow noopener\" target=\"_blank\">July 24, 2025<\/a><\/p><\/blockquote>\n<p class=\"voc-p\" style=\"\"> De este modo, el <strong>Baloncesto Sevilla<\/strong> inicia ahora otro camino alternativo para la defensa de sus intereses del que est\u00e1 por ver qu\u00e9 recorrido tiene. En ABC de Sevilla ya se inform\u00f3 a principios de esta semana que el club recurrir\u00eda a otras instancias y a la <a href=\"https:\/\/www.abc.es\/deportes\/sevilla\/baloncesto-sevilla-acudira-via-judicial-plaza-acb-20250721182324-nts.html\" target=\"_self\" data-voc-vtm-id=\"in-text-traffic\" title=\"v\u00eda judicial\" data-mrf-link=\"www.abc.es\" rel=\"nofollow noopener\">v\u00eda judicial<\/a>, como ya hicieron antes otros clubes contra la ACB, entre ellos el Obradoiro, el Ourense o el propio Baloncesto Sevilla, entonces Real Betis Energ\u00eda Plus seg\u00fan su denominaci\u00f3n comercial, en 2017.<\/p>\n<p>Reportar un error<\/p>\n<p><script async src=\"https:\/\/platform.twitter.com\/widgets.js\" charset=\"utf-8\"><\/script><\/p>\n","protected":false},"excerpt":{"rendered":"\u00abEntendemos que esta medida es necesaria para salvaguardar nuestros derechos e intereses, y confiamos en que el CSD&hellip;\n","protected":false},"author":2,"featured_media":1295,"comment_status":"","ping_status":"","sticky":false,"template":"","format":"standard","meta":{"footnotes":""},"categories":[269],"tags":[302,1575,299,298,1574,1576,168,25,24,596,1578,1171,1573,23,167,1577],"class_list":{"0":"post-1294","1":"post","2":"type-post","3":"status-publish","4":"format-standard","5":"has-post-thumbnail","7":"category-baloncesto","8":"tag-acb","9":"tag-ante","10":"tag-baloncesto","11":"tag-basketball","12":"tag-cautelares","13":"tag-consejo","14":"tag-deportes","15":"tag-es","16":"tag-espana","17":"tag-medidas","18":"tag-resolucion","19":"tag-sevilla","20":"tag-solicitara","21":"tag-spain","22":"tag-sports","23":"tag-superior"},"share_on_mastodon":{"url":"","error":""},"_links":{"self":[{"href":"https:\/\/www.europesays.com\/es\/wp-json\/wp\/v2\/posts\/1294","targetHints":{"allow":["GET"]}}],"collection":[{"href":"https:\/\/www.europesays.com\/es\/wp-json\/wp\/v2\/posts"}],"about":[{"href":"https:\/\/www.europesays.com\/es\/wp-json\/wp\/v2\/types\/post"}],"author":[{"embeddable":true,"href":"https:\/\/www.europesays.com\/es\/wp-json\/wp\/v2\/users\/2"}],"replies":[{"embeddable":true,"href":"https:\/\/www.europesays.com\/es\/wp-json\/wp\/v2\/comments?post=1294"}],"version-history":[{"count":0,"href":"https:\/\/www.europesays.com\/es\/wp-json\/wp\/v2\/posts\/1294\/revisions"}],"wp:featuredmedia":[{"embeddable":true,"href":"https:\/\/www.europesays.com\/es\/wp-json\/wp\/v2\/media\/1295"}],"wp:attachment":[{"href":"https:\/\/www.europesays.com\/es\/wp-json\/wp\/v2\/media?parent=1294"}],"wp:term":[{"taxonomy":"category","embeddable":true,"href":"https:\/\/www.europesays.com\/es\/wp-json\/wp\/v2\/categories?post=1294"},{"taxonomy":"post_tag","embeddable":true,"href":"https:\/\/www.europesays.com\/es\/wp-json\/wp\/v2\/tags?post=1294"}],"curies":[{"name":"wp","href":"https:\/\/api.w.org\/{rel}","templated":true}]}}