{"id":129411,"date":"2025-09-21T11:11:09","date_gmt":"2025-09-21T11:11:09","guid":{"rendered":"https:\/\/www.europesays.com\/es\/129411\/"},"modified":"2025-09-21T11:11:09","modified_gmt":"2025-09-21T11:11:09","slug":"el-costa-del-sol-malaga-conquista-la-copa-de-andalucia-en-almeria-federacion-andaluza-balonmano","status":"publish","type":"post","link":"https:\/\/www.europesays.com\/es\/129411\/","title":{"rendered":"El Costa del Sol M\u00e1laga conquista la Copa de Andaluc\u00eda en Almer\u00eda &#8211; Federaci\u00f3n Andaluza Balonmano"},"content":{"rendered":"<ol>\n<li><a href=\"https:\/\/news.google.com\/rss\/articles\/CBMilAFBVV95cUxONU9tWmpsZGtocVB2WEVSNGd1WUxPNjZROF8yNjY0eFdnSHJSUF9idlZaTi14SjByWUhrZ3pyRUVfQkFOclc2ZzNHTmhXMDltUzlsdmlnWWdPQWItZi1JVWY4RWx6bXB3bGd5dDNLYV82NlRsVWNkWVVuZjA2dE1ndzNteXNIeVF6Qjg4RWdLdXlNdXdv?oc=5\" target=\"_blank\" rel=\"nofollow noopener\">El Costa del Sol M\u00e1laga conquista la Copa de Andaluc\u00eda en Almer\u00eda<\/a>&nbsp;&nbsp;Federaci\u00f3n Andaluza Balonmano<\/li>\n<li><a href=\"https:\/\/news.google.com\/rss\/articles\/CBMifEFVX3lxTFBGcEhPbmcteHpQLVdaTHAtWkhyTkx1RDQ3WFVwckVVcmJ1X2hXQldpOVp6eUJQbXNvdWRfMVFsOGhjaGNiS01sT3JNNHlvRk5ma2FtdzhOQ192VVo1SXhZbHVIM2VqajRJZWxpcElJUE1oUXBpMkZsYXZibDTSAZABQVVfeXFMT2RfejQ0cExCeXFBeWU4X3hsdWFwSTdhYTZyT01VNnZCbjBMVHpVN0JoTFpSQjI4X0UtdnNsM29QZHJWZWtDUWE0X0lRaEVBSWdXdUZ0MGktODlQRjNHYmlzRTI1aFd6SWI3TTkxanEzd0VsYVQ4YXRYWUlvNW9SNm1NRmpUVjVMbWx2OGx0bzVx?oc=5\" target=\"_blank\" rel=\"nofollow noopener\">El Costa del Sol \u201creza\u201d a su novena<\/a>&nbsp;&nbsp;Diario AS<\/li>\n<li><a href=\"https:\/\/news.google.com\/rss\/articles\/CBMisgFBVV95cUxQU3hUNWNHVDIyRUVPeU51bERxbDBxVTV4NFNUZkY0aDJGXy1jWDJsdGxoRThzMXJ1a0N1RUwweUhwSGxvdDRmQmdpMVZod0s1YzRkUnl0d0FORGp4RC1ZWlp1dlZQTlpoN09XWERoS185MGdXNWQ3QVZnT1ZKcXc3ak1UMV80OGd3T3lpdndRZEJwUnBZZHduTERmcVQwNHZSd25Lb0Z6YmlQV2NsRnBaOENB?oc=5\" target=\"_blank\" rel=\"nofollow noopener\">El Costa del Sol M\u00e1laga, campe\u00f3n de Andaluc\u00eda de balonmano<\/a>&nbsp;&nbsp;Canal Sur<\/li>\n<li><a href=\"https:\/\/news.google.com\/rss\/articles\/CBMiowFBVV95cUxPM0sta1l1b1pXUjB4cm9CZXM1b01rbmdNcVBYWTY1eEJRZW54dXpBLXJCTWVuRU9YMk1jSEN5dGdjQnR4bnpTMXUtTlktQlJ1WTF0V0dUUHlmdDVVaU9CbjF3UE5WMlpCczN6S0VLOUxpVExMOWdwQ054aGd4M29VYWxORnl2dW4wRmVuMFVRNENvc3NDc2Vfc094eHFtWWtjMUw0?oc=5\" target=\"_blank\" rel=\"nofollow noopener\">Duelo por el cetro andaluz entre Costa del Sol M\u00e1laga y RAHI-Sepisur C\u00f3rdoba<\/a>&nbsp;&nbsp;Federaci\u00f3n Andaluza Balonmano<\/li>\n<li><a href=\"https:\/\/news.google.com\/rss\/articles\/CBMimwFBVV95cUxNcE55eDR2emQ4VlVfYkhCWFV0SnBfQjNXNTltVnJ1bTRwbW9RM0o1NW9xNHN2Ympab2RoNFlCT051UERNMXNFQ0ZQbHdQam4wazhCSlA3RVhCc1NyMjNJR0YxQ2s0dXJETllhdUFuZlI4SHlFcE8xTUl6ZFVraGxVakN3cng5OTdTRjV1QlVYNzFuTGh0OHJaUFhoNA?oc=5\" target=\"_blank\" rel=\"nofollow noopener\">Un Rahi-Sepisur C\u00f3rdoba fall\u00f3n cae en la final de la Copa Andaluc\u00eda<\/a>&nbsp;&nbsp;Cordobadeporte<\/li>\n<\/ol>\n","protected":false},"excerpt":{"rendered":"El Costa del Sol M\u00e1laga conquista la Copa de Andaluc\u00eda en Almer\u00eda&nbsp;&nbsp;Federaci\u00f3n Andaluza Balonmano El Costa del Sol&hellip;\n","protected":false},"author":2,"featured_media":129412,"comment_status":"","ping_status":"","sticky":false,"template":"","format":"standard","meta":{"footnotes":""},"categories":[278],"tags":[376,168,25,24,375,23,167],"class_list":{"0":"post-129411","1":"post","2":"type-post","3":"status-publish","4":"format-standard","5":"has-post-thumbnail","7":"category-balonmano","8":"tag-balonmano","9":"tag-deportes","10":"tag-es","11":"tag-espana","12":"tag-handball","13":"tag-spain","14":"tag-sports"},"share_on_mastodon":{"url":"","error":""},"_links":{"self":[{"href":"https:\/\/www.europesays.com\/es\/wp-json\/wp\/v2\/posts\/129411","targetHints":{"allow":["GET"]}}],"collection":[{"href":"https:\/\/www.europesays.com\/es\/wp-json\/wp\/v2\/posts"}],"about":[{"href":"https:\/\/www.europesays.com\/es\/wp-json\/wp\/v2\/types\/post"}],"author":[{"embeddable":true,"href":"https:\/\/www.europesays.com\/es\/wp-json\/wp\/v2\/users\/2"}],"replies":[{"embeddable":true,"href":"https:\/\/www.europesays.com\/es\/wp-json\/wp\/v2\/comments?post=129411"}],"version-history":[{"count":0,"href":"https:\/\/www.europesays.com\/es\/wp-json\/wp\/v2\/posts\/129411\/revisions"}],"wp:featuredmedia":[{"embeddable":true,"href":"https:\/\/www.europesays.com\/es\/wp-json\/wp\/v2\/media\/129412"}],"wp:attachment":[{"href":"https:\/\/www.europesays.com\/es\/wp-json\/wp\/v2\/media?parent=129411"}],"wp:term":[{"taxonomy":"category","embeddable":true,"href":"https:\/\/www.europesays.com\/es\/wp-json\/wp\/v2\/categories?post=129411"},{"taxonomy":"post_tag","embeddable":true,"href":"https:\/\/www.europesays.com\/es\/wp-json\/wp\/v2\/tags?post=129411"}],"curies":[{"name":"wp","href":"https:\/\/api.w.org\/{rel}","templated":true}]}}